{"id":218979,"date":"2016-03-26T20:27:54","date_gmt":"2016-03-26T20:27:54","guid":{"rendered":"http:\/\/diariodominicano.ddns.net\/?p=218979"},"modified":"2016-03-26T20:27:54","modified_gmt":"2016-03-26T20:27:54","slug":"gustavo-montalvo-supervisa-unidad-canina-de-la-defensa-civil","status":"publish","type":"post","link":"https:\/\/diariodominicano.com\/?p=218979","title":{"rendered":"Gustavo Montalvo supervisa Unidad Canina de la Defensa Civil"},"content":{"rendered":"<p><body><\/p>\n<p><img decoding=\"async\" src=\"img3\/Portada2.jpg\" \/>  <\/p>\n<p><span class=\"text1noticias\">Santo Domingo, R. D., 26 de marzo (DICOM).- El ministro de la Presidencia, Gustavo Montalvo, acompa\u00f1ado de la viceministra Zoraima Cuello, recorri\u00f3 hoy las instalaciones de la Unidad Canina Especializada para el Rescate de las Personas en Edificios colapsados de la Defensa Civil.<\/span><\/p>\n<p><span class=\"text1noticias\"> <\/span><\/p>\n<p><span class=\"text1noticias\">Montalvo, en su recorrido por los organismos de socorro, como el Centro de Operaciones de Emergencias y la Defensa Civil, visit\u00f3 esta unidad, la cual tiene como objetivo dar mayor respuesta a la poblaci\u00f3n en momentos de desastres.<\/span><\/p>\n<p><span class=\"text1noticias\"> <\/span><\/p>\n<p><span class=\"text1noticias\">Importancia de la Unidad Canina<\/span><\/p>\n<p><span class=\"text1noticias\"> <\/span><\/p>\n<p><span class=\"text1noticias\">El ministro de la Presidencia destac\u00f3 que debido a esto, es que se han amaestrado los caminos, a fin de ampliar la b\u00fasqueda, ya que por su habilidad, los perros no solo detectan bombas y drogas, sino tambi\u00e9n personas.<\/span><\/p>\n<p><span class=\"text1noticias\"> <\/span><\/p>\n<p><span class=\"text1noticias\">Agreg\u00f3 que esta unidad canina, que se suma a las ya existentes, cuenta con diez perros instruidos por entrenadores certificados internacionalmente. Dijo que los mismos  est\u00e1n especializados para rescatar personas vivas y fallecidas en estructuras colapsadas.<\/span><\/p>\n<p><span class=\"text1noticias\"> <\/span><\/p>\n<p><span class=\"text1noticias\">Brindar Servicios de Calidad<\/span><\/p>\n<p><span class=\"text1noticias\"> <\/span><\/p>\n<p><span class=\"text1noticias\">De su lado, el director de la Defensa Civil, general Rafael de Luna Pichirilo, quien inform\u00f3 sobre la importancia de estas unidades en momentos de tragedias, adelant\u00f3 que  la entidad que representa, cada d\u00eda avanza para brindar mayor calidad en sus servicios a la poblaci\u00f3n, \u00abes por esto que los perros contar\u00e1n con entrenadores permanentes y capacitados\u00bb. <\/span><\/p>\n<p><span class=\"text1noticias\"> <\/span><\/p>\n<p><span class=\"text1noticias\">De igual forma, detall\u00f3 que se preparan con equipos y maquinarias, as\u00ed como con estrategias que faciliten un mejor servicio a la ciudadan\u00eda, acorde a los organismos internacionales, debido a que el pa\u00eds se mantiene en un alto nivel s\u00edsmico.<\/span><\/p>\n<p><span class=\"text1noticias\"> <\/span><\/p>\n<p><span class=\"text1noticias\">Esta visita del ministro Montalvo junto a la tambi\u00e9n vocera del Sistema Nacional de Atenci\u00f3n a Emergencias y Seguridad 911,  por la Unidad Canina de la Defensa Civil, forman parte de los trabajos de supervisi\u00f3n de los operativo que realizan diversas instituciones gubernamentales en esta Semana San<\/span>ta 2016.<\/p>\n<h6> 2016-03-26 20:27:54 <\/h6>\n<p><!--\n<link rel=\"stylesheet\" href=\"css\/bootstrap.min.css\">\n\n\n<ul class=\"pagination\">\n\t    \n\t\n\n<li >\n\t<a href='?page_no=13346'>Previous<\/a>\n\t<\/li>\n\n\n       \n    \n\n<li><a href='?page_no=1'>1<\/a><\/li>\n\n\n\n<li><a href='?page_no=2'>2<\/a><\/li>\n\n\n\n<li><a>...<\/a><\/li>\n\n\n\n<li><a href='?page_no=13345'>13345<\/a><\/li>\n\n\n\n<li><a href='?page_no=13346'>13346<\/a><\/li>\n\n\n\n<li class='active'><a>13347<\/a><\/li>\n\n\n\n<li><a href='?page_no=13348'>13348<\/a><\/li>\n\n\n\n<li><a href='?page_no=13349'>13349<\/a><\/li>\n\n\n\n<li><a>...<\/a><\/li>\n\n\n\n<li><a href='?page_no=56169'>56169<\/a><\/li>\n\n\n\n<li><a href='?page_no=56170'>56170<\/a><\/li>\n\n    \n\t\n\n<li >\n\t<a href='?page_no=13348'>Next<\/a>\n\t<\/li>\n\n\n    \n\n<li><a href='?page_no=56170'>Last &rsaquo;&rsaquo;<\/a><\/li>\n\n<\/ul>\n\n\n--><br \/>\n<\/body><\/p>\n","protected":false},"excerpt":{"rendered":"<p>Santo Domingo, R. D., 26 de marzo (DICOM).- El ministro de la Presidencia, Gustavo Montalvo, acompa\u00f1ado de la viceministra Zoraima Cuello, recorri\u00f3 hoy las instalaciones de la Unidad Canina Especializada para el Rescate de las Personas en Edificios colapsados de la Defensa Civil. Montalvo, en su recorrido por los organismos de socorro, como el Centro [&hellip;]<\/p>\n","protected":false},"author":3,"featured_media":0,"comment_status":"open","ping_status":"open","sticky":false,"template":"","format":"standard","meta":{"footnotes":""},"categories":[20],"tags":[],"class_list":["post-218979","post","type-post","status-publish","format-standard","hentry","category-dominicana-hoy"],"_links":{"self":[{"href":"https:\/\/diariodominicano.com\/index.php?rest_route=\/wp\/v2\/posts\/218979","targetHints":{"allow":["GET"]}}],"collection":[{"href":"https:\/\/diariodominicano.com\/index.php?rest_route=\/wp\/v2\/posts"}],"about":[{"href":"https:\/\/diariodominicano.com\/index.php?rest_route=\/wp\/v2\/types\/post"}],"author":[{"embeddable":true,"href":"https:\/\/diariodominicano.com\/index.php?rest_route=\/wp\/v2\/users\/3"}],"replies":[{"embeddable":true,"href":"https:\/\/diariodominicano.com\/index.php?rest_route=%2Fwp%2Fv2%2Fcomments&post=218979"}],"version-history":[{"count":0,"href":"https:\/\/diariodominicano.com\/index.php?rest_route=\/wp\/v2\/posts\/218979\/revisions"}],"wp:attachment":[{"href":"https:\/\/diariodominicano.com\/index.php?rest_route=%2Fwp%2Fv2%2Fmedia&parent=218979"}],"wp:term":[{"taxonomy":"category","embeddable":true,"href":"https:\/\/diariodominicano.com\/index.php?rest_route=%2Fwp%2Fv2%2Fcategories&post=218979"},{"taxonomy":"post_tag","embeddable":true,"href":"https:\/\/diariodominicano.com\/index.php?rest_route=%2Fwp%2Fv2%2Ftags&post=218979"}],"curies":[{"name":"wp","href":"https:\/\/api.w.org\/{rel}","templated":true}]}}