{"id":218978,"date":"2016-03-26T20:47:03","date_gmt":"2016-03-26T20:47:03","guid":{"rendered":"http:\/\/diariodominicano.ddns.net\/?p=218978"},"modified":"2016-03-26T20:47:03","modified_gmt":"2016-03-26T20:47:03","slug":"consideran-estocada-a-puerto-rico-la-junta-federal-de-control-fiscal","status":"publish","type":"post","link":"https:\/\/diariodominicano.com\/?p=218978","title":{"rendered":"Consideran estocada a Puerto Rico la junta federal de control fiscal"},"content":{"rendered":"<p><body><\/p>\n<p><img decoding=\"async\" src=\"img3\/Puerto Rico.jpg\" \/>  <\/p>\n<p>San Juan, 26 mar (PL) Como la ir\u00f3nica \u00abculminaci\u00f3n\u00bb del Estado Libre Asociado (ELA) de Puerto Rico a Estados Unidos caracteriz\u00f3 hoy el dirigente independentista Juan Dalmau Ram\u00edrez ante el proyectado establecimiento de una junta federal de control fiscal.<\/p>\n<\/p>\n<p>\u00abLa Constituci\u00f3n del ELA no vale el papel donde est\u00e1 escrita, exhortamos al repudio total de los puertorrique\u00f1os\u00bb, expres\u00f3 el secretario general del Partido Independentista Puertorrique\u00f1o (PIP) al repudiar el organismo que se impulsa el Congreso de Estados Unidos.<\/p>\n<\/p>\n<p>Para Dalmau Ram\u00edrez, la \u00abjunta de control fiscal es la culminaci\u00f3n del ELA\u00bb, como tanto ha reclamado el oficialista Partido Popular Democr\u00e1tico (PPD), que lo defiende desde su instauraci\u00f3n en 1952 como una forma de autonom\u00eda frente a la dominaci\u00f3n colonial de Estados Unidos.<\/p>\n<\/p>\n<p>\u00abSeparar el tema de la crisis fiscal del tema de subordinaci\u00f3n pol\u00edtica es no comprender en toda su magnitud la ra\u00edz del problema\u00bb, advirti\u00f3 el dirigente independentista puertorrique\u00f1o.<\/p>\n<\/p>\n<p>La junta federal de control fiscal contar\u00eda con poderes cuasi absolutos sobre el gobierno electo de Puerto Rico para el manejo de las finanzas p\u00fablicas, como una forma de atender la crisis fiscal y la deuda de casi 70 mil millones de d\u00f3lares.<\/p>\n<\/p>\n<p>El gobierno puertorrique\u00f1o intenta negociar con sus acreedores sobre 45 mil millones de d\u00f3lares de la deuda, ante lo que est\u00e1n renuentes los tenedores de los fondos buitres.<\/p>\n<\/p>\n<p>El mecanismo que impulsan los republicanos en el Congreso de Estados Unidos coloca a esta isla del Caribe de 3,5 millones de habitantes en una indefensi\u00f3n, a la vez que la retrotrae a principios del siglo pasado, cuando Washington designaba a sus gobernantes.<\/p>\n<\/p>\n<p>\u00abEl borrador establece que el gobernador tiene que reportarse cada tres meses ante la junta (de control fiscal), que goza de inmunidad en cuanto a sus determinaciones con respecto al presupuesto del pa\u00eds, y ni (el mandatario) ni la Legislatura pueden supervisar (sus) acciones\u00bb, expres\u00f3 Dalmau Ram\u00edrez, aspirante a senador por el PIP en las elecciones de noviembre pr\u00f3ximo.<\/p>\n<\/p>\n<p>Precis\u00f3 que la Constituci\u00f3n del ELA no vale el papel donde est\u00e1 escrita; desenmascarada queda la ficticia autonom\u00eda fiscal del ELA colonial de la que tanto hablaron los l\u00edderes del PPD.<\/p>\n<\/p>\n<p>\u00abCorresponde ahora exigir con contundencia y dignidad que el Congreso se enfrente al problema pol\u00edtico de Puerto Rico\u00bb, indic\u00f3 Dalmau Ram\u00edrez.<\/p>\n<\/p>\n<p>Record\u00f3 que esta situaci\u00f3n se hab\u00eda anticipado, mas los l\u00edderes del oficialista PPD y el anexionista Partido Nuevo Progresista (PNP) prefirieron recurrir a una rogativa en los c\u00edrculos de poder en Washington.<\/p>\n<\/p>\n<p>\u00abComo siempre, acudieron al Congreso con el lomo doblado y la mano extendida pidiendo una limosnita por el amor de Dios\u00bb, ironiz\u00f3 el dirigente pol\u00edtico.<\/p>\n<\/p>\n<p>Para Dalmau Ram\u00edrez, \u00abla respuesta fue la m\u00e1s reciente humillaci\u00f3n colonial\u00bb.<\/p>\n<\/p>\n<p>\u00abEl establecimiento de esta junta de control federal no es para atender la crisis de Puerto Rico, es para atender los deseos de los acreedores buitres\u00bb, recalc\u00f3 el secretario general del PIP.<\/p>\n<h6> 2016-03-26 20:47:03 <\/h6>\n<p><!--\n<link rel=\"stylesheet\" href=\"css\/bootstrap.min.css\">\n\n\n<ul class=\"pagination\">\n\t    \n\t\n\n<li >\n\t<a href='?page_no=13345'>Previous<\/a>\n\t<\/li>\n\n\n       \n    \n\n<li><a href='?page_no=1'>1<\/a><\/li>\n\n\n\n<li><a href='?page_no=2'>2<\/a><\/li>\n\n\n\n<li><a>...<\/a><\/li>\n\n\n\n<li><a href='?page_no=13344'>13344<\/a><\/li>\n\n\n\n<li><a href='?page_no=13345'>13345<\/a><\/li>\n\n\n\n<li class='active'><a>13346<\/a><\/li>\n\n\n\n<li><a href='?page_no=13347'>13347<\/a><\/li>\n\n\n\n<li><a href='?page_no=13348'>13348<\/a><\/li>\n\n\n\n<li><a>...<\/a><\/li>\n\n\n\n<li><a href='?page_no=56169'>56169<\/a><\/li>\n\n\n\n<li><a href='?page_no=56170'>56170<\/a><\/li>\n\n    \n\t\n\n<li >\n\t<a href='?page_no=13347'>Next<\/a>\n\t<\/li>\n\n\n    \n\n<li><a href='?page_no=56170'>Last &rsaquo;&rsaquo;<\/a><\/li>\n\n<\/ul>\n\n\n--><br \/>\n<\/body><\/p>\n","protected":false},"excerpt":{"rendered":"<p>San Juan, 26 mar (PL) Como la ir\u00f3nica \u00abculminaci\u00f3n\u00bb del Estado Libre Asociado (ELA) de Puerto Rico a Estados Unidos caracteriz\u00f3 hoy el dirigente independentista Juan Dalmau Ram\u00edrez ante el proyectado establecimiento de una junta federal de control fiscal. \u00abLa Constituci\u00f3n del ELA no vale el papel donde est\u00e1 escrita, exhortamos al repudio total de [&hellip;]<\/p>\n","protected":false},"author":3,"featured_media":0,"comment_status":"open","ping_status":"open","sticky":false,"template":"","format":"standard","meta":{"footnotes":""},"categories":[20],"tags":[],"class_list":["post-218978","post","type-post","status-publish","format-standard","hentry","category-dominicana-hoy"],"_links":{"self":[{"href":"https:\/\/diariodominicano.com\/index.php?rest_route=\/wp\/v2\/posts\/218978","targetHints":{"allow":["GET"]}}],"collection":[{"href":"https:\/\/diariodominicano.com\/index.php?rest_route=\/wp\/v2\/posts"}],"about":[{"href":"https:\/\/diariodominicano.com\/index.php?rest_route=\/wp\/v2\/types\/post"}],"author":[{"embeddable":true,"href":"https:\/\/diariodominicano.com\/index.php?rest_route=\/wp\/v2\/users\/3"}],"replies":[{"embeddable":true,"href":"https:\/\/diariodominicano.com\/index.php?rest_route=%2Fwp%2Fv2%2Fcomments&post=218978"}],"version-history":[{"count":0,"href":"https:\/\/diariodominicano.com\/index.php?rest_route=\/wp\/v2\/posts\/218978\/revisions"}],"wp:attachment":[{"href":"https:\/\/diariodominicano.com\/index.php?rest_route=%2Fwp%2Fv2%2Fmedia&parent=218978"}],"wp:term":[{"taxonomy":"category","embeddable":true,"href":"https:\/\/diariodominicano.com\/index.php?rest_route=%2Fwp%2Fv2%2Fcategories&post=218978"},{"taxonomy":"post_tag","embeddable":true,"href":"https:\/\/diariodominicano.com\/index.php?rest_route=%2Fwp%2Fv2%2Ftags&post=218978"}],"curies":[{"name":"wp","href":"https:\/\/api.w.org\/{rel}","templated":true}]}}