{"id":218976,"date":"2016-03-27T22:01:55","date_gmt":"2016-03-27T22:01:55","guid":{"rendered":"http:\/\/diariodominicano.ddns.net\/?p=218976"},"modified":"2016-03-27T22:01:55","modified_gmt":"2016-03-27T22:01:55","slug":"amet-califica-exitoso-operativo-para-garantizar-seguridad-vial","status":"publish","type":"post","link":"https:\/\/diariodominicano.com\/?p=218976","title":{"rendered":"AMET califica exitoso operativo para garantizar seguridad vial"},"content":{"rendered":"<p><body><\/p>\n<p><img decoding=\"async\" src=\"img3\/Carreteo 24.jpg\" \/>  <\/p>\n<p><span class=\"text1noticias\">Santo Domingo, R. D., 27 de marzo.- El director de la Autoridad Metropolitana de Transporte (AMET), general Frener Bello Arias, calific\u00f3 como exitosa la jornada preventiva desplegada por esa instituci\u00f3n durante la Semana Santa 2016, con el objetivo de garantizar la seguridad vial en las autopistas y carreteras del pa\u00eds.<\/span><\/p>\n<p><span class=\"text1noticias\"> <\/span><\/p>\n<p><span class=\"text1noticias\">De igual forma, el general Bello Arias resalt\u00f3 el buen comportamiento mostrado por los conductores en las v\u00edas, en especial en los denominados carreteos que implementaron en distintas autopistas.<\/span><\/p>\n<p><span class=\"text1noticias\"> <\/span><\/p>\n<p><span class=\"text1noticias\">\u00abDebemos felicitar a toda la ciudadan\u00eda por el buen comportamiento que mostraron en las autopistas y carreteras del pa\u00eds, lo cual contribuy\u00f3 a la reducci\u00f3n de accidentes\u00bb, dijo el director del organismo encargado de regular el tr\u00e1nsito.   <\/span><\/p>\n<p><span class=\"text1noticias\">Explic\u00f3 que m\u00e1s de 30 unidades y unos 600 agentes fueron apostados en las autopistas para garantizar el regreso seguro  de todos los vacacionistas.<\/span><\/p>\n<p><span class=\"text1noticias\"> <\/span><\/p>\n<p><span class=\"text1noticias\">\u00abNuestra prioridad ha sido garantizar la seguridad vial de todos los conductores durante el asueto de la Semana Santa\u00bb, agreg\u00f3.<\/span><\/p>\n<p><span class=\"text1noticias\">Destac\u00f3 el respaldo del Ministerio de Obras P\u00fablicas (MOPC) para lograr una reducci\u00f3n de accidentes y un efectivo carreteo.<\/span><\/p>\n<p><span class=\"text1noticias\"> <\/span><\/p>\n<p><span class=\"text1noticias\">-Acciones<\/span><\/p>\n<p><span class=\"text1noticias\">La AMET mantuvo las acciones preventivas de manera permanente, por lo que durante el asueto fueron retenidas m\u00e1s de 5,000 motocicletas por ser sorprendidos sus conductores transitando sin cascos protectores.<\/span><\/p>\n<p><span class=\"text1noticias\"> <\/span><\/p>\n<p><span class=\"text1noticias\">Tambi\u00e9n fueron retenidos m\u00e1s de 180 veh\u00edculos pesados por transitar sin los permisos corresondientes. Se report\u00f3, adem\u00e1s, que fueron fiscalizados conductores de camiones y autobuses por transitar en carriles izquierdos.<\/span><\/p>\n<p><span class=\"text1noticias\"> <\/span><\/p>\n<p><span class=\"text1noticias\">En tanto que 115 conductores de camionetas fueron fiscalizados por ser sorprendidos transportando personas en las partes tra<\/span>seras.<\/p>\n<h6> 2016-03-27 22:01:55 <\/h6>\n<p><!--\n<link rel=\"stylesheet\" href=\"css\/bootstrap.min.css\">\n\n\n<ul class=\"pagination\">\n\t    \n\t\n\n<li >\n\t<a href='?page_no=13343'>Previous<\/a>\n\t<\/li>\n\n\n       \n    \n\n<li><a href='?page_no=1'>1<\/a><\/li>\n\n\n\n<li><a href='?page_no=2'>2<\/a><\/li>\n\n\n\n<li><a>...<\/a><\/li>\n\n\n\n<li><a href='?page_no=13342'>13342<\/a><\/li>\n\n\n\n<li><a href='?page_no=13343'>13343<\/a><\/li>\n\n\n\n<li class='active'><a>13344<\/a><\/li>\n\n\n\n<li><a href='?page_no=13345'>13345<\/a><\/li>\n\n\n\n<li><a href='?page_no=13346'>13346<\/a><\/li>\n\n\n\n<li><a>...<\/a><\/li>\n\n\n\n<li><a href='?page_no=56169'>56169<\/a><\/li>\n\n\n\n<li><a href='?page_no=56170'>56170<\/a><\/li>\n\n    \n\t\n\n<li >\n\t<a href='?page_no=13345'>Next<\/a>\n\t<\/li>\n\n\n    \n\n<li><a href='?page_no=56170'>Last &rsaquo;&rsaquo;<\/a><\/li>\n\n<\/ul>\n\n\n--><br \/>\n<\/body><\/p>\n","protected":false},"excerpt":{"rendered":"<p>Santo Domingo, R. D., 27 de marzo.- El director de la Autoridad Metropolitana de Transporte (AMET), general Frener Bello Arias, calific\u00f3 como exitosa la jornada preventiva desplegada por esa instituci\u00f3n durante la Semana Santa 2016, con el objetivo de garantizar la seguridad vial en las autopistas y carreteras del pa\u00eds. De igual forma, el general [&hellip;]<\/p>\n","protected":false},"author":3,"featured_media":0,"comment_status":"open","ping_status":"open","sticky":false,"template":"","format":"standard","meta":{"footnotes":""},"categories":[20],"tags":[],"class_list":["post-218976","post","type-post","status-publish","format-standard","hentry","category-dominicana-hoy"],"_links":{"self":[{"href":"https:\/\/diariodominicano.com\/index.php?rest_route=\/wp\/v2\/posts\/218976","targetHints":{"allow":["GET"]}}],"collection":[{"href":"https:\/\/diariodominicano.com\/index.php?rest_route=\/wp\/v2\/posts"}],"about":[{"href":"https:\/\/diariodominicano.com\/index.php?rest_route=\/wp\/v2\/types\/post"}],"author":[{"embeddable":true,"href":"https:\/\/diariodominicano.com\/index.php?rest_route=\/wp\/v2\/users\/3"}],"replies":[{"embeddable":true,"href":"https:\/\/diariodominicano.com\/index.php?rest_route=%2Fwp%2Fv2%2Fcomments&post=218976"}],"version-history":[{"count":0,"href":"https:\/\/diariodominicano.com\/index.php?rest_route=\/wp\/v2\/posts\/218976\/revisions"}],"wp:attachment":[{"href":"https:\/\/diariodominicano.com\/index.php?rest_route=%2Fwp%2Fv2%2Fmedia&parent=218976"}],"wp:term":[{"taxonomy":"category","embeddable":true,"href":"https:\/\/diariodominicano.com\/index.php?rest_route=%2Fwp%2Fv2%2Fcategories&post=218976"},{"taxonomy":"post_tag","embeddable":true,"href":"https:\/\/diariodominicano.com\/index.php?rest_route=%2Fwp%2Fv2%2Ftags&post=218976"}],"curies":[{"name":"wp","href":"https:\/\/api.w.org\/{rel}","templated":true}]}}