{"id":218974,"date":"2016-03-28T12:08:01","date_gmt":"2016-03-28T12:08:01","guid":{"rendered":"http:\/\/diariodominicano.ddns.net\/?p=218974"},"modified":"2016-03-28T12:08:01","modified_gmt":"2016-03-28T12:08:01","slug":"falpo-llama-a-paro-por-48-martes-y-miercoles-en-moca","status":"publish","type":"post","link":"https:\/\/diariodominicano.com\/?p=218974","title":{"rendered":"FALPO llama a paro por 48 Martes y Mi\u00e9rcoles en Moca"},"content":{"rendered":"<p><body><\/p>\n<p><img decoding=\"async\" src=\"img3\/unnamed.jpg\" \/>  <\/p>\n<p><span class=\"text1noticias\">Moca, R. D., 28 de marzo.- El Frente Amplio de Lucha Popular (FALPO) ratifico en el dia de  hoy un llamado a huelga  para este Martes y Mi\u00e9rcoles, por 48 horas, en las comunidades de el Per\u00fa, La U, los Santos, San Francisco Abajo y otras comunidades de la parte baja de moca, en reclamo de  promesas incumplidas por el presidente Danilo Medina.<\/span><\/p>\n<p><span class=\"text1noticias\">?<\/span><\/p>\n<p><span class=\"text1noticias\">V\u00edctor Bret\u00f3n coordinador y vocero del FALPO dijo que la paralizaci\u00f3n, que ser\u00e1 por 48 horas es decir inicia este Martes 29 de Marzo a las 6:00 AM hasta el Jueves 31, a las 6:00 de la ma\u00f1ana.<\/span><\/p>\n<p><span class=\"text1noticias\"> <\/span><\/p>\n<p><span class=\"text1noticias\">\u00abFALPO estar\u00e1 asumiendo de manera responsable la huelga que por 48 horas en estas comunidades, en reclamo de la construcci\u00f3n  de las carreteras que comunican a estas comunidades, as\u00ed como la regulaci\u00f3n del servicio de Agua Potable y la soluci\u00f3n de otros problemas no solucionados por irresponsabilidad del gobierno, principalmente del presidente Danilo Medina y el Gobernador de la Provincia Dilon\u00e9 Ovalle,  que no han cumplido con lo que promesas \u00ab, declar\u00f3 Bret\u00f3n.<\/span><\/p>\n<p><span class=\"text1noticias\"> <\/span><\/p>\n<p><span class=\"text1noticias\">El dirigente popular  quien ha estado junto a los moradores de la comunidades en lucha, inform\u00f3 que la jornada es c\u00edvica y, por lo tanto, pac\u00edfica.<\/span><\/p>\n<p><span class=\"text1noticias\"> <\/span><\/p>\n<p><span class=\"text1noticias\">Entienden los moradores que es  como una burla y una desconsideraci\u00f3n a una comunidad econ\u00f3micamente activa, bien organizada y trabajadora como esta, que en otras zonas cercanas se est\u00e1n asfaltando, sin que estas est\u00e9n en tan mal estado como la calle de estas comunidades.<\/span><\/p>\n<p><span class=\"text1noticias\"> <\/span><\/p>\n<p><span class=\"text1noticias\">El llamado es realizado por las juntas de Vecinos de la comunidad, Clubes, as\u00ed tambi\u00e9n como las las Iglesias, con el respaldo y apoyo del FALPO. <\/span><\/p>\n<p><span class=\"text1noticias\"> <\/span><\/p>\n<p><span class=\"text1noticias\">V\u00edctor Bret\u00f3n, al hablar a nombre del FALPO,  advirti\u00f3 que la entidad  continuar\u00e1 junto a estas comunidades porque est\u00e1 demostrado a trav\u00e9s de la historia en Rep\u00fablica Dominicana que los funcionarios, \u00absolo escuchan a los pueblos cuando estos se rebelan y deciden  reclamar sus derechos en la ca<\/span>lle\u00bb.<\/p>\n<h6> 2016-03-28 12:08:01 <\/h6>\n<p><!--\n<link rel=\"stylesheet\" href=\"css\/bootstrap.min.css\">\n\n\n<ul class=\"pagination\">\n\t    \n\t\n\n<li >\n\t<a href='?page_no=13341'>Previous<\/a>\n\t<\/li>\n\n\n       \n    \n\n<li><a href='?page_no=1'>1<\/a><\/li>\n\n\n\n<li><a href='?page_no=2'>2<\/a><\/li>\n\n\n\n<li><a>...<\/a><\/li>\n\n\n\n<li><a href='?page_no=13340'>13340<\/a><\/li>\n\n\n\n<li><a href='?page_no=13341'>13341<\/a><\/li>\n\n\n\n<li class='active'><a>13342<\/a><\/li>\n\n\n\n<li><a href='?page_no=13343'>13343<\/a><\/li>\n\n\n\n<li><a href='?page_no=13344'>13344<\/a><\/li>\n\n\n\n<li><a>...<\/a><\/li>\n\n\n\n<li><a href='?page_no=56169'>56169<\/a><\/li>\n\n\n\n<li><a href='?page_no=56170'>56170<\/a><\/li>\n\n    \n\t\n\n<li >\n\t<a href='?page_no=13343'>Next<\/a>\n\t<\/li>\n\n\n    \n\n<li><a href='?page_no=56170'>Last &rsaquo;&rsaquo;<\/a><\/li>\n\n<\/ul>\n\n\n--><br \/>\n<\/body><\/p>\n","protected":false},"excerpt":{"rendered":"<p>Moca, R. D., 28 de marzo.- El Frente Amplio de Lucha Popular (FALPO) ratifico en el dia de hoy un llamado a huelga para este Martes y Mi\u00e9rcoles, por 48 horas, en las comunidades de el Per\u00fa, La U, los Santos, San Francisco Abajo y otras comunidades de la parte baja de moca, en reclamo [&hellip;]<\/p>\n","protected":false},"author":3,"featured_media":0,"comment_status":"open","ping_status":"open","sticky":false,"template":"","format":"standard","meta":{"footnotes":""},"categories":[20],"tags":[],"class_list":["post-218974","post","type-post","status-publish","format-standard","hentry","category-dominicana-hoy"],"_links":{"self":[{"href":"https:\/\/diariodominicano.com\/index.php?rest_route=\/wp\/v2\/posts\/218974","targetHints":{"allow":["GET"]}}],"collection":[{"href":"https:\/\/diariodominicano.com\/index.php?rest_route=\/wp\/v2\/posts"}],"about":[{"href":"https:\/\/diariodominicano.com\/index.php?rest_route=\/wp\/v2\/types\/post"}],"author":[{"embeddable":true,"href":"https:\/\/diariodominicano.com\/index.php?rest_route=\/wp\/v2\/users\/3"}],"replies":[{"embeddable":true,"href":"https:\/\/diariodominicano.com\/index.php?rest_route=%2Fwp%2Fv2%2Fcomments&post=218974"}],"version-history":[{"count":0,"href":"https:\/\/diariodominicano.com\/index.php?rest_route=\/wp\/v2\/posts\/218974\/revisions"}],"wp:attachment":[{"href":"https:\/\/diariodominicano.com\/index.php?rest_route=%2Fwp%2Fv2%2Fmedia&parent=218974"}],"wp:term":[{"taxonomy":"category","embeddable":true,"href":"https:\/\/diariodominicano.com\/index.php?rest_route=%2Fwp%2Fv2%2Fcategories&post=218974"},{"taxonomy":"post_tag","embeddable":true,"href":"https:\/\/diariodominicano.com\/index.php?rest_route=%2Fwp%2Fv2%2Ftags&post=218974"}],"curies":[{"name":"wp","href":"https:\/\/api.w.org\/{rel}","templated":true}]}}