{"id":218973,"date":"2016-03-28T12:13:45","date_gmt":"2016-03-28T12:13:45","guid":{"rendered":"http:\/\/diariodominicano.ddns.net\/?p=218973"},"modified":"2016-03-28T12:13:45","modified_gmt":"2016-03-28T12:13:45","slug":"plan-social-auxilia-25-familias-afectadas-por-incendio-en-santiago","status":"publish","type":"post","link":"https:\/\/diariodominicano.com\/?p=218973","title":{"rendered":"Plan Social auxilia 25 familias afectadas por incendio en Santiago"},"content":{"rendered":"<p><body><\/p>\n<p><img decoding=\"async\" src=\"img3\/DSC_8676.JPG\" \/>  <\/p>\n<p><span class=\"text1noticias\">Santiago, R. D., 28 de marzo.- El Presidente de la Rep\u00fablica, Danilo Medina, a trav\u00e9s del Plan de Asistencia Social de la Presidencia, dispuso ayuda inmediata para los integrantes de 25 familias de escasos recursos que perdieron casi todo en un incendio que destruy\u00f3 sus viviendas y propiedades en esta ciudad de Santiago.<\/span><\/p>\n<p><span class=\"text1noticias\"> <\/span><\/p>\n<p><span class=\"text1noticias\">El siniestro ocurri\u00f3 en el Sector Fracat\u00e1n de Villa Jaragua.<\/span><\/p>\n<p><span class=\"text1noticias\">Luego de un levantamiento hecho por el Departamento de Evaluaci\u00f3n y control del Plan Social, el ingeniero Cesar Prieto, titular de esa instituci\u00f3n, dispuso que por orden del Jefe del Estado, le fueran entregadas a cada familia afectada, materiales de reparaci\u00f3n de viviendas, ajuares del hogar y raciones alimenticias.<\/span><\/p>\n<\/p>\n<p><span class=\"text1noticias\">En ese sentido y seg\u00fan el listado de dicho departamento, se hicieron las siguientes entregas:<\/span><\/p>\n<p><span class=\"text1noticias\">570 planchas de zinc, 183 enlates, 183, bajantes, 21 box spring, 15 colchones, 46 sabanas, 19 estufas de mesa, 19 cilindros de gas, 14 abanicos, y 80 raciones de alimentos crudos.<\/span><\/p>\n<p><span class=\"text1noticias\">Los beneficiarios fueron: Beneficiarios.<\/span><\/p>\n<p><span class=\"text1noticias\"> <\/span><\/p>\n<p><span class=\"text1noticias\"> 1- Yajaira Victoriano                                    14 ? Alexis Victoriano Victoriano<\/span><\/p>\n<p><span class=\"text1noticias\">2- Dinaira Victoriano Victoriano                  15 ? juan victoriano Rosario<\/span><\/p>\n<p><span class=\"text1noticias\"> <\/span><\/p>\n<p><span class=\"text1noticias\">2- Jos\u00e9 Ram\u00f3n Garc\u00eda Almanzar                  16 ? Juan Jos\u00e9 Ortiz Caraballo<\/span><\/p>\n<p><span class=\"text1noticias\"> <\/span><\/p>\n<p><span class=\"text1noticias\">3-  Pablo Antonio Mart\u00ednez Torres              17 ? Radhames de Jes\u00fas Abreu Siri<\/span><\/p>\n<p><span class=\"text1noticias\"> <\/span><\/p>\n<p><span class=\"text1noticias\">4-  Gachemy Estenio                                      18 ? Jos\u00e9 Osvaldo Abreu<\/span><\/p>\n<p><span class=\"text1noticias\"> <\/span><\/p>\n<p><span class=\"text1noticias\">5-  Francisco Prophil                                       19- Richard de Jes\u00fas Abreu Peralta<\/span><\/p>\n<p><span class=\"text1noticias\"> <\/span><\/p>\n<p><span class=\"text1noticias\">6-  Pettit Homme                                             20 ? Danilo Victoriano<\/span><\/p>\n<p><span class=\"text1noticias\"> <\/span><\/p>\n<p><span class=\"text1noticias\">7 ? Juradin Accilien                                          21 ? Ram\u00f3n Dar\u00edo Torres                                                                      <\/span><\/p>\n<p><span class=\"text1noticias\"> <\/span><\/p>\n<p><span class=\"text1noticias\">8-  Wilson Jean                                                 22 ? Nidia Pascuala P\u00e9rez Arias<\/span><\/p>\n<p><span class=\"text1noticias\"> <\/span><\/p>\n<p><span class=\"text1noticias\">9-  Sandy Victoriano Victoriano                     23 ? Mar\u00eda de la Cruz de la Rosa<\/span><\/p>\n<p><span class=\"text1noticias\"> <\/span><\/p>\n<p><span class=\"text1noticias\">10- Shaire Victoriano Victoriano                   24 ? Francis Mauis<\/span><\/p>\n<p><span class=\"text1noticias\"> <\/span><\/p>\n<p><span class=\"text1noticias\">11 &#8211; F\u00e9lix Lene Peralta                                      25- Dima de Jes\u00fas Santana Abreu<\/span><\/p>\n<p><span class=\"text1noticias\"> <\/span><\/p>\n<p><span class=\"text1noticias\">12-  Mar\u00eda Gertrudis Abreu D\u00edaz<\/span><\/p>\n<p><span class=\"text1noticias\"> <\/span><\/p>\n<p><span class=\"text1noticias\">13-  Dimas Santana N\u00fa\u00f1ez<\/span><\/p>\n<p><span class=\"text1noticias\"> <\/span><\/p>\n<p><span class=\"text1noticias\"> <\/span><\/p>\n<p><span class=\"text1noticias\">Las familias recibieron la ayuda en un operativo montado en un club cercano al lugar del incendio.<\/span><\/p>\n<p><span class=\"text1noticias\">Las palabras y gestos de agradecimiento hacia el gesto oficial estuvieron a flor de labios.<\/span><\/p>\n<p><span class=\"text1noticias\">TAMBIEN EN LA CAPITAL<\/span><\/p>\n<p><span class=\"text1noticias\">Asimismo, otras entregas a personas de escasos recursos beneficiaron a: Amaury Ernesto Aponte, residente en la calle Tunti C\u00e1ceres numero 230, Villa Juana; fue favorecido con materiales de construcci\u00f3n, electrodom\u00e9sticos y raciones de alimentos crudos.<\/span><\/p>\n<p><span class=\"text1noticias\"> Jos\u00e9 Nicol\u00e1s Arias, residente en La Esperanza n\u00famero 14,  Barrio Nuevo, distrito municipal San Luis, fue favorecido con electrodom\u00e9sticos.<\/span><\/p>\n<p><span class=\"text1noticias\"> Y Efrain Beys Chal, de la calle Luz Celeste, sin n\u00famero, sector La Empanada, distrito municipal San Luis, fue favorecido con material de construcci\u00f3n, electrodom\u00e9sticos y raciones de ali<\/span>mentos crudos.<\/p>\n<h6> 2016-03-28 12:13:45 <\/h6>\n<p><!--\n<link rel=\"stylesheet\" href=\"css\/bootstrap.min.css\">\n\n\n<ul class=\"pagination\">\n\t    \n\t\n\n<li >\n\t<a href='?page_no=13340'>Previous<\/a>\n\t<\/li>\n\n\n       \n    \n\n<li><a href='?page_no=1'>1<\/a><\/li>\n\n\n\n<li><a href='?page_no=2'>2<\/a><\/li>\n\n\n\n<li><a>...<\/a><\/li>\n\n\n\n<li><a href='?page_no=13339'>13339<\/a><\/li>\n\n\n\n<li><a href='?page_no=13340'>13340<\/a><\/li>\n\n\n\n<li class='active'><a>13341<\/a><\/li>\n\n\n\n<li><a href='?page_no=13342'>13342<\/a><\/li>\n\n\n\n<li><a href='?page_no=13343'>13343<\/a><\/li>\n\n\n\n<li><a>...<\/a><\/li>\n\n\n\n<li><a href='?page_no=56169'>56169<\/a><\/li>\n\n\n\n<li><a href='?page_no=56170'>56170<\/a><\/li>\n\n    \n\t\n\n<li >\n\t<a href='?page_no=13342'>Next<\/a>\n\t<\/li>\n\n\n    \n\n<li><a href='?page_no=56170'>Last &rsaquo;&rsaquo;<\/a><\/li>\n\n<\/ul>\n\n\n--><br \/>\n<\/body><\/p>\n","protected":false},"excerpt":{"rendered":"<p>Santiago, R. D., 28 de marzo.- El Presidente de la Rep\u00fablica, Danilo Medina, a trav\u00e9s del Plan de Asistencia Social de la Presidencia, dispuso ayuda inmediata para los integrantes de 25 familias de escasos recursos que perdieron casi todo en un incendio que destruy\u00f3 sus viviendas y propiedades en esta ciudad de Santiago. El siniestro [&hellip;]<\/p>\n","protected":false},"author":3,"featured_media":0,"comment_status":"open","ping_status":"open","sticky":false,"template":"","format":"standard","meta":{"footnotes":""},"categories":[20],"tags":[],"class_list":["post-218973","post","type-post","status-publish","format-standard","hentry","category-dominicana-hoy"],"_links":{"self":[{"href":"https:\/\/diariodominicano.com\/index.php?rest_route=\/wp\/v2\/posts\/218973","targetHints":{"allow":["GET"]}}],"collection":[{"href":"https:\/\/diariodominicano.com\/index.php?rest_route=\/wp\/v2\/posts"}],"about":[{"href":"https:\/\/diariodominicano.com\/index.php?rest_route=\/wp\/v2\/types\/post"}],"author":[{"embeddable":true,"href":"https:\/\/diariodominicano.com\/index.php?rest_route=\/wp\/v2\/users\/3"}],"replies":[{"embeddable":true,"href":"https:\/\/diariodominicano.com\/index.php?rest_route=%2Fwp%2Fv2%2Fcomments&post=218973"}],"version-history":[{"count":0,"href":"https:\/\/diariodominicano.com\/index.php?rest_route=\/wp\/v2\/posts\/218973\/revisions"}],"wp:attachment":[{"href":"https:\/\/diariodominicano.com\/index.php?rest_route=%2Fwp%2Fv2%2Fmedia&parent=218973"}],"wp:term":[{"taxonomy":"category","embeddable":true,"href":"https:\/\/diariodominicano.com\/index.php?rest_route=%2Fwp%2Fv2%2Fcategories&post=218973"},{"taxonomy":"post_tag","embeddable":true,"href":"https:\/\/diariodominicano.com\/index.php?rest_route=%2Fwp%2Fv2%2Ftags&post=218973"}],"curies":[{"name":"wp","href":"https:\/\/api.w.org\/{rel}","templated":true}]}}