{"id":218970,"date":"2016-03-28T19:41:50","date_gmt":"2016-03-28T19:41:50","guid":{"rendered":"http:\/\/diariodominicano.ddns.net\/?p=218970"},"modified":"2016-03-28T19:41:50","modified_gmt":"2016-03-28T19:41:50","slug":"danilo-medina-hablara-en-el-almuerzo-de-la-camara-americana-de-comercio","status":"publish","type":"post","link":"https:\/\/diariodominicano.com\/?p=218970","title":{"rendered":"Danilo Medina hablar\u00e1 en el Almuerzo de la C\u00e1mara Americana de Comercio"},"content":{"rendered":"<p><body><\/p>\n<p><img decoding=\"async\" src=\"img3\/Danilo i000.JPG\" \/>  <\/p>\n<p> El presidente Danilo Medina en la foto de archivo encabeza el acto de inauguraci\u00f3n de una escuela para la tanda extendida.<\/p>\n<p><span class=\"text1noticias\"> <\/span><\/p>\n<p><span class=\"text1noticias\"><strong>SANTO DOMINGO, RD, 29 de Marzo de 2016.-<\/strong> El Presidente Danilo Medina en su calidad de candidato presidencial del Partido de la Liberaci\u00f3n Dominicana y una coalici\u00f3n partidaria de catorce organizaciones pol\u00edticas, ser\u00e1 el orador  invitado este mi\u00e9rcoles en el Almuerzo de la C\u00e1mara Americana de Comercio.<\/span><\/p>\n<p><span class=\"text1noticias\"> <\/span><\/p>\n<p><span class=\"text1noticias\">La actividad se realizar\u00e1 en el Hotel Jaragua, en la avenida George Washington de la Capital. Est\u00e1n invitadas  personalidades del sector empresarial y pol\u00edtico del pa\u00eds, para  escuchar  las propuestas de gobierno del candidato a trav\u00e9s de su discurso y de las respuestas que ofrecer\u00e1   a las preguntas formuladas.<\/span><\/p>\n<p><span class=\"text1noticias\"> <\/span><\/p>\n<p><span class=\"text1noticias\">La C\u00e1mara Americana de Comercio en su portal<strong> http:\/\/www.amcham.org.do\/<\/strong> tiene en su agenda la celebraci\u00f3n de este encuentro para las 12.30 del mi\u00e9rcoles 30 de marzo con Danilo Medina,  a quien  anuncian como candidato presidencial del PLD.<\/span><\/p>\n<p><span class=\"text1noticias\"> <\/span><\/p>\n<p><span class=\"text1noticias\">En la presente campa\u00f1a electoral  la C\u00e1mara Americana de Comercio realizar\u00e1 solo dos almuerzos  con quienes afirman son  los dos principales candidatos presidenciales de las elecciones del 15 de mayo. Al Presidente Danilo Medina le corresponde este mi\u00e9rcoles.<\/span><\/p>\n<p><span class=\"text1noticias\"> <\/span><\/p>\n<p><span class=\"text1noticias\">Un despacho de la Secretar\u00eda de Comunicaciones del PLD adelanta que el Presidente Danilo Medina  expondr\u00e1 sobre  los resultados de su gesti\u00f3n de gobierno y  que adelantar\u00e1 numerosos proyectos para lo  que ser\u00e1 su segundo mandato en el periodo  2016-2020.<\/span><\/p>\n<p><span class=\"text1noticias\"> <\/span><\/p>\n<p><span class=\"text1noticias\">Una gran expectativa ha generado en los medios de comunicaci\u00f3n la exposici\u00f3n del jefe del Estado y candidato presidencial  para lo cual preparan su participaci\u00f3n y cobertura del acto. <\/span><\/p>\n<p><span class=\"text1noticias\"> <\/span><\/p>\n<\/p>\n<\/p>\n<h6> 2016-03-28 19:41:50 <\/h6>\n<p><!--\n<link rel=\"stylesheet\" href=\"css\/bootstrap.min.css\">\n\n\n<ul class=\"pagination\">\n\t    \n\t\n\n<li >\n\t<a href='?page_no=13338'>Previous<\/a>\n\t<\/li>\n\n\n       \n    \n\n<li><a href='?page_no=1'>1<\/a><\/li>\n\n\n\n<li><a href='?page_no=2'>2<\/a><\/li>\n\n\n\n<li><a>...<\/a><\/li>\n\n\n\n<li><a href='?page_no=13337'>13337<\/a><\/li>\n\n\n\n<li><a href='?page_no=13338'>13338<\/a><\/li>\n\n\n\n<li class='active'><a>13339<\/a><\/li>\n\n\n\n<li><a href='?page_no=13340'>13340<\/a><\/li>\n\n\n\n<li><a href='?page_no=13341'>13341<\/a><\/li>\n\n\n\n<li><a>...<\/a><\/li>\n\n\n\n<li><a href='?page_no=56169'>56169<\/a><\/li>\n\n\n\n<li><a href='?page_no=56170'>56170<\/a><\/li>\n\n    \n\t\n\n<li >\n\t<a href='?page_no=13340'>Next<\/a>\n\t<\/li>\n\n\n    \n\n<li><a href='?page_no=56170'>Last &rsaquo;&rsaquo;<\/a><\/li>\n\n<\/ul>\n\n\n--><br \/>\n<\/body><\/p>\n","protected":false},"excerpt":{"rendered":"<p>El presidente Danilo Medina en la foto de archivo encabeza el acto de inauguraci\u00f3n de una escuela para la tanda extendida. SANTO DOMINGO, RD, 29 de Marzo de 2016.- El Presidente Danilo Medina en su calidad de candidato presidencial del Partido de la Liberaci\u00f3n Dominicana y una coalici\u00f3n partidaria de catorce organizaciones pol\u00edticas, ser\u00e1 el [&hellip;]<\/p>\n","protected":false},"author":3,"featured_media":0,"comment_status":"open","ping_status":"open","sticky":false,"template":"","format":"standard","meta":{"footnotes":""},"categories":[20],"tags":[],"class_list":["post-218970","post","type-post","status-publish","format-standard","hentry","category-dominicana-hoy"],"_links":{"self":[{"href":"https:\/\/diariodominicano.com\/index.php?rest_route=\/wp\/v2\/posts\/218970","targetHints":{"allow":["GET"]}}],"collection":[{"href":"https:\/\/diariodominicano.com\/index.php?rest_route=\/wp\/v2\/posts"}],"about":[{"href":"https:\/\/diariodominicano.com\/index.php?rest_route=\/wp\/v2\/types\/post"}],"author":[{"embeddable":true,"href":"https:\/\/diariodominicano.com\/index.php?rest_route=\/wp\/v2\/users\/3"}],"replies":[{"embeddable":true,"href":"https:\/\/diariodominicano.com\/index.php?rest_route=%2Fwp%2Fv2%2Fcomments&post=218970"}],"version-history":[{"count":0,"href":"https:\/\/diariodominicano.com\/index.php?rest_route=\/wp\/v2\/posts\/218970\/revisions"}],"wp:attachment":[{"href":"https:\/\/diariodominicano.com\/index.php?rest_route=%2Fwp%2Fv2%2Fmedia&parent=218970"}],"wp:term":[{"taxonomy":"category","embeddable":true,"href":"https:\/\/diariodominicano.com\/index.php?rest_route=%2Fwp%2Fv2%2Fcategories&post=218970"},{"taxonomy":"post_tag","embeddable":true,"href":"https:\/\/diariodominicano.com\/index.php?rest_route=%2Fwp%2Fv2%2Ftags&post=218970"}],"curies":[{"name":"wp","href":"https:\/\/api.w.org\/{rel}","templated":true}]}}