{"id":218969,"date":"2016-03-29T11:44:55","date_gmt":"2016-03-29T11:44:55","guid":{"rendered":"http:\/\/diariodominicano.ddns.net\/?p=218969"},"modified":"2016-03-29T11:44:55","modified_gmt":"2016-03-29T11:44:55","slug":"primera-dama-llama-iluminar-de-azul-por-concienciacion-mundial-autismo","status":"publish","type":"post","link":"https:\/\/diariodominicano.com\/?p=218969","title":{"rendered":"Primera Dama llama iluminar de azul por concienciaci\u00f3n mundial autismo"},"content":{"rendered":"<p><body><\/p>\n<p><img decoding=\"async\" src=\"img3\/Autismo.jpg\" \/>  <\/p>\n<p><span class=\"text1noticias\">Santo Domingo, R. D., 29 de marzo.- Por tercer a\u00f1o consecutivo, el Despacho de la Primera Dama C\u00e1ndida Montilla de Medina realizar\u00e1 una amplia jornada de concienciaci\u00f3n sobre el Trastorno del Espectro Autista (TEA), por lo que hizo un llamado a iluminar de azul los edificios.<\/span><\/p>\n<p><span class=\"text1noticias\"> <\/span><\/p>\n<p><span class=\"text1noticias\">Esta acci\u00f3n busca respaldar la campa\u00f1a mundial \u00abLigth It Up Blue\u00bb, que impulsa la organizaci\u00f3n Autism Speaks.<\/span><\/p>\n<p><span class=\"text1noticias\"> <\/span><\/p>\n<p><span class=\"text1noticias\">Ser\u00e1 los d\u00edas 1 y 2 de abril<\/span><\/p>\n<p><span class=\"text1noticias\"> <\/span><\/p>\n<p><span class=\"text1noticias\">La campa\u00f1a internacional de \u00abAutism Speaks\u00bb, \u00abLigth It up Blue\u00bb, propone iluminar de azul las principales edificaciones p\u00fablicas y privadas de una naci\u00f3n y propiciar la vestimenta del personal con esa tonalidad, durante los d\u00edas 1 y 2 de abril.<\/span><\/p>\n<p><span class=\"text1noticias\"> <\/span><\/p>\n<p><span class=\"text1noticias\">El Despacho de la Primera Dama la impulsa con \u00e9xito en Rep\u00fablica Dominicana, en donde a cientos de entidades p\u00fablicas y privadas se les colocan luces y se invita a los empleados y allegados a colocarse alguna prenda de color azul.<\/span><\/p>\n<p><span class=\"text1noticias\"> <\/span><\/p>\n<p><span class=\"text1noticias\">Oportunidad de cultivar sus aptitudes<\/span><\/p>\n<p><span class=\"text1noticias\"> <\/span><\/p>\n<p><span class=\"text1noticias\">\u00abAl igual que en otras oportunidades, solicito que sigamos trabajando unidos y conscientes de que debemos brindar a las personas que poseen Trastornos del Espectro Autista la oportunidad de cultivar sus aptitudes, en reconocimiento de sus derechos\u00bb, dijo Montilla de Medina.<\/span><\/p>\n<p><span class=\"text1noticias\"> <\/span><\/p>\n<p><span class=\"text1noticias\">Seguiremos ayud\u00e1ndolos con nuestro cari\u00f1o y cuidados<\/span><\/p>\n<p><span class=\"text1noticias\"> <\/span><\/p>\n<p><span class=\"text1noticias\">Tambi\u00e9n consider\u00f3 necesario facilitar a ni\u00f1os y ni\u00f1as con TEA las herramientas necesarias para que puedan tener una vida productiva y un futuro m\u00e1s promisorio, en igualdad de condiciones.<\/span><\/p>\n<p><span class=\"text1noticias\"> <\/span><\/p>\n<p><span class=\"text1noticias\">\u00abHacemos nuestra esta cruzada por la inclusi\u00f3n social de ni\u00f1os y ni\u00f1as con Trastornos del Espectro Autista, cuyas aptitudes y fortalezas valoramos y prometemos que seguiremos ayud\u00e1ndolos con nuestro cari\u00f1o y cuidados a abrirse al mundo que poco a poco van descubriendo\u00bb, resalt\u00f3 la Primera Dama.<\/span><\/p>\n<p><span class=\"text1noticias\"> <\/span><\/p>\n<p><span class=\"text1noticias\">Montilla de Medina expuso que desde el Despacho de la Primera Dama existe un compromiso con la ni\u00f1ez con habilidades diferentes, no solo con la creaci\u00f3n y puesta en servicio de los Centros de Atenci\u00f3n Integral para la Discapacidad (CAID), sino tambi\u00e9n con el impulso de una cultura inclusiva.<\/span><\/p>\n<p><span class=\"text1noticias\"> <\/span><\/p>\n<p><span class=\"text1noticias\">Los CAID brindan atenci\u00f3n integral a ni\u00f1os y ni\u00f1as con Trastornos del Espectro Autista, S\u00edndrome de Down y Par\u00e1lisis Cerebral, y ya operan en Santo Domingo Oeste, Santiago y San Juan.<\/span><\/p>\n<p><span class=\"text1noticias\"> <\/span><\/p>\n<p><span class=\"text1noticias\">Pronto ser\u00e1 iniciada la construcci\u00f3n de otros dos centros, en San Pedro de Macor\u00eds y en Santo Domingo Este.<\/span><\/p>\n<p><span class=\"text1noticias\"> <\/span><\/p>\n<p><span class=\"text1noticias\">Cultura de pol\u00edticas inclusivas<\/span><\/p>\n<p><span class=\"text1noticias\"> <\/span><\/p>\n<p><span class=\"text1noticias\">Estos trabajos son parte de las pol\u00edticas de inclusi\u00f3n social que desarrolla Montilla de Medina, en cumplimiento de los lineamientos trazados por el Gobierno que encabeza Danilo Medina S\u00e1nchez, a favor de la poblaci\u00f3n.<\/span><\/p>\n<p><span class=\"text1noticias\"> <\/span><\/p>\n<p><span class=\"text1noticias\">Manifestaciones de autismo<\/span><\/p>\n<p><span class=\"text1noticias\"> <\/span><\/p>\n<p><span class=\"text1noticias\">El autismo es un trastorno del desarrollo infantil que se manifiesta en los primeros tres a\u00f1os de vida, y se caracteriza por alteraciones en la interacci\u00f3n social, en la comunicaci\u00f3n y patrones restringidos de comportamiento, intereses y actividades.<\/span><\/p>\n<p><span class=\"text1noticias\"> <\/span><\/p>\n<p><span class=\"text1noticias\">En todo el mundo, la tasa de autismo ha ido creciendo, creando un fuerte impacto en el conglomerado social.<\/span><\/p>\n<p><span class=\"text1noticias\"> <\/span><\/p>\n<p><span class=\"text1noticias\">Consciente de esta situaci\u00f3n, la Organizaci\u00f3n de las Naciones Unidas (ONU), desde el a\u00f1o 2007, cuando emiti\u00f3 una resoluci\u00f3n, comenz\u00f3 a promover el D\u00eda Mundial de Concienciaci\u00f3n sobre el Trastorno del Espectro Autista, para suscitar una mayor atenci\u00f3n de la comunidad internacional respect<\/span>o a esa condici\u00f3n.<\/p>\n<h6> 2016-03-29 11:44:55 <\/h6>\n<p><!--\n<link rel=\"stylesheet\" href=\"css\/bootstrap.min.css\">\n\n\n<ul class=\"pagination\">\n\t    \n\t\n\n<li >\n\t<a href='?page_no=13337'>Previous<\/a>\n\t<\/li>\n\n\n       \n    \n\n<li><a href='?page_no=1'>1<\/a><\/li>\n\n\n\n<li><a href='?page_no=2'>2<\/a><\/li>\n\n\n\n<li><a>...<\/a><\/li>\n\n\n\n<li><a href='?page_no=13336'>13336<\/a><\/li>\n\n\n\n<li><a href='?page_no=13337'>13337<\/a><\/li>\n\n\n\n<li class='active'><a>13338<\/a><\/li>\n\n\n\n<li><a href='?page_no=13339'>13339<\/a><\/li>\n\n\n\n<li><a href='?page_no=13340'>13340<\/a><\/li>\n\n\n\n<li><a>...<\/a><\/li>\n\n\n\n<li><a href='?page_no=56169'>56169<\/a><\/li>\n\n\n\n<li><a href='?page_no=56170'>56170<\/a><\/li>\n\n    \n\t\n\n<li >\n\t<a href='?page_no=13339'>Next<\/a>\n\t<\/li>\n\n\n    \n\n<li><a href='?page_no=56170'>Last &rsaquo;&rsaquo;<\/a><\/li>\n\n<\/ul>\n\n\n--><br \/>\n<\/body><\/p>\n","protected":false},"excerpt":{"rendered":"<p>Santo Domingo, R. D., 29 de marzo.- Por tercer a\u00f1o consecutivo, el Despacho de la Primera Dama C\u00e1ndida Montilla de Medina realizar\u00e1 una amplia jornada de concienciaci\u00f3n sobre el Trastorno del Espectro Autista (TEA), por lo que hizo un llamado a iluminar de azul los edificios. Esta acci\u00f3n busca respaldar la campa\u00f1a mundial \u00abLigth It [&hellip;]<\/p>\n","protected":false},"author":3,"featured_media":0,"comment_status":"open","ping_status":"open","sticky":false,"template":"","format":"standard","meta":{"footnotes":""},"categories":[20],"tags":[],"class_list":["post-218969","post","type-post","status-publish","format-standard","hentry","category-dominicana-hoy"],"_links":{"self":[{"href":"https:\/\/diariodominicano.com\/index.php?rest_route=\/wp\/v2\/posts\/218969","targetHints":{"allow":["GET"]}}],"collection":[{"href":"https:\/\/diariodominicano.com\/index.php?rest_route=\/wp\/v2\/posts"}],"about":[{"href":"https:\/\/diariodominicano.com\/index.php?rest_route=\/wp\/v2\/types\/post"}],"author":[{"embeddable":true,"href":"https:\/\/diariodominicano.com\/index.php?rest_route=\/wp\/v2\/users\/3"}],"replies":[{"embeddable":true,"href":"https:\/\/diariodominicano.com\/index.php?rest_route=%2Fwp%2Fv2%2Fcomments&post=218969"}],"version-history":[{"count":0,"href":"https:\/\/diariodominicano.com\/index.php?rest_route=\/wp\/v2\/posts\/218969\/revisions"}],"wp:attachment":[{"href":"https:\/\/diariodominicano.com\/index.php?rest_route=%2Fwp%2Fv2%2Fmedia&parent=218969"}],"wp:term":[{"taxonomy":"category","embeddable":true,"href":"https:\/\/diariodominicano.com\/index.php?rest_route=%2Fwp%2Fv2%2Fcategories&post=218969"},{"taxonomy":"post_tag","embeddable":true,"href":"https:\/\/diariodominicano.com\/index.php?rest_route=%2Fwp%2Fv2%2Ftags&post=218969"}],"curies":[{"name":"wp","href":"https:\/\/api.w.org\/{rel}","templated":true}]}}