{"id":218968,"date":"2016-03-29T11:45:50","date_gmt":"2016-03-29T11:45:50","guid":{"rendered":"http:\/\/diariodominicano.ddns.net\/?p=218968"},"modified":"2016-03-29T11:45:50","modified_gmt":"2016-03-29T11:45:50","slug":"fallece-magaly-pineda","status":"publish","type":"post","link":"https:\/\/diariodominicano.com\/?p=218968","title":{"rendered":"Fallece Magaly Pineda"},"content":{"rendered":"<p><body><\/p>\n<p><img decoding=\"async\" src=\"img3\/b9e0f42496ff43435ea9d75597b74865_300x226.jpg\" \/>  <\/p>\n<p><strong><span class=\"text1noticias\">Nacida el 21 de marzo de 1943, Pineda Tejada abraz\u00f3 la militancia social y pol\u00edtica desde muy temprana edad. Residente en Puerto Rico, donde lleg\u00f3 adolescente, se vincul\u00f3 en calidad de dirigente a la Federaci\u00f3n Universitaria Pro Independencia (FUPI) y a las actividades del exilio antitrujillista dominicano.<\/span><\/strong><\/p>\n<\/p>\n<p><strong><span class=\"text1noticias\">SANTO DOMINGO, RD, 29  de 2016.-<\/span><\/strong><span class=\"text1noticias\">Falleci\u00f3 en la madrugada de este martes la lideresa feminista, soci\u00f3loga  e investigadora Magaly Pineda Tejada, fundadora del Centro de Investigaci\u00f3n para la Acci\u00f3n Femenina (CIPAF) a consecuencia de un c\u00e1ncer diagnosticado hace doce a\u00f1os.<\/span><\/p>\n<p><span class=\"text1noticias\"> <\/span><\/p>\n<p><span class=\"text1noticias\">Nacida el 21 de marzo de 1943, Pineda Tejada abraz\u00f3 la militancia social y pol\u00edtica desde muy temprana edad. Residente en Puerto Rico, donde lleg\u00f3 adolescente, se vincul\u00f3 en calidad de dirigente a la Federaci\u00f3n Universitaria Pro Independencia (FUPI) y a las actividades del exilio antitrujillista dominicano. <\/span><\/p>\n<\/p>\n<p><span class=\"text1noticias\">De regreso a la Rep\u00fablica Dominicana tras la ca\u00edda de la dictadura de Rafael Leonidas Trujillo, ingres\u00f3 a las filas del Movimiento Revolucionario Catorce de Junio. Tras la divisi\u00f3n de este partido, pas\u00f3 a formar parte del Movimiento Popular Dominicano.<\/span><\/p>\n<p><span class=\"text1noticias\"> <\/span><\/p>\n<p><span class=\"text1noticias\">Casada con el dirigente de izquierda  Rafael (Fafa) Taveras, Pineda Tejada sufri\u00f3 en carne propia los rigores de la persecuci\u00f3n pol\u00edtica durante el gobierno de los doce a\u00f1os de Joaqu\u00edn Balaguer. Al mismo tiempo, despuntaba como lideresa del incipiente movimiento de mujeres que reivindicaba la igualdad de g\u00e9nero como parte fundamental de la construcci\u00f3n democr\u00e1tica.<\/span><\/p>\n<p><span class=\"text1noticias\"> <\/span><\/p>\n<p><span class=\"text1noticias\">En 1980, la dirigente feminista form\u00f3 junto a un grupo multidisciplinar de profesionales el CIPAF, primer espacio de investigaci\u00f3n socio-pol\u00edtica sobre la condici\u00f3n de la mujer dominicana en aspectos tales como el trabajo rural, urbano y dom\u00e9stico, su acceso a la tecnolog\u00eda, la violencia sexual y la prostituci\u00f3n. Con Pineda Tejeda a la cabeza, el CIPAF inaugur\u00f3 una nueva forma de activismo social apoyado en la investigaci\u00f3n-acci\u00f3n, soportado por una l\u00ednea editorial te\u00f3rica y otra divulgativa.<\/span><\/p>\n<p><span class=\"text1noticias\"> <\/span><\/p>\n<p><span class=\"text1noticias\">Fruto de su trabajo desde la instituci\u00f3n que hab\u00eda creado, Pineda Tejada auspici\u00f3 en 1994 la convergencia de las dirigentes femeninas de todos los partidos pol\u00edticos alrededor del Plan de Igualdad de Oportunidades para las Mujeres (PIOM), que reivindic\u00f3 los derechos sociales y de salud reproductivas de las mujeres.<\/span><\/p>\n<p><span class=\"text1noticias\"> <\/span><\/p>\n<p><span class=\"text1noticias\">En 1977, Pineda Tejada entr\u00f3 al Departamento de Sociolog\u00eda de la Universidad Aut\u00f3noma de Santo Domingo (UASD), donde descubre y apuntala su vocaci\u00f3n para la docencia superior. Antes, junto a la profesora Pura S\u00e1nchez, fund\u00f3 Escuela Nueva, un centro docente para los estudios primarios reconocido por su revolucionaria metodolog\u00eda cr\u00edtica y laicismo.<\/span><\/p>\n<p><span class=\"text1noticias\"> <\/span><\/p>\n<p><span class=\"text1noticias\">Consultora internacional, la lideresa feminista fallecida estableci\u00f3 s\u00f3lidos v\u00ednculos con los movimientos de mujeres de Europa, Estados Unidos, Am\u00e9rica Latina y el Caribe, recibiendo numerosos reconocimientos, entre ellos el otorgado por ONU Mujeres por su lucha a favor del cierre de la brecha digital de g\u00e9nero en el mundo.<\/span><\/p>\n<p><span class=\"text1noticias\"> <\/span><\/p>\n<p><span class=\"text1noticias\">A Pineda Tejada le sobreviven su compa\u00f1ero  Rafael (Fafa) Taveras y sus hijos Syra Leonor, Rafael y Marcelle Victoria Taveras Pineda.<\/span><\/p>\n<\/p>\n<\/p>\n<h6> 2016-03-29 11:45:50 <\/h6>\n<p><!--\n<link rel=\"stylesheet\" href=\"css\/bootstrap.min.css\">\n\n\n<ul class=\"pagination\">\n\t    \n\t\n\n<li >\n\t<a href='?page_no=13336'>Previous<\/a>\n\t<\/li>\n\n\n       \n    \n\n<li><a href='?page_no=1'>1<\/a><\/li>\n\n\n\n<li><a href='?page_no=2'>2<\/a><\/li>\n\n\n\n<li><a>...<\/a><\/li>\n\n\n\n<li><a href='?page_no=13335'>13335<\/a><\/li>\n\n\n\n<li><a href='?page_no=13336'>13336<\/a><\/li>\n\n\n\n<li class='active'><a>13337<\/a><\/li>\n\n\n\n<li><a href='?page_no=13338'>13338<\/a><\/li>\n\n\n\n<li><a href='?page_no=13339'>13339<\/a><\/li>\n\n\n\n<li><a>...<\/a><\/li>\n\n\n\n<li><a href='?page_no=56169'>56169<\/a><\/li>\n\n\n\n<li><a href='?page_no=56170'>56170<\/a><\/li>\n\n    \n\t\n\n<li >\n\t<a href='?page_no=13338'>Next<\/a>\n\t<\/li>\n\n\n    \n\n<li><a href='?page_no=56170'>Last &rsaquo;&rsaquo;<\/a><\/li>\n\n<\/ul>\n\n\n--><br \/>\n<\/body><\/p>\n","protected":false},"excerpt":{"rendered":"<p>Nacida el 21 de marzo de 1943, Pineda Tejada abraz\u00f3 la militancia social y pol\u00edtica desde muy temprana edad. Residente en Puerto Rico, donde lleg\u00f3 adolescente, se vincul\u00f3 en calidad de dirigente a la Federaci\u00f3n Universitaria Pro Independencia (FUPI) y a las actividades del exilio antitrujillista dominicano. SANTO DOMINGO, RD, 29 de 2016.-Falleci\u00f3 en la [&hellip;]<\/p>\n","protected":false},"author":3,"featured_media":0,"comment_status":"open","ping_status":"open","sticky":false,"template":"","format":"standard","meta":{"footnotes":""},"categories":[20],"tags":[],"class_list":["post-218968","post","type-post","status-publish","format-standard","hentry","category-dominicana-hoy"],"_links":{"self":[{"href":"https:\/\/diariodominicano.com\/index.php?rest_route=\/wp\/v2\/posts\/218968","targetHints":{"allow":["GET"]}}],"collection":[{"href":"https:\/\/diariodominicano.com\/index.php?rest_route=\/wp\/v2\/posts"}],"about":[{"href":"https:\/\/diariodominicano.com\/index.php?rest_route=\/wp\/v2\/types\/post"}],"author":[{"embeddable":true,"href":"https:\/\/diariodominicano.com\/index.php?rest_route=\/wp\/v2\/users\/3"}],"replies":[{"embeddable":true,"href":"https:\/\/diariodominicano.com\/index.php?rest_route=%2Fwp%2Fv2%2Fcomments&post=218968"}],"version-history":[{"count":0,"href":"https:\/\/diariodominicano.com\/index.php?rest_route=\/wp\/v2\/posts\/218968\/revisions"}],"wp:attachment":[{"href":"https:\/\/diariodominicano.com\/index.php?rest_route=%2Fwp%2Fv2%2Fmedia&parent=218968"}],"wp:term":[{"taxonomy":"category","embeddable":true,"href":"https:\/\/diariodominicano.com\/index.php?rest_route=%2Fwp%2Fv2%2Fcategories&post=218968"},{"taxonomy":"post_tag","embeddable":true,"href":"https:\/\/diariodominicano.com\/index.php?rest_route=%2Fwp%2Fv2%2Ftags&post=218968"}],"curies":[{"name":"wp","href":"https:\/\/api.w.org\/{rel}","templated":true}]}}