{"id":218967,"date":"2016-03-29T11:55:21","date_gmt":"2016-03-29T11:55:21","guid":{"rendered":"http:\/\/diariodominicano.ddns.net\/?p=218967"},"modified":"2016-03-29T11:55:21","modified_gmt":"2016-03-29T11:55:21","slug":"ministro-de-educacion-lamenta-fallecimiento-de-magaly-pineda","status":"publish","type":"post","link":"https:\/\/diariodominicano.com\/?p=218967","title":{"rendered":"Ministro de Educaci\u00f3n lamenta fallecimiento de Magaly Pineda"},"content":{"rendered":"<p><body><\/p>\n<p><img decoding=\"async\" src=\"img3\/Pineda6.jpg\" \/>  <\/p>\n<p><strong><span class=\"text1noticias\">Santo Domingo, R. D., 29 de marzo.- <\/span><\/strong><span class=\"text1noticias\">El licenciado Carlos Amarante Baret deplor\u00f3 el fallecimiento de la soci\u00f3loga y l\u00edder feminista Magaly Pineda Tejada, quien fue una gran colaboradora del Ministerio de Educaci\u00f3n en la formulaci\u00f3n y ejecuci\u00f3n de proyectos especiales y de inclusi\u00f3n de g\u00e9nero.<\/span><\/p>\n<p><span class=\"text1noticias\"> <\/span><\/p>\n<p><span class=\"text1noticias\">El Ministro de Educaci\u00f3n afirm\u00f3 que el deceso de la fundadora del Centro de Investigaci\u00f3n para la Acci\u00f3n Femenina (CIPAF) es una gran p\u00e9rdida para el sistema educativo dominicano, debido a su dedicaci\u00f3n y esp\u00edritu de colaboraci\u00f3n y participaci\u00f3n en programas que benefician a sectores que antes no eran tomados en cuenta.<\/span><\/p>\n<p><span class=\"text1noticias\"> <\/span><\/p>\n<p><span class=\"text1noticias\">Amarante Baret dijo que Pineda Tejada, esposa del dirigente pol\u00edtico Rafael ?Fafa- Taveras, tuvo una destacada participaci\u00f3n en la aplicaci\u00f3n de los programas Compu-Maestro, la aplicaci\u00f3n de las Tecnolog\u00edas de la Informaci\u00f3n y el Conocimiento (TIC) entre las ni\u00f1as, adolescentes y j\u00f3venes estudiantes, la rob\u00f3tica en las escuelas y otros no menos importantes.<\/span><\/p>\n<p><span class=\"text1noticias\"> <\/span><\/p>\n<p><span class=\"text1noticias\">\u00abGracias a su colaboraci\u00f3n nosotros en el Ministerio de Educaci\u00f3n hemos logrado poner las TICs al alcance de millares de ni\u00f1as, jovencitas y jovencitos, reduciendo la brecha que imped\u00edan poner las tecnolog\u00edas en manos de sectores de m\u00e1s bajos ingresos\u00bb, expres\u00f3 el funcionario.<\/span><\/p>\n<p><span class=\"text1noticias\"> <\/span><\/p>\n<p><span class=\"text1noticias\">Dijo que gracias a la soci\u00f3loga Magaly Pineda Tejada, el Ministerio de Educaci\u00f3n est\u00e1 implementando con \u00e9xito la instalaci\u00f3n de laboratorios y rincones tecnol\u00f3gicos en las escuelas para poner la tecnolog\u00eda al alcance de los ni\u00f1os y ni\u00f1as que pertenecen al sistema p\u00fablico de educaci\u00f3n.<\/span><\/p>\n<p><span class=\"text1noticias\"> <\/span><\/p>\n<p><span class=\"text1noticias\">Amarante Baret proclam\u00f3 que \u00abpese a que por muchos a\u00f1os estuvo batallando contra una terrible enfermedad que le aquejaba, el entusiasmo de do\u00f1a Magaly no decay\u00f3; continu\u00f3 aportando sus ideas y esfuerzos en procura de que esos programas especiales del Ministerio de Educaci\u00f3n se afianzaran y llegaran a las clases m\u00e1s despose\u00eddas y se redujera la brecha digital entre estos sectores y los m\u00e1s pudientes\u00bb.<\/span><\/p>\n<p><span class=\"text1noticias\"> <\/span><\/p>\n<p><span class=\"text1noticias\">Magaly Pineda falleci\u00f3 en la madrugada de este martes 29 de marzo v\u00edctima de un c\u00e1ncer que le fue detectado hace 12 a\u00f1os.<\/span><\/p>\n<p><span class=\"text1noticias\">A Pineda Tejada le sobreviven su compa\u00f1ero de toda la vida Rafael (Fafa) Taveras y sus hijos Syra Leonor, Rafael y Marcelle Victoria Taveras Pineda, a quienes el Ministro de Educaci\u00f3n extendi\u00f3 sus condole<\/span>ncias.<\/p>\n<h6> 2016-03-29 11:55:21 <\/h6>\n<p><!--\n<link rel=\"stylesheet\" href=\"css\/bootstrap.min.css\">\n\n\n<ul class=\"pagination\">\n\t    \n\t\n\n<li >\n\t<a href='?page_no=13335'>Previous<\/a>\n\t<\/li>\n\n\n       \n    \n\n<li><a href='?page_no=1'>1<\/a><\/li>\n\n\n\n<li><a href='?page_no=2'>2<\/a><\/li>\n\n\n\n<li><a>...<\/a><\/li>\n\n\n\n<li><a href='?page_no=13334'>13334<\/a><\/li>\n\n\n\n<li><a href='?page_no=13335'>13335<\/a><\/li>\n\n\n\n<li class='active'><a>13336<\/a><\/li>\n\n\n\n<li><a href='?page_no=13337'>13337<\/a><\/li>\n\n\n\n<li><a href='?page_no=13338'>13338<\/a><\/li>\n\n\n\n<li><a>...<\/a><\/li>\n\n\n\n<li><a href='?page_no=56169'>56169<\/a><\/li>\n\n\n\n<li><a href='?page_no=56170'>56170<\/a><\/li>\n\n    \n\t\n\n<li >\n\t<a href='?page_no=13337'>Next<\/a>\n\t<\/li>\n\n\n    \n\n<li><a href='?page_no=56170'>Last &rsaquo;&rsaquo;<\/a><\/li>\n\n<\/ul>\n\n\n--><br \/>\n<\/body><\/p>\n","protected":false},"excerpt":{"rendered":"<p>Santo Domingo, R. D., 29 de marzo.- El licenciado Carlos Amarante Baret deplor\u00f3 el fallecimiento de la soci\u00f3loga y l\u00edder feminista Magaly Pineda Tejada, quien fue una gran colaboradora del Ministerio de Educaci\u00f3n en la formulaci\u00f3n y ejecuci\u00f3n de proyectos especiales y de inclusi\u00f3n de g\u00e9nero. El Ministro de Educaci\u00f3n afirm\u00f3 que el deceso de [&hellip;]<\/p>\n","protected":false},"author":3,"featured_media":0,"comment_status":"open","ping_status":"open","sticky":false,"template":"","format":"standard","meta":{"footnotes":""},"categories":[20],"tags":[],"class_list":["post-218967","post","type-post","status-publish","format-standard","hentry","category-dominicana-hoy"],"_links":{"self":[{"href":"https:\/\/diariodominicano.com\/index.php?rest_route=\/wp\/v2\/posts\/218967","targetHints":{"allow":["GET"]}}],"collection":[{"href":"https:\/\/diariodominicano.com\/index.php?rest_route=\/wp\/v2\/posts"}],"about":[{"href":"https:\/\/diariodominicano.com\/index.php?rest_route=\/wp\/v2\/types\/post"}],"author":[{"embeddable":true,"href":"https:\/\/diariodominicano.com\/index.php?rest_route=\/wp\/v2\/users\/3"}],"replies":[{"embeddable":true,"href":"https:\/\/diariodominicano.com\/index.php?rest_route=%2Fwp%2Fv2%2Fcomments&post=218967"}],"version-history":[{"count":0,"href":"https:\/\/diariodominicano.com\/index.php?rest_route=\/wp\/v2\/posts\/218967\/revisions"}],"wp:attachment":[{"href":"https:\/\/diariodominicano.com\/index.php?rest_route=%2Fwp%2Fv2%2Fmedia&parent=218967"}],"wp:term":[{"taxonomy":"category","embeddable":true,"href":"https:\/\/diariodominicano.com\/index.php?rest_route=%2Fwp%2Fv2%2Fcategories&post=218967"},{"taxonomy":"post_tag","embeddable":true,"href":"https:\/\/diariodominicano.com\/index.php?rest_route=%2Fwp%2Fv2%2Ftags&post=218967"}],"curies":[{"name":"wp","href":"https:\/\/api.w.org\/{rel}","templated":true}]}}