{"id":218966,"date":"2016-03-29T12:20:08","date_gmt":"2016-03-29T12:20:08","guid":{"rendered":"http:\/\/diariodominicano.ddns.net\/?p=218966"},"modified":"2016-03-29T12:20:08","modified_gmt":"2016-03-29T12:20:08","slug":"colegio-medico-convoca-para-manana-a-cadenas-humanas-en-hospitales","status":"publish","type":"post","link":"https:\/\/diariodominicano.com\/?p=218966","title":{"rendered":"Colegio M\u00e9dico convoca para ma\u00f1ana a  cadenas humanas en hospitales"},"content":{"rendered":"<p><body><\/p>\n<p><img decoding=\"async\" src=\"img3\/153507e423d37ece4aef4dd0532969b7_300x226.jpg\" \/>  <\/p>\n<p><strong><span class=\"text1noticias\">SANTO DOMINGO, RD, 29 de Marzo de 2016.-<\/span><\/strong><span class=\"text1noticias\"> La directiva del  Colegio M\u00e9dico Dominicano (CMD) anunci\u00f3 hoy que  a partir de ma\u00f1ana mi\u00e9rcoles retomar\u00e1 su lucha por reivindicaciones y destac\u00f3  que no descansar\u00e1 hasta que las autoridades comprendan la necesidad que representa mejorar el sistema de salud dominicano.<\/span><\/p>\n<\/p>\n<p><span class=\"text1noticias\">El doctor  Waldo Ariel Suero, presidente del CMD, anunci\u00f3 que a las 9:00 de la ma\u00f1ana de este mi\u00e9rcoles realizar\u00e1n cadenas humanas en todos los hospitales de manera simult\u00e1nea y que la jornada concluir\u00e1 a las 11:00 de la ma\u00f1ana. <\/span><\/p>\n<\/p>\n<p><span class=\"text1noticias\">Suero dijo que durante las  dos horas  de cadenas solo se atender\u00e1n las emergencias y pacientes en cuidados intensivos.<\/span><\/p>\n<\/p>\n<p><span class=\"text1noticias\">Inform\u00f3  que el jueves realizar\u00e1n una marcha que partir\u00e1 desde el hospital Salvador B Gautier y llegar\u00e1n hasta el Ministerio de Salud P\u00fablica, donde se manifestar\u00e1n  en demanda de que le asignen el 5 por ciento del PIB, pensiones dignas, reajuste salarial de 60 % m\u00ednimo y m\u00e1s nombramiento de personal en los hospitales.<\/span><\/p>\n<\/p>\n<p><span class=\"text1noticias\">Suero dijo que lamentan que luego de dos meses de lucha las autoridades contin\u00faan calladas, sin propuestas a nuestras demandas y totalmente cerrada al dialogo\u00bb.<\/span><\/p>\n<\/p>\n<p><span class=\"text1noticias\">Con respecto a la muerte del ex combatiente constitucionalista  Claudio Caama\u00f1o Grull\u00f3n, el doctor Suero sostuvo  que ese deceso es de exclusiva responsabilidad del sistema de salud.<\/span><\/p>\n<p><span class=\"text1noticias\">En opini\u00f3n del presidente del CMD,  \u00abA Claudio Caama\u00f1o lo mat\u00f3 la deficiencia del sistema de salud dominicano y nuestra lucha es para que cosas como esta dejen de suceder\u00bb.<\/span><\/p>\n<\/p>\n<\/p>\n<\/p>\n<\/p>\n<h6> 2016-03-29 12:20:08 <\/h6>\n<p><!--\n<link rel=\"stylesheet\" href=\"css\/bootstrap.min.css\">\n\n\n<ul class=\"pagination\">\n\t    \n\t\n\n<li >\n\t<a href='?page_no=13334'>Previous<\/a>\n\t<\/li>\n\n\n       \n    \n\n<li><a href='?page_no=1'>1<\/a><\/li>\n\n\n\n<li><a href='?page_no=2'>2<\/a><\/li>\n\n\n\n<li><a>...<\/a><\/li>\n\n\n\n<li><a href='?page_no=13333'>13333<\/a><\/li>\n\n\n\n<li><a href='?page_no=13334'>13334<\/a><\/li>\n\n\n\n<li class='active'><a>13335<\/a><\/li>\n\n\n\n<li><a href='?page_no=13336'>13336<\/a><\/li>\n\n\n\n<li><a href='?page_no=13337'>13337<\/a><\/li>\n\n\n\n<li><a>...<\/a><\/li>\n\n\n\n<li><a href='?page_no=56169'>56169<\/a><\/li>\n\n\n\n<li><a href='?page_no=56170'>56170<\/a><\/li>\n\n    \n\t\n\n<li >\n\t<a href='?page_no=13336'>Next<\/a>\n\t<\/li>\n\n\n    \n\n<li><a href='?page_no=56170'>Last &rsaquo;&rsaquo;<\/a><\/li>\n\n<\/ul>\n\n\n--><br \/>\n<\/body><\/p>\n","protected":false},"excerpt":{"rendered":"<p>SANTO DOMINGO, RD, 29 de Marzo de 2016.- La directiva del Colegio M\u00e9dico Dominicano (CMD) anunci\u00f3 hoy que a partir de ma\u00f1ana mi\u00e9rcoles retomar\u00e1 su lucha por reivindicaciones y destac\u00f3 que no descansar\u00e1 hasta que las autoridades comprendan la necesidad que representa mejorar el sistema de salud dominicano. El doctor Waldo Ariel Suero, presidente del [&hellip;]<\/p>\n","protected":false},"author":3,"featured_media":0,"comment_status":"open","ping_status":"open","sticky":false,"template":"","format":"standard","meta":{"footnotes":""},"categories":[20],"tags":[],"class_list":["post-218966","post","type-post","status-publish","format-standard","hentry","category-dominicana-hoy"],"_links":{"self":[{"href":"https:\/\/diariodominicano.com\/index.php?rest_route=\/wp\/v2\/posts\/218966","targetHints":{"allow":["GET"]}}],"collection":[{"href":"https:\/\/diariodominicano.com\/index.php?rest_route=\/wp\/v2\/posts"}],"about":[{"href":"https:\/\/diariodominicano.com\/index.php?rest_route=\/wp\/v2\/types\/post"}],"author":[{"embeddable":true,"href":"https:\/\/diariodominicano.com\/index.php?rest_route=\/wp\/v2\/users\/3"}],"replies":[{"embeddable":true,"href":"https:\/\/diariodominicano.com\/index.php?rest_route=%2Fwp%2Fv2%2Fcomments&post=218966"}],"version-history":[{"count":0,"href":"https:\/\/diariodominicano.com\/index.php?rest_route=\/wp\/v2\/posts\/218966\/revisions"}],"wp:attachment":[{"href":"https:\/\/diariodominicano.com\/index.php?rest_route=%2Fwp%2Fv2%2Fmedia&parent=218966"}],"wp:term":[{"taxonomy":"category","embeddable":true,"href":"https:\/\/diariodominicano.com\/index.php?rest_route=%2Fwp%2Fv2%2Fcategories&post=218966"},{"taxonomy":"post_tag","embeddable":true,"href":"https:\/\/diariodominicano.com\/index.php?rest_route=%2Fwp%2Fv2%2Ftags&post=218966"}],"curies":[{"name":"wp","href":"https:\/\/api.w.org\/{rel}","templated":true}]}}