{"id":218965,"date":"2016-03-29T13:31:40","date_gmt":"2016-03-29T13:31:40","guid":{"rendered":"http:\/\/diariodominicano.ddns.net\/?p=218965"},"modified":"2016-03-29T13:31:40","modified_gmt":"2016-03-29T13:31:40","slug":"gobierno-inaugura-primer-parque-de-energia-fotovoltaica-en-el-pais","status":"publish","type":"post","link":"https:\/\/diariodominicano.com\/?p=218965","title":{"rendered":"&#13;Gobierno inaugura primer parque de energ\u00eda fotovoltaica en el pa\u00eds"},"content":{"rendered":"<p><body><\/p>\n<p><img decoding=\"async\" src=\"img3\/corte de cinta.jpg\" \/>  <\/p>\n<\/p>\n<\/p>\n<p><span class=\"text1noticias\"> <\/span><\/p>\n<p><span class=\"text1noticias\">Monte Plata, RD, 29 de marzo.- Con una inversi\u00f3n total de US$110 millones, fue inaugurado el primer parque de energ\u00eda solar fotovoltaica en Rep\u00fablica Dominicana, Monte Plata Solar, que aportar\u00e1 en su fase inicial 30 megavatios para lograr una capacidad instalada consolidada de 60 megavatios al sistema el\u00e9ctrico nacional, en una ceremonia que estuvo encabezada por el Presidente de la Rep\u00fablica, licenciado Danilo Medina S\u00e1nchez.<\/span><\/p>\n<\/p>\n<p><span class=\"text1noticias\">Monte Plata Solar es el mayor proyecto de energ\u00eda renovable realizado en la Rep\u00fablica Dominicana y en la regi\u00f3n del Caribe, generando m\u00e1s de trescientos (300) empleos directos y mil (1,000) indirectos, gracias a una inversi\u00f3n de la empresa multinacional taiwanesa General Energy Solutions, l\u00edder en desarrollo de proyectos fotovoltaicos, en asociaci\u00f3n con las empresas constructoras Soventix y Phanes Group.<\/span><\/p>\n<p><span class=\"text1noticias\"> <\/span><\/p>\n<p><span class=\"text1noticias\">Afianzar\u00e1 liderazgo RD en el Caribe<\/span><\/p>\n<\/p>\n<p><span class=\"text1noticias\">Las palabras de apertura estuvieron a cargo del Director Ejecutivo del CEI-RD, Jean Alain Rodr\u00edguez, quien destac\u00f3 con benepl\u00e1cito los beneficios que reporta el inicio de operaciones de este parque fotovoltaico, tanto en t\u00e9rminos de lo que representa su integraci\u00f3n al sistema nacional de abastecimiento energ\u00e9tico con energ\u00eda limpia, como en generaci\u00f3n de empleos, lo que consider\u00f3 afianzar\u00e1 el liderazgo nacional en materia energ\u00e9tica en el Caribe. <\/span><\/p>\n<p><span class=\"text1noticias\"> <\/span><\/p>\n<p><span class=\"text1noticias\">Destac\u00f3 que Monte Plata Solar es la m\u00e1s grande iniciativa de energ\u00eda solar de la Rep\u00fablica Dominicana y la regi\u00f3n del Caribe y el mayor proyecto de inversi\u00f3n privada que haya realizado una empresa taiwanesa en el pa\u00eds, \u00ablo que demuestra una vez m\u00e1s la alta valoraci\u00f3n que tiene la Rep\u00fablica Dominicana al momento de recibir inversi\u00f3n extranjera, gracias a las leyes, incentivos y facilidades otorgadas por el gobierno del Presidente Danilo Medina\u00bb.<\/span><\/p>\n<p><span class=\"text1noticias\"> <\/span><\/p>\n<p><span class=\"text1noticias\">RD incentiva inversi\u00f3n energ\u00eda limpia<\/span><\/p>\n<p><span class=\"text1noticias\">\u00abSon empresas que est\u00e1n aprovechando la Ley 57-07 de incentivo a la generaci\u00f3n de energ\u00eda renovable y que han visto en el pa\u00eds la oportunidad de invertir y hacer negocios productivos\u00bb, se\u00f1al\u00f3 Rodr\u00edguez.<\/span><\/p>\n<\/p>\n<p><span class=\"text1noticias\">Sostuvo que el Gobierno dominicano ha puesto todo su empe\u00f1o para ampliar la matriz de generaci\u00f3n de electricidad en el pa\u00eds, para abaratar los costos de la energ\u00eda y brindarle a la poblaci\u00f3n un servicio eficiente y sostenible.<\/span><\/p>\n<\/p>\n<p><span class=\"text1noticias\">\u00abDesde hace tiempo el Presidente Danilo Medina viene trabajando para transformar la generaci\u00f3n de energ\u00eda del pa\u00eds, implementando mecanismos de est\u00edmulo para ampliar la utilizaci\u00f3n de las energ\u00edas renovables, haciendo que cada vez m\u00e1s Rep\u00fablica Dominicana vaya en consonancia con las corrientes mundiales que postulan producir energ\u00eda verde, limpia y sostenible, para encarar el calentamiento global y los problemas que se derivan del cambio clim\u00e1tico\u00bb, expres\u00f3.<\/span><\/p>\n<\/p>\n<p><span class=\"text1noticias\">A la vez de a\u00f1adir \u00abadem\u00e1s de que con ello, se est\u00e1 contribuyendo a erradicar los problemas en el sector el\u00e9ctrico nacional y a promover una cultura ecol\u00f3gica que aprovecha los beneficios naturales del pa\u00eds\u00bb. <\/span><\/p>\n<p><span class=\"text1noticias\"> <\/span><\/p>\n<p><span class=\"text1noticias\">Inversores resaltan apoyo DM<\/span><\/p>\n<\/p>\n<p><span class=\"text1noticias\">Por su parte, el Sr. Quincy Lin, Presidente de General Energy Solutions, agradeci\u00f3 el apoyo incondicional del presidente Danilo Medina, lo que a su juicio demuestra la visi\u00f3n de futuro del mandatario y su compromiso con el cambio clim\u00e1tico. <\/span><\/p>\n<\/p>\n<p><span class=\"text1noticias\"> <\/span><\/p>\n<p><span class=\"text1noticias\">132 mil paneles y 1,000 inversores fotovoltaicos<\/span><\/p>\n<\/p>\n<p><span class=\"text1noticias\">Explic\u00f3 que este proyecto est\u00e1 dividido en dos fases, de las cuales la primera ya cuenta con 132 mil paneles solares instalados y 1,000 inversores fotovoltaicos de 30 kilovatios cada uno. \u00abEsta cifra lograr\u00e1 duplicarse mediante la implementaci\u00f3n completa del proyecto en sus dos fases\u00bb, apunt\u00f3.<\/span><\/p>\n<\/p>\n<p><span class=\"text1noticias\"> <\/span><\/p>\n<p><span class=\"text1noticias\">Aportar\u00e1 50 mil 740 megavatios por hora al a\u00f1o<\/span><\/p>\n<\/p>\n<p><span class=\"text1noticias\">En ese mismo orden, precis\u00f3 que el proyecto aportar\u00e1 en su fase inicial de 30 megavatios nominales instalados, una producci\u00f3n aproximada de 50,740 megavatios por hora al a\u00f1o, lo que supondr\u00e1 una reducci\u00f3n de gases de efecto invernadero de m\u00e1s de 700,000 toneladas de CO2 durante el periodo de vida del contrato con la CDEEE.<\/span><\/p>\n<\/p>\n<p><span class=\"text1noticias\">Resalt\u00f3 la trascendencia de la planta de energ\u00eda solar, la cual, se\u00f1al\u00f3, adem\u00e1s de contribuir a la generaci\u00f3n de energ\u00eda renovable en el pa\u00eds, crear\u00e1 empleos directos e indirectos en la zona donde est\u00e1 instalada.<\/span><\/p>\n<\/p>\n<p><span class=\"text1noticias\"> <\/span><\/p>\n<p><span class=\"text1noticias\">Acto Inaugural<\/span><\/p>\n<\/p>\n<p><span class=\"text1noticias\">A la actividad se dieron citas dirigentes de la clase empresarial del pa\u00eds, representantes y actores vinculados al sector de energ\u00eda de los sectores p\u00fablico y privado, funcionarios y relacionadas, as\u00ed como l\u00edderes de la zona y prominentes miembros de la sociedad de Monte Plata.<\/span><\/p>\n<\/p>\n<p><span class=\"text1noticias\"> <\/span><\/p>\n<p><span class=\"text1noticias\">Adem\u00e1s del Presidente Medina, la mesa de honor estuvo integrada por los Ministros de la Presidencia y Administrativo, los se\u00f1ores Gustavo Montalvo y Jos\u00e9 Ram\u00f3n Peralta.  Tambi\u00e9n los se\u00f1ores Jean A. Rodr\u00edguez, Director Ejecutivo del Centro de Exportaci\u00f3n e Inversi\u00f3n de la Rep\u00fablica Dominicana (CEI-RD); Quincy Lin, Presidente de General Energy Solutions; Bautista  Rojas G\u00f3mez, Ministro de Medio Ambiente y Antonio Isa Conde, Ministro de Energ\u00eda y Minas.<\/span><\/p>\n<\/p>\n<p><span class=\"text1noticias\"> <\/span><\/p>\n<p><span class=\"text1noticias\">De igual forma, estuvieron presentes los se\u00f1ores Rub\u00e9n Jim\u00e9nez Bichara, Vicepresidente Ejecutivo de la Corporaci\u00f3n Dominicana de Empresas El\u00e9ctricas Estatales (CDEEE); Charlie Mariotti, Senador por la provincia Monte Plata; Eric Tsai, Vicepresidente de General Energy Solutions; Valentino Tang, Embajador de la Rep\u00fablica de China Taiw\u00e1n en la Rep\u00fablica Dominicana y Juan Rodr\u00edguez Nina, Presidente de la Comisi\u00f3n Nacional de Energ\u00eda.<\/span><\/p>\n<h6> 2016-03-29 13:31:40 <\/h6>\n<p><!--\n<link rel=\"stylesheet\" href=\"css\/bootstrap.min.css\">\n\n\n<ul class=\"pagination\">\n\t    \n\t\n\n<li >\n\t<a href='?page_no=13333'>Previous<\/a>\n\t<\/li>\n\n\n       \n    \n\n<li><a href='?page_no=1'>1<\/a><\/li>\n\n\n\n<li><a href='?page_no=2'>2<\/a><\/li>\n\n\n\n<li><a>...<\/a><\/li>\n\n\n\n<li><a href='?page_no=13332'>13332<\/a><\/li>\n\n\n\n<li><a href='?page_no=13333'>13333<\/a><\/li>\n\n\n\n<li class='active'><a>13334<\/a><\/li>\n\n\n\n<li><a href='?page_no=13335'>13335<\/a><\/li>\n\n\n\n<li><a href='?page_no=13336'>13336<\/a><\/li>\n\n\n\n<li><a>...<\/a><\/li>\n\n\n\n<li><a href='?page_no=56169'>56169<\/a><\/li>\n\n\n\n<li><a href='?page_no=56170'>56170<\/a><\/li>\n\n    \n\t\n\n<li >\n\t<a href='?page_no=13335'>Next<\/a>\n\t<\/li>\n\n\n    \n\n<li><a href='?page_no=56170'>Last &rsaquo;&rsaquo;<\/a><\/li>\n\n<\/ul>\n\n\n--><br \/>\n<\/body><\/p>\n","protected":false},"excerpt":{"rendered":"<p>Monte Plata, RD, 29 de marzo.- Con una inversi\u00f3n total de US$110 millones, fue inaugurado el primer parque de energ\u00eda solar fotovoltaica en Rep\u00fablica Dominicana, Monte Plata Solar, que aportar\u00e1 en su fase inicial 30 megavatios para lograr una capacidad instalada consolidada de 60 megavatios al sistema el\u00e9ctrico nacional, en una ceremonia que estuvo encabezada [&hellip;]<\/p>\n","protected":false},"author":3,"featured_media":0,"comment_status":"open","ping_status":"open","sticky":false,"template":"","format":"standard","meta":{"footnotes":""},"categories":[20],"tags":[],"class_list":["post-218965","post","type-post","status-publish","format-standard","hentry","category-dominicana-hoy"],"_links":{"self":[{"href":"https:\/\/diariodominicano.com\/index.php?rest_route=\/wp\/v2\/posts\/218965","targetHints":{"allow":["GET"]}}],"collection":[{"href":"https:\/\/diariodominicano.com\/index.php?rest_route=\/wp\/v2\/posts"}],"about":[{"href":"https:\/\/diariodominicano.com\/index.php?rest_route=\/wp\/v2\/types\/post"}],"author":[{"embeddable":true,"href":"https:\/\/diariodominicano.com\/index.php?rest_route=\/wp\/v2\/users\/3"}],"replies":[{"embeddable":true,"href":"https:\/\/diariodominicano.com\/index.php?rest_route=%2Fwp%2Fv2%2Fcomments&post=218965"}],"version-history":[{"count":0,"href":"https:\/\/diariodominicano.com\/index.php?rest_route=\/wp\/v2\/posts\/218965\/revisions"}],"wp:attachment":[{"href":"https:\/\/diariodominicano.com\/index.php?rest_route=%2Fwp%2Fv2%2Fmedia&parent=218965"}],"wp:term":[{"taxonomy":"category","embeddable":true,"href":"https:\/\/diariodominicano.com\/index.php?rest_route=%2Fwp%2Fv2%2Fcategories&post=218965"},{"taxonomy":"post_tag","embeddable":true,"href":"https:\/\/diariodominicano.com\/index.php?rest_route=%2Fwp%2Fv2%2Ftags&post=218965"}],"curies":[{"name":"wp","href":"https:\/\/api.w.org\/{rel}","templated":true}]}}