{"id":218964,"date":"2016-03-29T15:32:00","date_gmt":"2016-03-29T15:32:00","guid":{"rendered":"http:\/\/diariodominicano.ddns.net\/?p=218964"},"modified":"2016-03-29T15:32:00","modified_gmt":"2016-03-29T15:32:00","slug":"map-entregara-medalla-merito-servidor-publico-a-empleados-de-la-region-norte","status":"publish","type":"post","link":"https:\/\/diariodominicano.com\/?p=218964","title":{"rendered":"MAP entregar\u00e1 Medalla M\u00e9rito Servidor P\u00fablico a empleados de la regi\u00f3n Norte"},"content":{"rendered":"<p><body><\/p>\n<p><img decoding=\"async\" src=\"img3\/baret1.jpg\" \/>  <\/p>\n<p><span class=\"text1noticias\"> <\/span><\/p>\n<p><span class=\"text1noticias\"> <\/span><\/p>\n<p><span class=\"text1noticias\"><strong>SANTIAGO, RD., 29 de marzo.-<\/strong> El Ministerio de Administraci\u00f3n P\u00fablica (MAP) har\u00e1 entrega de la Medalla al M\u00e9rito del Servidor P\u00fablico, a cientos de empleados de la regi\u00f3n Norte, durante un acto que ser\u00e1 realizado a partir de las 9:30 de la ma\u00f1ana,  en el Sal\u00f3n de Actos de la Gobernaci\u00f3n Provincial de esta ciudad.<\/span><\/p>\n<p><span class=\"text1noticias\"> <\/span><\/p>\n<p><span class=\"text1noticias\"> <\/span><\/p>\n<p><span class=\"text1noticias\">La actividad contar\u00e1 con la presencia del ministro del MAP, Ram\u00f3n Ventura Camejo, la gobernadora provincial, Aura Toribio, el alcalde municipal, Gilberto Serulle, funcionarios de otras instituciones, autoridades militares, dirigentes  de las Asociaciones Empresariales,  la sociedad civil y otros sectores.<\/span><\/p>\n<p><span class=\"text1noticias\"> <\/span><\/p>\n<p><span class=\"text1noticias\">Al evento se est\u00e1 invitando a los representantes de los medios de comunicaciones. Participar\u00e1n varios viceministros, directores departamentales del MAP, representantes de los Premios Nacional y Provincial de la Calidad, seg\u00fan lo informado por el periodista Lu\u00eds C\u00e9spedes Pe\u00f1a.  <\/span><\/p>\n<p><span class=\"text1noticias\"> <\/span><\/p>\n<p><span class=\"text1noticias\">La medida favorecer\u00e1 a empleados p\u00fablicos de decenas de instituciones del Estado en la regi\u00f3n Norte del pa\u00eds. El MAP est\u00e1 invitando a representantes de las provincias de la zona, de esta ciudad y los Municipios  que pertenecen a la jurisdicci\u00f3n de Santiago<\/span><\/p>\n<\/p>\n<h6> 2016-03-29 15:32:00 <\/h6>\n<p><!--\n<link rel=\"stylesheet\" href=\"css\/bootstrap.min.css\">\n\n\n<ul class=\"pagination\">\n\t    \n\t\n\n<li >\n\t<a href='?page_no=13332'>Previous<\/a>\n\t<\/li>\n\n\n       \n    \n\n<li><a href='?page_no=1'>1<\/a><\/li>\n\n\n\n<li><a href='?page_no=2'>2<\/a><\/li>\n\n\n\n<li><a>...<\/a><\/li>\n\n\n\n<li><a href='?page_no=13331'>13331<\/a><\/li>\n\n\n\n<li><a href='?page_no=13332'>13332<\/a><\/li>\n\n\n\n<li class='active'><a>13333<\/a><\/li>\n\n\n\n<li><a href='?page_no=13334'>13334<\/a><\/li>\n\n\n\n<li><a href='?page_no=13335'>13335<\/a><\/li>\n\n\n\n<li><a>...<\/a><\/li>\n\n\n\n<li><a href='?page_no=56169'>56169<\/a><\/li>\n\n\n\n<li><a href='?page_no=56170'>56170<\/a><\/li>\n\n    \n\t\n\n<li >\n\t<a href='?page_no=13334'>Next<\/a>\n\t<\/li>\n\n\n    \n\n<li><a href='?page_no=56170'>Last &rsaquo;&rsaquo;<\/a><\/li>\n\n<\/ul>\n\n\n--><br \/>\n<\/body><\/p>\n","protected":false},"excerpt":{"rendered":"<p>SANTIAGO, RD., 29 de marzo.- El Ministerio de Administraci\u00f3n P\u00fablica (MAP) har\u00e1 entrega de la Medalla al M\u00e9rito del Servidor P\u00fablico, a cientos de empleados de la regi\u00f3n Norte, durante un acto que ser\u00e1 realizado a partir de las 9:30 de la ma\u00f1ana, en el Sal\u00f3n de Actos de la Gobernaci\u00f3n Provincial de esta ciudad. [&hellip;]<\/p>\n","protected":false},"author":3,"featured_media":0,"comment_status":"open","ping_status":"open","sticky":false,"template":"","format":"standard","meta":{"footnotes":""},"categories":[20],"tags":[],"class_list":["post-218964","post","type-post","status-publish","format-standard","hentry","category-dominicana-hoy"],"_links":{"self":[{"href":"https:\/\/diariodominicano.com\/index.php?rest_route=\/wp\/v2\/posts\/218964","targetHints":{"allow":["GET"]}}],"collection":[{"href":"https:\/\/diariodominicano.com\/index.php?rest_route=\/wp\/v2\/posts"}],"about":[{"href":"https:\/\/diariodominicano.com\/index.php?rest_route=\/wp\/v2\/types\/post"}],"author":[{"embeddable":true,"href":"https:\/\/diariodominicano.com\/index.php?rest_route=\/wp\/v2\/users\/3"}],"replies":[{"embeddable":true,"href":"https:\/\/diariodominicano.com\/index.php?rest_route=%2Fwp%2Fv2%2Fcomments&post=218964"}],"version-history":[{"count":0,"href":"https:\/\/diariodominicano.com\/index.php?rest_route=\/wp\/v2\/posts\/218964\/revisions"}],"wp:attachment":[{"href":"https:\/\/diariodominicano.com\/index.php?rest_route=%2Fwp%2Fv2%2Fmedia&parent=218964"}],"wp:term":[{"taxonomy":"category","embeddable":true,"href":"https:\/\/diariodominicano.com\/index.php?rest_route=%2Fwp%2Fv2%2Fcategories&post=218964"},{"taxonomy":"post_tag","embeddable":true,"href":"https:\/\/diariodominicano.com\/index.php?rest_route=%2Fwp%2Fv2%2Ftags&post=218964"}],"curies":[{"name":"wp","href":"https:\/\/api.w.org\/{rel}","templated":true}]}}