{"id":218963,"date":"2016-03-29T18:03:02","date_gmt":"2016-03-29T18:03:02","guid":{"rendered":"http:\/\/diariodominicano.ddns.net\/?p=218963"},"modified":"2016-03-29T18:03:02","modified_gmt":"2016-03-29T18:03:02","slug":"gobierno-dominicano-se-une-a-repudio-contra-terrorismo-en-bruselas","status":"publish","type":"post","link":"https:\/\/diariodominicano.com\/?p=218963","title":{"rendered":"Gobierno dominicano se une a repudio contra terrorismo en Bruselas"},"content":{"rendered":"<p><body><\/p>\n<p><img decoding=\"async\" src=\"img3\/portada_3.jpg\" \/>  <\/p>\n<p><span class=\"text1noticias\">Santo Domingo, R. D., 29 Marzo (DICOM).- El presidente Danilo Medina envi\u00f3 un mensaje al primer ministro de B\u00e9lgica, Charles Michel, en el que extiende su solidaridad y la del Gobierno por el ataque terrorista perpetrado contra el aeropuerto de Zaventem y la estaci\u00f3n del metro de Maalbeek, en Bruselas.<\/span><\/p>\n<p><span class=\"text1noticias\"> <\/span><\/p>\n<p><span class=\"text1noticias\">En carta enviada a trav\u00e9s del Ministerio de Relaciones Exteriores, el jefe de Estado expresa que se une de manera solidaria al repudio colectivo que genera esa tragedia en todo el mundo.<\/span><\/p>\n<p><span class=\"text1noticias\"> <\/span><\/p>\n<p><span class=\"text1noticias\">\u00abEn nombre del pueblo y el Gobierno dominicanos, y en el m\u00edo propio, reciba los m\u00e1s sinceros sentimientos de pesar, en los angustiosos momentos que se viven en su pa\u00eds, por una acci\u00f3n espantosa, que hiere la sensibilidad de todos los pa\u00edses amigos\u00bb, manifest\u00f3.<\/span><\/p>\n<p><span class=\"text1noticias\"> <\/span><\/p>\n<p><span class=\"text1noticias\">Al mismo tiempo, Danilo Medina manifest\u00f3 su deseo de que las palabras de aliento sean transmitidas al pueblo belga y de manera especial a los familiares de las v\u00edctimas mortales, a los heridos y a todas las personas afectadas de alguna manera por el abominable atentado, que tanto dolor y tristeza ha provocado al mundo. Asimismo, de que hechos como este no vuelvan a repetirse.<\/span><\/p>\n<p><span class=\"text1noticias\"> <\/span><\/p>\n<p><span class=\"text1noticias\">\u00abDeseamos que el respeto a la vida prevalezca sobre las ansias de exterminio que anima a los terroristas, para que hechos como este no vuelvan a repetirse, y que en toda la humanidad se impongan la paz y la convivencia pac\u00edfica\u00bb, precis\u00f3.<\/span><\/p>\n<h6> 2016-03-29 18:03:02 <\/h6>\n<p><!--\n<link rel=\"stylesheet\" href=\"css\/bootstrap.min.css\">\n\n\n<ul class=\"pagination\">\n\t    \n\t\n\n<li >\n\t<a href='?page_no=13331'>Previous<\/a>\n\t<\/li>\n\n\n       \n    \n\n<li><a href='?page_no=1'>1<\/a><\/li>\n\n\n\n<li><a href='?page_no=2'>2<\/a><\/li>\n\n\n\n<li><a>...<\/a><\/li>\n\n\n\n<li><a href='?page_no=13330'>13330<\/a><\/li>\n\n\n\n<li><a href='?page_no=13331'>13331<\/a><\/li>\n\n\n\n<li class='active'><a>13332<\/a><\/li>\n\n\n\n<li><a href='?page_no=13333'>13333<\/a><\/li>\n\n\n\n<li><a href='?page_no=13334'>13334<\/a><\/li>\n\n\n\n<li><a>...<\/a><\/li>\n\n\n\n<li><a href='?page_no=56169'>56169<\/a><\/li>\n\n\n\n<li><a href='?page_no=56170'>56170<\/a><\/li>\n\n    \n\t\n\n<li >\n\t<a href='?page_no=13333'>Next<\/a>\n\t<\/li>\n\n\n    \n\n<li><a href='?page_no=56170'>Last &rsaquo;&rsaquo;<\/a><\/li>\n\n<\/ul>\n\n\n--><br \/>\n<\/body><\/p>\n","protected":false},"excerpt":{"rendered":"<p>Santo Domingo, R. D., 29 Marzo (DICOM).- El presidente Danilo Medina envi\u00f3 un mensaje al primer ministro de B\u00e9lgica, Charles Michel, en el que extiende su solidaridad y la del Gobierno por el ataque terrorista perpetrado contra el aeropuerto de Zaventem y la estaci\u00f3n del metro de Maalbeek, en Bruselas. En carta enviada a trav\u00e9s [&hellip;]<\/p>\n","protected":false},"author":3,"featured_media":0,"comment_status":"open","ping_status":"open","sticky":false,"template":"","format":"standard","meta":{"footnotes":""},"categories":[20],"tags":[],"class_list":["post-218963","post","type-post","status-publish","format-standard","hentry","category-dominicana-hoy"],"_links":{"self":[{"href":"https:\/\/diariodominicano.com\/index.php?rest_route=\/wp\/v2\/posts\/218963","targetHints":{"allow":["GET"]}}],"collection":[{"href":"https:\/\/diariodominicano.com\/index.php?rest_route=\/wp\/v2\/posts"}],"about":[{"href":"https:\/\/diariodominicano.com\/index.php?rest_route=\/wp\/v2\/types\/post"}],"author":[{"embeddable":true,"href":"https:\/\/diariodominicano.com\/index.php?rest_route=\/wp\/v2\/users\/3"}],"replies":[{"embeddable":true,"href":"https:\/\/diariodominicano.com\/index.php?rest_route=%2Fwp%2Fv2%2Fcomments&post=218963"}],"version-history":[{"count":0,"href":"https:\/\/diariodominicano.com\/index.php?rest_route=\/wp\/v2\/posts\/218963\/revisions"}],"wp:attachment":[{"href":"https:\/\/diariodominicano.com\/index.php?rest_route=%2Fwp%2Fv2%2Fmedia&parent=218963"}],"wp:term":[{"taxonomy":"category","embeddable":true,"href":"https:\/\/diariodominicano.com\/index.php?rest_route=%2Fwp%2Fv2%2Fcategories&post=218963"},{"taxonomy":"post_tag","embeddable":true,"href":"https:\/\/diariodominicano.com\/index.php?rest_route=%2Fwp%2Fv2%2Ftags&post=218963"}],"curies":[{"name":"wp","href":"https:\/\/api.w.org\/{rel}","templated":true}]}}