{"id":218962,"date":"2016-03-29T18:16:14","date_gmt":"2016-03-29T18:16:14","guid":{"rendered":"http:\/\/diariodominicano.ddns.net\/?p=218962"},"modified":"2016-03-29T18:16:14","modified_gmt":"2016-03-29T18:16:14","slug":"danilo-medina-magaly-pineda-lucho-por-derechos-de-mujeres","status":"publish","type":"post","link":"https:\/\/diariodominicano.com\/?p=218962","title":{"rendered":"Danilo Medina: Magaly Pineda luch\u00f3 por derechos de mujeres"},"content":{"rendered":"<p><body><\/p>\n<p><img decoding=\"async\" src=\"img3\/portada_3.jpg\" \/>  <\/p>\n<p><span class=\"text1noticias\">Santo Domingo, R. D., marzo (DICOM).- Al solidarizarse con los familiares de la fenecida soci\u00f3loga Magaly Pineda, el presidente Danilo Medina la defini\u00f3 como una educadora por vocaci\u00f3n y luchadora incansable por los derechos de las mujeres.<\/span><\/p>\n<p><span class=\"text1noticias\"> <\/span><\/p>\n<p><span class=\"text1noticias\">El jefe de Estado envi\u00f3 una carta de condolencias a su esposo, Rafael (Fafa) Taveras, donde asegura que la triste partida de la l\u00edder feminista es una p\u00e9rdida lamentable para Rep\u00fablica Dominicana.<\/span><\/p>\n<p><span class=\"text1noticias\"> <\/span><\/p>\n<p><span class=\"text1noticias\">\u00abFue fundadora del Centro de Investigaci\u00f3n para la Acci\u00f3n Femenina (CIPAF) y durante casi toda su vida estuvo ligada a la militancia revolucionaria, antes y despu\u00e9s de la ca\u00edda de la dictadura. Que su alma descanse en paz\u00bb, refiere la carta.<\/span><\/p>\n<p><span class=\"text1noticias\"> <\/span><\/p>\n<p><span class=\"text1noticias\">Danilo Medina tambi\u00e9n se une de manera solidaria al pesar de sus hijos Syra Leonor, Rafael y Marcelle Victoria Taveras Pineda, nietos y dem\u00e1s familiares, rog\u00e1ndole a Dios que les ayude a sobrellevar la tristeza que les inva<\/span>de.<\/p>\n<h6> 2016-03-29 18:16:14 <\/h6>\n<p><!--\n<link rel=\"stylesheet\" href=\"css\/bootstrap.min.css\">\n\n\n<ul class=\"pagination\">\n\t    \n\t\n\n<li >\n\t<a href='?page_no=13330'>Previous<\/a>\n\t<\/li>\n\n\n       \n    \n\n<li><a href='?page_no=1'>1<\/a><\/li>\n\n\n\n<li><a href='?page_no=2'>2<\/a><\/li>\n\n\n\n<li><a>...<\/a><\/li>\n\n\n\n<li><a href='?page_no=13329'>13329<\/a><\/li>\n\n\n\n<li><a href='?page_no=13330'>13330<\/a><\/li>\n\n\n\n<li class='active'><a>13331<\/a><\/li>\n\n\n\n<li><a href='?page_no=13332'>13332<\/a><\/li>\n\n\n\n<li><a href='?page_no=13333'>13333<\/a><\/li>\n\n\n\n<li><a>...<\/a><\/li>\n\n\n\n<li><a href='?page_no=56169'>56169<\/a><\/li>\n\n\n\n<li><a href='?page_no=56170'>56170<\/a><\/li>\n\n    \n\t\n\n<li >\n\t<a href='?page_no=13332'>Next<\/a>\n\t<\/li>\n\n\n    \n\n<li><a href='?page_no=56170'>Last &rsaquo;&rsaquo;<\/a><\/li>\n\n<\/ul>\n\n\n--><br \/>\n<\/body><\/p>\n","protected":false},"excerpt":{"rendered":"<p>Santo Domingo, R. D., marzo (DICOM).- Al solidarizarse con los familiares de la fenecida soci\u00f3loga Magaly Pineda, el presidente Danilo Medina la defini\u00f3 como una educadora por vocaci\u00f3n y luchadora incansable por los derechos de las mujeres. El jefe de Estado envi\u00f3 una carta de condolencias a su esposo, Rafael (Fafa) Taveras, donde asegura que [&hellip;]<\/p>\n","protected":false},"author":3,"featured_media":0,"comment_status":"open","ping_status":"open","sticky":false,"template":"","format":"standard","meta":{"footnotes":""},"categories":[20],"tags":[],"class_list":["post-218962","post","type-post","status-publish","format-standard","hentry","category-dominicana-hoy"],"_links":{"self":[{"href":"https:\/\/diariodominicano.com\/index.php?rest_route=\/wp\/v2\/posts\/218962","targetHints":{"allow":["GET"]}}],"collection":[{"href":"https:\/\/diariodominicano.com\/index.php?rest_route=\/wp\/v2\/posts"}],"about":[{"href":"https:\/\/diariodominicano.com\/index.php?rest_route=\/wp\/v2\/types\/post"}],"author":[{"embeddable":true,"href":"https:\/\/diariodominicano.com\/index.php?rest_route=\/wp\/v2\/users\/3"}],"replies":[{"embeddable":true,"href":"https:\/\/diariodominicano.com\/index.php?rest_route=%2Fwp%2Fv2%2Fcomments&post=218962"}],"version-history":[{"count":0,"href":"https:\/\/diariodominicano.com\/index.php?rest_route=\/wp\/v2\/posts\/218962\/revisions"}],"wp:attachment":[{"href":"https:\/\/diariodominicano.com\/index.php?rest_route=%2Fwp%2Fv2%2Fmedia&parent=218962"}],"wp:term":[{"taxonomy":"category","embeddable":true,"href":"https:\/\/diariodominicano.com\/index.php?rest_route=%2Fwp%2Fv2%2Fcategories&post=218962"},{"taxonomy":"post_tag","embeddable":true,"href":"https:\/\/diariodominicano.com\/index.php?rest_route=%2Fwp%2Fv2%2Ftags&post=218962"}],"curies":[{"name":"wp","href":"https:\/\/api.w.org\/{rel}","templated":true}]}}