{"id":218961,"date":"2016-03-30T09:57:45","date_gmt":"2016-03-30T09:57:45","guid":{"rendered":"http:\/\/diariodominicano.ddns.net\/?p=218961"},"modified":"2016-03-30T09:57:45","modified_gmt":"2016-03-30T09:57:45","slug":"brigadas-de-fard-extingue-incendio-proximo-a-base-aerea-de-san-isidro","status":"publish","type":"post","link":"https:\/\/diariodominicano.com\/?p=218961","title":{"rendered":"Brigadas de FARD extingue incendio pr\u00f3ximo a base A\u00e9rea de San Isidro"},"content":{"rendered":"<p><body><\/p>\n<p><img decoding=\"async\" src=\"img3\/San Isidro.jpg\" \/>  <\/p>\n<p>Santo Domingo, R. D., 30 de marzo.- Aeronaves especializadas de la  Fuerza A\u00e9rea de Rep\u00fablica Dominicana (FARD) y brigadas terrestres, participaron decididamente en la extinci\u00f3n de un incendio ocurrido en la zona boscosa al este de la Base A\u00e9rea San Isidro.<\/p>\n<\/p>\n<p>Dos helic\u00f3pteros del Escuadr\u00f3n de Rescate del Comando A\u00e9reo de la instituci\u00f3n y personal de tierra entrenado fueron utilizados hasta la extinci\u00f3n total del siniestro, que amenaz\u00f3 con cobrar mayores dimensiones.<\/p>\n<\/p>\n<p>Una nota enviada a END, dice que la r\u00e1pida intervenci\u00f3n de las aeronaves, equipadas con equipos Bambi Bucket, que permiten el vertido de miles de galones de agua sobre objetivos espec\u00edficos en tiempo abreviado,  controlaron tras un gran esfuerzo y pericia de los pilotos las llamas que devoraban la arboleda.<\/p>\n<\/p>\n<p>Agrega que el Oficial Ejecutivo de la FARD, coronel paracaidista Ferreras Marte acudi\u00f3 inmediatamente al lugar del fuego tan pronto la instituci\u00f3n se percat\u00f3 de lo que ocurr\u00eda, comandando el personal entrenado contra incendios,  y enfrent\u00f3 con habilidad las llamas que amenazaban zonas cercanas, donde son depositadas llantas de autom\u00f3viles desechadas.<\/p>\n<\/p>\n<p>Explica que una gran humareda que se elev\u00f3 a gran altura, invadi\u00f3 el entorno, obstaculizando las maniobras de los experimentados pilotos, quienes se internaban en el denso humo para verter agua sobre las llamas, en el inh\u00f3spito lugar.<\/p>\n<\/p>\n<p>A\u00f1ade que la utilizaci\u00f3n de los Bambi Bucket, adaptados a los helic\u00f3pteros Bell de la FARD, ha permitido que los incendios que ocurren en distintos puntos del pa\u00eds ocasionalmente, sean controlados en breve tiempo, evitando grandes da\u00f1os forestales y a propiedades en zonas escabrosas principalmente en los bosques.<\/p>\n<h6> 2016-03-30 09:57:45 <\/h6>\n<p><!--\n<link rel=\"stylesheet\" href=\"css\/bootstrap.min.css\">\n\n\n<ul class=\"pagination\">\n\t    \n\t\n\n<li >\n\t<a href='?page_no=13329'>Previous<\/a>\n\t<\/li>\n\n\n       \n    \n\n<li><a href='?page_no=1'>1<\/a><\/li>\n\n\n\n<li><a href='?page_no=2'>2<\/a><\/li>\n\n\n\n<li><a>...<\/a><\/li>\n\n\n\n<li><a href='?page_no=13328'>13328<\/a><\/li>\n\n\n\n<li><a href='?page_no=13329'>13329<\/a><\/li>\n\n\n\n<li class='active'><a>13330<\/a><\/li>\n\n\n\n<li><a href='?page_no=13331'>13331<\/a><\/li>\n\n\n\n<li><a href='?page_no=13332'>13332<\/a><\/li>\n\n\n\n<li><a>...<\/a><\/li>\n\n\n\n<li><a href='?page_no=56169'>56169<\/a><\/li>\n\n\n\n<li><a href='?page_no=56170'>56170<\/a><\/li>\n\n    \n\t\n\n<li >\n\t<a href='?page_no=13331'>Next<\/a>\n\t<\/li>\n\n\n    \n\n<li><a href='?page_no=56170'>Last &rsaquo;&rsaquo;<\/a><\/li>\n\n<\/ul>\n\n\n--><br \/>\n<\/body><\/p>\n","protected":false},"excerpt":{"rendered":"<p>Santo Domingo, R. D., 30 de marzo.- Aeronaves especializadas de la Fuerza A\u00e9rea de Rep\u00fablica Dominicana (FARD) y brigadas terrestres, participaron decididamente en la extinci\u00f3n de un incendio ocurrido en la zona boscosa al este de la Base A\u00e9rea San Isidro. Dos helic\u00f3pteros del Escuadr\u00f3n de Rescate del Comando A\u00e9reo de la instituci\u00f3n y personal [&hellip;]<\/p>\n","protected":false},"author":3,"featured_media":0,"comment_status":"open","ping_status":"open","sticky":false,"template":"","format":"standard","meta":{"footnotes":""},"categories":[20],"tags":[],"class_list":["post-218961","post","type-post","status-publish","format-standard","hentry","category-dominicana-hoy"],"_links":{"self":[{"href":"https:\/\/diariodominicano.com\/index.php?rest_route=\/wp\/v2\/posts\/218961","targetHints":{"allow":["GET"]}}],"collection":[{"href":"https:\/\/diariodominicano.com\/index.php?rest_route=\/wp\/v2\/posts"}],"about":[{"href":"https:\/\/diariodominicano.com\/index.php?rest_route=\/wp\/v2\/types\/post"}],"author":[{"embeddable":true,"href":"https:\/\/diariodominicano.com\/index.php?rest_route=\/wp\/v2\/users\/3"}],"replies":[{"embeddable":true,"href":"https:\/\/diariodominicano.com\/index.php?rest_route=%2Fwp%2Fv2%2Fcomments&post=218961"}],"version-history":[{"count":0,"href":"https:\/\/diariodominicano.com\/index.php?rest_route=\/wp\/v2\/posts\/218961\/revisions"}],"wp:attachment":[{"href":"https:\/\/diariodominicano.com\/index.php?rest_route=%2Fwp%2Fv2%2Fmedia&parent=218961"}],"wp:term":[{"taxonomy":"category","embeddable":true,"href":"https:\/\/diariodominicano.com\/index.php?rest_route=%2Fwp%2Fv2%2Fcategories&post=218961"},{"taxonomy":"post_tag","embeddable":true,"href":"https:\/\/diariodominicano.com\/index.php?rest_route=%2Fwp%2Fv2%2Ftags&post=218961"}],"curies":[{"name":"wp","href":"https:\/\/api.w.org\/{rel}","templated":true}]}}