{"id":218956,"date":"2016-03-30T16:23:17","date_gmt":"2016-03-30T16:23:17","guid":{"rendered":"http:\/\/diariodominicano.ddns.net\/?p=218956"},"modified":"2016-03-30T16:23:17","modified_gmt":"2016-03-30T16:23:17","slug":"danilo-medina-aspira-gobierno-de-unidad-nacional-por-estabilidad-del-pais","status":"publish","type":"post","link":"https:\/\/diariodominicano.com\/?p=218956","title":{"rendered":"Danilo Medina aspira gobierno de unidad nacional por estabilidad del pa\u00eds"},"content":{"rendered":"<p><body><\/p>\n<p><img decoding=\"async\" src=\"img3\/danilo1.jpg\" \/>  <\/p>\n<\/p>\n<p><strong><span class=\"text1noticias\">Santo Domingo, RD.,30 de marzo.- <\/span><\/strong><span class=\"text1noticias\">El Presidente de la Rep\u00fablica y aspirante a la reelecci\u00f3n, Danilo Medina, afirm\u00f3 este mi\u00e9rcoles que encabezar\u00e1, durante el per\u00edodo 2016-2020, un gobierno de unidad nacional que tendr\u00e1 como pilares la estabilidad econ\u00f3mica y financiera, la modernizaci\u00f3n del Estado y la seguridad ciudadana.<\/span><\/p>\n<\/p>\n<p><span class=\"text1noticias\">Dijo que el reto principal de la Rep\u00fablica Dominicana ser\u00e1 el de mejorar su productividad y competitividad en un contexto en que en Am\u00e9rica Latina, el crecer y avanzar se convertir\u00e1 en la excepci\u00f3n y no en la norma.<\/span><\/p>\n<\/p>\n<p><span class=\"text1noticias\">Sobre lo anterior observ\u00f3, sin embargo, lo siguiente: \u00abpara navegar en aguas revueltas, el pa\u00eds necesitar\u00e1 de un gobierno con experiencia probada, con t\u00e9cnicos cualificados y con un amplio apoyo social, y por eso, en los \u00faltimos meses hemos reforzado nuestra gran alianza nacional, nuestro v\u00ednculo de confianza con todo el pueblo dominicano\u00bb.<\/span><\/p>\n<p><span class=\"text1noticias\">Medina hizo los planteamientos durante el discurso que pronunci\u00f3, como orador invitado en su condici\u00f3n de candidato presidencial, ante la C\u00e1mara Americana de Comercio. La actividad se realiz\u00f3 en el hotel Jaragua.<\/span><\/p>\n<p><span class=\"text1noticias\">Destac\u00f3 el hecho de que desde el Gobierno se ha agrupado a gente procedente de todos los sectores, incluso a sectores tradicionalmente enfrentados entre s\u00ed, en torno a una visi\u00f3n com\u00fan de paz, de estabilidad y de progreso.<\/span><\/p>\n<p><span class=\"text1noticias\">Hemos buscado a todos aquellos que est\u00e1n dispuestos a aportar su talento a este proyecto de progreso, agreg\u00f3, y los hemos invitado a formar un gobierno de unidad nacional.<\/span><\/p>\n<p><span class=\"text1noticias\">Pilares del gobierno unidad<\/span><\/p>\n<p><span class=\"text1noticias\">El mandatario y aspirante a la reelecci\u00f3n cit\u00f3 entre las bases del gobierno de unidad nacional  y como primer pilar, la estabilidad econ\u00f3mica y financiera. Dijo que se dar\u00e1  un est\u00edmulo renovado a todos y cada uno de los sectores productivos, en permanente di\u00e1logo con ellos, desde las grandes cadenas hoteleras hasta los m\u00e1s peque\u00f1os emprendimientos.<\/span><\/p>\n<p><span class=\"text1noticias\"> <\/span><\/p>\n<p><span class=\"text1noticias\">Refiri\u00f3 como segundo pilar, la modernizaci\u00f3n del pa\u00eds, que incluye la estabilidad del suministro el\u00e9ctrico y la puesta a punto de sus infraestructuras en sectores clave, en el marco de inversiones p\u00fablicas eficientes y transparentes.<\/span><\/p>\n<p><span class=\"text1noticias\">Mientras que el tercer pilar ser\u00e1 lograr la estabilidad m\u00e1s ansiada por nuestra gente, agreg\u00f3, que es la tranquilidad en las calles gracias a un relanzamiento de nuestra estrategia de seguridad ciudadana.<\/span><\/p>\n<p><span class=\"text1noticias\"> Precis\u00f3 que la administraci\u00f3n bajo su cargo est\u00e1 planificando las acciones conforme  a estimaciones responsables de inversi\u00f3n, a trav\u00e9s de metas ambiciosas, pero realistas, que no pongan en peligro la estabilidad macroecon\u00f3mica del pa\u00eds.<\/span><\/p>\n<p><span class=\"text1noticias\">\u00abLes digo esto porque en \u00e9poca electoral y especialmente cuando un candidato carece de experiencia y desconoce el Estado, es com\u00fan escuchar promesas que quiz\u00e1 suenen interesantes, pero que o bien son imposibles de cumplir o, peor a\u00fan, son capaces de hacer quebrar la econom\u00eda nacional\u00bb, expres\u00f3.<\/span><\/p>\n<p><span class=\"text1noticias\">En la direcci\u00f3n anterior, dijo: \u00abnuestro pa\u00eds ya sufri\u00f3 esa situaci\u00f3n en el pasado y estoy seguro de que no quiere repetir la experiencia, por eso, repito, estamos actuando con la mayor responsabilidad en nuestra planificaci\u00f3n, al igual que lo hemos hecho durante toda nuestra gesti\u00f3n\u00bb.<\/span><\/p>\n<p><span class=\"text1noticias\"><strong>Las acciones<\/strong><\/span><\/p>\n<\/p>\n<p><span class=\"text1noticias\">Medina se\u00f1al\u00f3 que de manera concreta, la Rep\u00fablica Dominicana requiere seguir creciendo a un ritmo superior al 5% anual y combinarlo, \u00abcomo venimos haciendo, con una baja inflaci\u00f3n y con relativa estabilidad cambiaria\u00bb.  Indic\u00f3 que si se quiere continuar abriendo oportunidades a la poblaci\u00f3n es preciso que la estabilidad macroecon\u00f3mica actual se consolide en el mediano y largo plazo.<\/span><\/p>\n<p><span class=\"text1noticias\">Dijo que eso no se logra improvisando, sino con experiencia y trabajo serio y destac\u00f3 que esa ha sido la manera como ha venido actuando la gesti\u00f3n que encabeza desde el 16 de agosto del a\u00f1o 2012.<\/span><\/p>\n<p><span class=\"text1noticias\">Refiri\u00f3 que entre las medidas a tomar figura la modificaci\u00f3n de la Ley  Monetaria y Financiera 183-02, para que el Banco Central pueda hacer frente a posibles turbulencias, tal como est\u00e1n haciendo otros bancos centrales de econom\u00edas avanzadas y emergentes.<\/span><\/p>\n<p><span class=\"text1noticias\"> <\/span><\/p>\n<p><span class=\"text1noticias\">Adem\u00e1s, impulsar la modernizaci\u00f3n de la Ley 19-00 sobre el Mercado de Valores, de forma que brinde mayor protecci\u00f3n a los inversionistas, mejore la transparencia de los intermediarios de valores y facilite a las pymes el acceso al cr\u00e9dito en dicho mercado.<\/span><\/p>\n<p><span class=\"text1noticias\">Asimismo, procurar el consenso para modificar la Ley 189-11 sobre Mercado Hipotecario y Fideicomiso, mejorando su regulaci\u00f3n al unificarlos en un solo organismo y permitiendo un mayor financiamiento con la emisi\u00f3n de instrumentos de deuda.<\/span><\/p>\n<p><span class=\"text1noticias\">Tambi\u00e9n promoveremos, agreg\u00f3, las Ley sobre Cooperativas de Ahorro y Cr\u00e9dito, la Ley de Sociedades de Garant\u00edas Rec\u00edprocas y la de Garant\u00edas Mobiliarias, a fin de hacer m\u00e1s eficiente, diverso y transparente el ecosistema de cr\u00e9dito dominicano. Explic\u00f3 que para que este ecosistema sea accesible al conjunto de los dominicanos y dominicanas, ampliar\u00e1n la educaci\u00f3n e inclusi\u00f3n financiera, con miras a aumentar la bancarizaci\u00f3n y el acceso a servicios financieros.<\/span><\/p>\n<p><span class=\"text1noticias\">Cit\u00f3 la creaci\u00f3n de un fondo nacional de financiamiento a la vivienda, a los fines de promover el ahorro nacional y facilitar el financiamiento de alquiler y compra de viviendas para familias de escasos recursos.<\/span><\/p>\n<\/p>\n<p><span class=\"text1noticias\">Dijo que con miras al escenario global, \u00abcumpliremos con las nuevas recomendaciones del Grupo de Acci\u00f3n Financiera Internacional (GAFI) dirigidas a combatir el lavado de activos, el financiamiento del terrorismo y la eliminaci\u00f3n de cualquier amenaza contra la estabilidad e integridad del sistema financiero dominicano y mundial\u00bb.<\/span><\/p>\n<\/p>\n<p><span class=\"text1noticias\">Respecto al pacto fiscal pendiente de discusi\u00f3n y aprobaci\u00f3n, Medina sostuvo que ser\u00e1 una prioridad de su administraci\u00f3n para el venidero cuatrienio.<\/span><\/p>\n<\/p>\n<p><span class=\"text1noticias\">\u00abSin embargo, quiero adelantarles tambi\u00e9n que no vamos a esperar hasta que dicho pacto est\u00e9 firmado para tomar medidas que aseguren la sostenibilidad de las cuentas p\u00fablicas\u00bb, se\u00f1al\u00f3.<\/span><\/p>\n<\/p>\n<p><span class=\"text1noticias\">Adelant\u00f3 que se har\u00e1 una revisi\u00f3n integral de las exenciones fiscales, en el marco del Pacto Fiscal, para reenfocar las mismas hacia las actividades m\u00e1s productivas, evitando la competencia desleal y fortaleciendo el conjunto de productividad del pa\u00eds.<\/span><\/p>\n<\/p>\n<p><span class=\"text1noticias\">Afirm\u00f3 que la estabilidad macroecon\u00f3mica no es un fin en s\u00ed mismo, \u00absino el primer paso para extender esa estabilidad y esa prosperidad al pueblo dominicano, comenzando por nuestro aparato productivo y generador de empleo: la industria, el comercio, las empresas grandes, medianas y, por supuesto, las microempresas\u00bb<strong>.<\/strong><\/span><\/p>\n<p><strong> <\/strong><\/p>\n<p><strong><span class=\"text1noticias\">Resultados esperados<\/span><\/strong><\/p>\n<\/p>\n<p><span class=\"text1noticias\">El Jefe del Estado y aspirante a la reelecci\u00f3n sostuvo que se va a prestar una renovada atenci\u00f3n al dinamismo econ\u00f3mico para crear otros 400,000 puestos de empleo entre 2016 y 2020, y seguir la colaboraci\u00f3n con el sector industrial.<\/span><\/p>\n<\/p>\n<p><span class=\"text1noticias\">Dijo que desarrollar\u00e1n una Zona de Actividad Log\u00edstica Fronteriza, en Puerto Seco, donde el Estado aportar\u00e1 los terrenos y la construcci\u00f3n ser\u00e1 ejecutada por el sector privado.<\/span><\/p>\n<p><span class=\"text1noticias\"> <\/span><\/p>\n<p><span class=\"text1noticias\">Precis\u00f3 que ese centro log\u00edstico incrementar\u00e1 las exportaciones hacia el mercado haitiano  y el Caribe mediante la oferta de servicios log\u00edsticos que simplifiquen y hagan competitiva la comercializaci\u00f3n de mercanc\u00edas entre los dos pa\u00edses.<\/span><\/p>\n<\/p>\n<p><span class=\"text1noticias\">Indic\u00f3 que con la colaboraci\u00f3n de Proindustria, recuperar\u00e1n y llenar\u00e1n  con empresas los parques de zonas francas que a\u00fan tengan capacidad para alojar nuevos negocios.<\/span><\/p>\n<\/p>\n<p><span class=\"text1noticias\">Respecto a las PYMES, dijo que el fruct\u00edfero di\u00e1logo en el sector ha permitido dise\u00f1ar una bater\u00eda completa de medidas para ayudarlas a formalizarse, crecer y mejorar su productividad.<\/span><\/p>\n<\/p>\n<p><span class=\"text1noticias\">Agreg\u00f3 que, adem\u00e1s, expandir\u00e1n programas como Aprender para Emprender, la Red de Emprendimiento y Reto Emprendedor y as\u00ed estimular y apoyar a decenas de miles de dominicanos y dominicanas para que conviertan sus ideas de negocio en realidades creadores de riqueza y empleo.<\/span><\/p>\n<p><span class=\"text1noticias\">Apuesta a energ\u00eda<\/span><\/p>\n<\/p>\n<p><span class=\"text1noticias\">Medina dijo que es consciente de que una condici\u00f3n indispensable para que los pr\u00f3ximos sean a\u00f1os de progreso y estabilidad, ser\u00e1 contar con un suministro de energ\u00eda el\u00e9ctrica confiable, de calidad, eficiente y a un precio justo.<\/span><\/p>\n<\/p>\n<p><span class=\"text1noticias\">Asegur\u00f3 que para ello pondr\u00e1n todo el empe\u00f1o en continuar las acciones ya iniciadas durante el actual periodo de gobierno, as\u00ed como otras nuevas, y se\u00f1al\u00f3 que para lograrlo, contar\u00e1n con el marco inmejorable de los acuerdos consensuados en el proceso del Pacto El\u00e9ctrico.<\/span><\/p>\n<\/p>\n<p><span class=\"text1noticias\">Inform\u00f3 que a nivel organizativo, el principal cambio ser\u00e1 que el Ministerio de Energ\u00eda y Minas se convertir\u00e1 en el \u00f3rgano rector de todo el sistema el\u00e9ctrico nacional, a fin de trazar la ruta a seguir por cada operadora e instituci\u00f3n aut\u00f3noma.<\/span><\/p>\n<\/p>\n<p><span class=\"text1noticias\">Precis\u00f3 que bajo esa direcci\u00f3n, seguir\u00e1n modificando la composici\u00f3n de la matriz de generaci\u00f3n a fin de reducir la dependencia de los hidrocarburos.<\/span><\/p>\n<p><span class=\"text1noticias\"> <\/span><\/p>\n<p><span class=\"text1noticias\">Dijo que ampliar\u00e1n las facilidades fiscales y financieras para el uso de fuentes de energ\u00eda renovables, incluyendo la aprobaci\u00f3n de una ley que permita que las MIPYMES cuenten los paneles solares como garant\u00edas de cr\u00e9dito.<\/span><\/p>\n<\/p>\n<p><span class=\"text1noticias\">Sostuvo que el objetivo de la distribuci\u00f3n el\u00e9ctrica consistir\u00e1 en reducir las p\u00e9rdidas en un 3% anual, mediante la inversi\u00f3n de hasta 200 millones de d\u00f3lares anuales en mejoras del sistema, y anunci\u00f3 \u00abla eliminaci\u00f3n de los subsidios indiscriminados y se aplicar\u00e1 la tarifa t\u00e9cnica de forma gradual, en un periodo de 3 a\u00f1os, abarcando a todas las distribuidoras y sistemas\u00bb.<\/span><\/p>\n<\/p>\n<h6> 2016-03-30 16:23:17 <\/h6>\n<p><!--\n<link rel=\"stylesheet\" href=\"css\/bootstrap.min.css\">\n\n\n<ul class=\"pagination\">\n\t    \n\t\n\n<li >\n\t<a href='?page_no=13325'>Previous<\/a>\n\t<\/li>\n\n\n       \n    \n\n<li><a href='?page_no=1'>1<\/a><\/li>\n\n\n\n<li><a href='?page_no=2'>2<\/a><\/li>\n\n\n\n<li><a>...<\/a><\/li>\n\n\n\n<li><a href='?page_no=13324'>13324<\/a><\/li>\n\n\n\n<li><a href='?page_no=13325'>13325<\/a><\/li>\n\n\n\n<li class='active'><a>13326<\/a><\/li>\n\n\n\n<li><a href='?page_no=13327'>13327<\/a><\/li>\n\n\n\n<li><a href='?page_no=13328'>13328<\/a><\/li>\n\n\n\n<li><a>...<\/a><\/li>\n\n\n\n<li><a href='?page_no=56169'>56169<\/a><\/li>\n\n\n\n<li><a href='?page_no=56170'>56170<\/a><\/li>\n\n    \n\t\n\n<li >\n\t<a href='?page_no=13327'>Next<\/a>\n\t<\/li>\n\n\n    \n\n<li><a href='?page_no=56170'>Last &rsaquo;&rsaquo;<\/a><\/li>\n\n<\/ul>\n\n\n--><br \/>\n<\/body><\/p>\n","protected":false},"excerpt":{"rendered":"<p>Santo Domingo, RD.,30 de marzo.- El Presidente de la Rep\u00fablica y aspirante a la reelecci\u00f3n, Danilo Medina, afirm\u00f3 este mi\u00e9rcoles que encabezar\u00e1, durante el per\u00edodo 2016-2020, un gobierno de unidad nacional que tendr\u00e1 como pilares la estabilidad econ\u00f3mica y financiera, la modernizaci\u00f3n del Estado y la seguridad ciudadana. Dijo que el reto principal de la [&hellip;]<\/p>\n","protected":false},"author":3,"featured_media":0,"comment_status":"open","ping_status":"open","sticky":false,"template":"","format":"standard","meta":{"footnotes":""},"categories":[20],"tags":[],"class_list":["post-218956","post","type-post","status-publish","format-standard","hentry","category-dominicana-hoy"],"_links":{"self":[{"href":"https:\/\/diariodominicano.com\/index.php?rest_route=\/wp\/v2\/posts\/218956","targetHints":{"allow":["GET"]}}],"collection":[{"href":"https:\/\/diariodominicano.com\/index.php?rest_route=\/wp\/v2\/posts"}],"about":[{"href":"https:\/\/diariodominicano.com\/index.php?rest_route=\/wp\/v2\/types\/post"}],"author":[{"embeddable":true,"href":"https:\/\/diariodominicano.com\/index.php?rest_route=\/wp\/v2\/users\/3"}],"replies":[{"embeddable":true,"href":"https:\/\/diariodominicano.com\/index.php?rest_route=%2Fwp%2Fv2%2Fcomments&post=218956"}],"version-history":[{"count":0,"href":"https:\/\/diariodominicano.com\/index.php?rest_route=\/wp\/v2\/posts\/218956\/revisions"}],"wp:attachment":[{"href":"https:\/\/diariodominicano.com\/index.php?rest_route=%2Fwp%2Fv2%2Fmedia&parent=218956"}],"wp:term":[{"taxonomy":"category","embeddable":true,"href":"https:\/\/diariodominicano.com\/index.php?rest_route=%2Fwp%2Fv2%2Fcategories&post=218956"},{"taxonomy":"post_tag","embeddable":true,"href":"https:\/\/diariodominicano.com\/index.php?rest_route=%2Fwp%2Fv2%2Ftags&post=218956"}],"curies":[{"name":"wp","href":"https:\/\/api.w.org\/{rel}","templated":true}]}}