{"id":218954,"date":"2016-03-30T17:34:23","date_gmt":"2016-03-30T17:34:23","guid":{"rendered":"http:\/\/diariodominicano.ddns.net\/?p=218954"},"modified":"2016-03-30T17:34:23","modified_gmt":"2016-03-30T17:34:23","slug":"averias-deja-sin-agua-a-varios-sectores-de-boca-chica","status":"publish","type":"post","link":"https:\/\/diariodominicano.com\/?p=218954","title":{"rendered":"Aver\u00edas deja sin agua a varios sectores de Boca Chica"},"content":{"rendered":"<p><body><\/p>\n<p><img decoding=\"async\" src=\"img3\/problema de agua.jpg\" \/>  <\/p>\n<\/p>\n<p><span class=\"text1noticias\">Boca Chica. RD., 30 de marzo.- Una aver\u00eda ocasionada  por los trabajos de ampliaci\u00f3nde la autopista Las Am\u00e9ricas,  que realiza una empresa subcontratista en las inmediaciones de este municipio, provoc\u00f3  temporalmente la salida del servicio de agua potable en Andr\u00e9s Norte, Invi, El Botao,  Sina\u00ed, y brisas,<\/span><\/p>\n<\/p>\n<p><span class=\"text1noticias\">El  director de la Corporaci\u00f3n de Acueducto y Alcantarillado de Boca Chica(CORAABO), ingeniero Ferm\u00edn Brito, explic\u00f3  que tambi\u00e9n se han producido m\u00e1s de quince roturas  en la l\u00ednea de 16 pulgadas, lo que dificulta el acceso al agua en el sector industrial, la zona franca, el aeropuerto, Campo  Lindo, Ure\u00f1a, Los Frailes,  y Luz Mar\u00eda, entre otros.<\/span><\/p>\n<\/p>\n<p><span class=\"text1noticias\">Dijo que es necesario  que se movilicen esas l\u00edneas de aguas para evitar que vuelvan a ocurrir otras aver\u00edas durante la ampliaci\u00f3n de Las Am\u00e9ricas, en la parte concerniente a Boca Chica.<\/span><\/p>\n<\/p>\n<p><span class=\"text1noticias\">\u00abPara la movilizaci\u00f3n de las l\u00edneas de agua Coraabo ha remitido al Ministerio de Obras P\u00fablicas y a la propia compa\u00f1\u00eda que realiza los trabajos de remoci\u00f3n, los presupuestos que servir\u00e1n para solucionar este problema\u00bb destac\u00f3 Brito.<\/span><\/p>\n<\/p>\n<p><span class=\"text1noticias\">Manifest\u00f3 que Coraabo trabaj\u00f3 d\u00eda y noche para restableceren el menor tiempo posible el servicio de agua potable a los sectores, comunidades y  las  industrias que han sido afectados por las aver\u00edas. <\/span><\/p>\n<p><span class=\"text1noticias\">Auto Francis P\u00e9rez<\/span><\/p>\n<h6> 2016-03-30 17:34:23 <\/h6>\n<p><!--\n<link rel=\"stylesheet\" href=\"css\/bootstrap.min.css\">\n\n\n<ul class=\"pagination\">\n\t    \n\t\n\n<li >\n\t<a href='?page_no=13323'>Previous<\/a>\n\t<\/li>\n\n\n       \n    \n\n<li><a href='?page_no=1'>1<\/a><\/li>\n\n\n\n<li><a href='?page_no=2'>2<\/a><\/li>\n\n\n\n<li><a>...<\/a><\/li>\n\n\n\n<li><a href='?page_no=13322'>13322<\/a><\/li>\n\n\n\n<li><a href='?page_no=13323'>13323<\/a><\/li>\n\n\n\n<li class='active'><a>13324<\/a><\/li>\n\n\n\n<li><a href='?page_no=13325'>13325<\/a><\/li>\n\n\n\n<li><a href='?page_no=13326'>13326<\/a><\/li>\n\n\n\n<li><a>...<\/a><\/li>\n\n\n\n<li><a href='?page_no=56169'>56169<\/a><\/li>\n\n\n\n<li><a href='?page_no=56170'>56170<\/a><\/li>\n\n    \n\t\n\n<li >\n\t<a href='?page_no=13325'>Next<\/a>\n\t<\/li>\n\n\n    \n\n<li><a href='?page_no=56170'>Last &rsaquo;&rsaquo;<\/a><\/li>\n\n<\/ul>\n\n\n--><br \/>\n<\/body><\/p>\n","protected":false},"excerpt":{"rendered":"<p>Boca Chica. RD., 30 de marzo.- Una aver\u00eda ocasionada por los trabajos de ampliaci\u00f3nde la autopista Las Am\u00e9ricas, que realiza una empresa subcontratista en las inmediaciones de este municipio, provoc\u00f3 temporalmente la salida del servicio de agua potable en Andr\u00e9s Norte, Invi, El Botao, Sina\u00ed, y brisas, El director de la Corporaci\u00f3n de Acueducto y [&hellip;]<\/p>\n","protected":false},"author":3,"featured_media":0,"comment_status":"open","ping_status":"open","sticky":false,"template":"","format":"standard","meta":{"footnotes":""},"categories":[20],"tags":[],"class_list":["post-218954","post","type-post","status-publish","format-standard","hentry","category-dominicana-hoy"],"_links":{"self":[{"href":"https:\/\/diariodominicano.com\/index.php?rest_route=\/wp\/v2\/posts\/218954","targetHints":{"allow":["GET"]}}],"collection":[{"href":"https:\/\/diariodominicano.com\/index.php?rest_route=\/wp\/v2\/posts"}],"about":[{"href":"https:\/\/diariodominicano.com\/index.php?rest_route=\/wp\/v2\/types\/post"}],"author":[{"embeddable":true,"href":"https:\/\/diariodominicano.com\/index.php?rest_route=\/wp\/v2\/users\/3"}],"replies":[{"embeddable":true,"href":"https:\/\/diariodominicano.com\/index.php?rest_route=%2Fwp%2Fv2%2Fcomments&post=218954"}],"version-history":[{"count":0,"href":"https:\/\/diariodominicano.com\/index.php?rest_route=\/wp\/v2\/posts\/218954\/revisions"}],"wp:attachment":[{"href":"https:\/\/diariodominicano.com\/index.php?rest_route=%2Fwp%2Fv2%2Fmedia&parent=218954"}],"wp:term":[{"taxonomy":"category","embeddable":true,"href":"https:\/\/diariodominicano.com\/index.php?rest_route=%2Fwp%2Fv2%2Fcategories&post=218954"},{"taxonomy":"post_tag","embeddable":true,"href":"https:\/\/diariodominicano.com\/index.php?rest_route=%2Fwp%2Fv2%2Ftags&post=218954"}],"curies":[{"name":"wp","href":"https:\/\/api.w.org\/{rel}","templated":true}]}}