{"id":218953,"date":"2016-03-30T18:34:10","date_gmt":"2016-03-30T18:34:10","guid":{"rendered":"http:\/\/diariodominicano.ddns.net\/?p=218953"},"modified":"2016-03-30T18:34:10","modified_gmt":"2016-03-30T18:34:10","slug":"celebran-tercer-foro-nacional-de-reflexion-sobre-la-escuela-catolica","status":"publish","type":"post","link":"https:\/\/diariodominicano.com\/?p=218953","title":{"rendered":"Celebran Tercer Foro Nacional de Reflexi\u00f3n sobre la Escuela Cat\u00f3lica"},"content":{"rendered":"<p><body><\/p>\n<p><img decoding=\"async\" src=\"img3\/Celenbran Tercer foro.jpg\" \/>  <\/p>\n<p><strong><span class=\"text1noticias\"> <\/span><\/strong><\/p>\n<p><strong><span class=\"text1noticias\">Santo Domingo, RD., 30 de marzo.- <\/span><\/strong><span class=\"text1noticias\">La Uni\u00f3n Nacional de Escuelas Cat\u00f3licas (UNEC) y SM celebraron el Tercer  Foro Nacional de Reflexi\u00f3n sobre la Escuela Cat\u00f3lica,  en la   Escuela de Evangelizaci\u00f3n Juan Pablo II.<\/span><\/p>\n<p><span class=\"text1noticias\"> <\/span><\/p>\n<p><span class=\"text1noticias\">Seg\u00fan sus organizadores, los foros se presentan como un espacio de reflexi\u00f3n, encuentro y concienciaci\u00f3n de la necesidad de una Escuela Cat\u00f3lica firme y alineada en su identidad,  y cuentan con la participaci\u00f3n de  responsables de educaci\u00f3n de las instituciones religiosas, coordinadores y docentes en representaci\u00f3n  todas las di\u00f3cesis del pa\u00eds.<\/span><\/p>\n<\/p>\n<p><span class=\"text1noticias\">Guillermo Cote, Director General de SM, ha expresado que el foro \u00abReligiosos y laicos, Misi\u00f3n Compartida\u00bb,  teniendo como objetivo propiciar  la reflexi\u00f3n  sobre la posibilidad de crear espacios concretos de acogida, unidad y participaci\u00f3n,  desde la misi\u00f3n que integre a los miembros de la comunidad educativa desde su propia identidad. <\/span><\/p>\n<\/p>\n<p><span class=\"text1noticias\">Manifest\u00f3 que desde sus or\u00edgenes, la Iglesia ha enfrentado el desaf\u00edo de crear comunidad entre personas con distintas experiencias, saberes y opciones, por lo que este reto ha implicado situaciones de crisis, pero la Iglesia siempre sali\u00f3 fortalecida.  <\/span><\/p>\n<\/p>\n<p><span class=\"text1noticias\">Participaron  en la reuni\u00f3n los ponentes  internacionales, Padre Jos\u00e9 Mar\u00eda Felices Grassa, de Espa\u00f1a, sacerdote marianista y Vicepresidente de SM, quien tendr\u00e1 a su cargo la conferencia \u00ab\u00bfQu\u00e9 misi\u00f3n compartir?\u00bb; y el Director del Colegio San Jos\u00e9 de Puerto Rico, hermano Francisco Tom\u00e1s Gonz\u00e1lez Rivera, quien ofrecer\u00e1  la ponencia \u00abLa Misi\u00f3n Compartida Contin\u00faa y Se Desarrolla Cada <\/span><\/p>\n<p><span class=\"text1noticias\">D\u00eda M\u00e1s\u00bb.<\/span><\/p>\n<\/p>\n<p><span class=\"text1noticias\">En el marco del programa se organiz\u00f3  un panel en que  se abord\u00f3 desde diferentes perspectivas el tema de la Misi\u00f3n compartida,   a cargo de instituciones como Colegio Don Bosco, Fe y Alegr\u00eda y el Colegio Santa Teresa.<\/span><\/p>\n<\/p>\n<p><span class=\"text1noticias\">Durante el segundo d\u00eda, despu\u00e9s de cada ponencia se llevaron a cabo  mesas de reflexi\u00f3n, donde se discuti\u00f3  los temas tratados, a trav\u00e9s de una gu\u00eda de preguntas y respuestas. Luego del arduo trabajo los presentes disfrutaron de  la presentaci\u00f3n de un artista l\u00edrico.<\/span><\/p>\n<\/p>\n<p><span class=\"text1noticias\">La actividad concluy\u00f3  con la celebraci\u00f3n de  una Eucarist\u00eda, a cargo de Monse\u00f1or Jos\u00e9 Dolores Grull\u00f3n Estrella.<\/span><\/p>\n<\/p>\n<p><span class=\"text1noticias\">Sobre el Foro\u00bbReligiosos y laicos, Misi\u00f3n Compartida\u00bb  <\/span><\/p>\n<p><span class=\"text1noticias\">Las Arquidi\u00f3cesis participantes: Santo Domingo y Santiago.<\/span><\/p>\n<p><span class=\"text1noticias\">Di\u00f3cesis participantes: San Juan de la Maguana, Nuestra Se\u00f1ora de la Altagracia,<\/span><\/p>\n<p><span class=\"text1noticias\">Barahona,  Ban\u00ed,  San Pedro de Macor\u00eds,  La Vega,  San Francisco de Macor\u00eds, <\/span><\/p>\n<p><span class=\"text1noticias\">Mao- Montecristi y Puerto Plata.<\/span><\/p>\n<\/p>\n<h6> 2016-03-30 18:34:10 <\/h6>\n<p><!--\n<link rel=\"stylesheet\" href=\"css\/bootstrap.min.css\">\n\n\n<ul class=\"pagination\">\n\t    \n\t\n\n<li >\n\t<a href='?page_no=13322'>Previous<\/a>\n\t<\/li>\n\n\n       \n    \n\n<li><a href='?page_no=1'>1<\/a><\/li>\n\n\n\n<li><a href='?page_no=2'>2<\/a><\/li>\n\n\n\n<li><a>...<\/a><\/li>\n\n\n\n<li><a href='?page_no=13321'>13321<\/a><\/li>\n\n\n\n<li><a href='?page_no=13322'>13322<\/a><\/li>\n\n\n\n<li class='active'><a>13323<\/a><\/li>\n\n\n\n<li><a href='?page_no=13324'>13324<\/a><\/li>\n\n\n\n<li><a href='?page_no=13325'>13325<\/a><\/li>\n\n\n\n<li><a>...<\/a><\/li>\n\n\n\n<li><a href='?page_no=56169'>56169<\/a><\/li>\n\n\n\n<li><a href='?page_no=56170'>56170<\/a><\/li>\n\n    \n\t\n\n<li >\n\t<a href='?page_no=13324'>Next<\/a>\n\t<\/li>\n\n\n    \n\n<li><a href='?page_no=56170'>Last &rsaquo;&rsaquo;<\/a><\/li>\n\n<\/ul>\n\n\n--><br \/>\n<\/body><\/p>\n","protected":false},"excerpt":{"rendered":"<p>Santo Domingo, RD., 30 de marzo.- La Uni\u00f3n Nacional de Escuelas Cat\u00f3licas (UNEC) y SM celebraron el Tercer Foro Nacional de Reflexi\u00f3n sobre la Escuela Cat\u00f3lica, en la Escuela de Evangelizaci\u00f3n Juan Pablo II. Seg\u00fan sus organizadores, los foros se presentan como un espacio de reflexi\u00f3n, encuentro y concienciaci\u00f3n de la necesidad de una Escuela [&hellip;]<\/p>\n","protected":false},"author":3,"featured_media":0,"comment_status":"open","ping_status":"open","sticky":false,"template":"","format":"standard","meta":{"footnotes":""},"categories":[20],"tags":[],"class_list":["post-218953","post","type-post","status-publish","format-standard","hentry","category-dominicana-hoy"],"_links":{"self":[{"href":"https:\/\/diariodominicano.com\/index.php?rest_route=\/wp\/v2\/posts\/218953","targetHints":{"allow":["GET"]}}],"collection":[{"href":"https:\/\/diariodominicano.com\/index.php?rest_route=\/wp\/v2\/posts"}],"about":[{"href":"https:\/\/diariodominicano.com\/index.php?rest_route=\/wp\/v2\/types\/post"}],"author":[{"embeddable":true,"href":"https:\/\/diariodominicano.com\/index.php?rest_route=\/wp\/v2\/users\/3"}],"replies":[{"embeddable":true,"href":"https:\/\/diariodominicano.com\/index.php?rest_route=%2Fwp%2Fv2%2Fcomments&post=218953"}],"version-history":[{"count":0,"href":"https:\/\/diariodominicano.com\/index.php?rest_route=\/wp\/v2\/posts\/218953\/revisions"}],"wp:attachment":[{"href":"https:\/\/diariodominicano.com\/index.php?rest_route=%2Fwp%2Fv2%2Fmedia&parent=218953"}],"wp:term":[{"taxonomy":"category","embeddable":true,"href":"https:\/\/diariodominicano.com\/index.php?rest_route=%2Fwp%2Fv2%2Fcategories&post=218953"},{"taxonomy":"post_tag","embeddable":true,"href":"https:\/\/diariodominicano.com\/index.php?rest_route=%2Fwp%2Fv2%2Ftags&post=218953"}],"curies":[{"name":"wp","href":"https:\/\/api.w.org\/{rel}","templated":true}]}}