{"id":218952,"date":"2016-03-30T22:51:28","date_gmt":"2016-03-30T22:51:28","guid":{"rendered":"http:\/\/diariodominicano.ddns.net\/?p=218952"},"modified":"2016-03-30T22:51:28","modified_gmt":"2016-03-30T22:51:28","slug":"el-discurso-de-danilo-medina-ante-la-camara-americana-de-comercio","status":"publish","type":"post","link":"https:\/\/diariodominicano.com\/?p=218952","title":{"rendered":"El discurso de Danilo Medina ante la C\u00e1mara Americana de Comercio"},"content":{"rendered":"<p><body><\/p>\n<p><img decoding=\"async\" src=\"img3\/portada_3.jpg\" \/>  <\/p>\n<p><span class=\"text1noticias\">Discurso del Lic. Danilo Medina ante la C\u00e1mara Americana de Comercio de la Rep\u00fablica Dominicana (AMCHAMDR)<\/span><\/p>\n<\/p>\n<p><span class=\"text1noticias\">30 de marzo 2016<\/span><\/p>\n<\/p>\n<p><span class=\"text1noticias\">Sr. Gustavo Tavares, <\/span><\/p>\n<p><span class=\"text1noticias\">Presidente de la C\u00e1mara Americana de Comercio de la Rep\u00fablica Dominicana (AMCHAMDR);<\/span><\/p>\n<\/p>\n<p><span class=\"text1noticias\">Honorable Dra. Margarita Cede\u00f1o de Fern\u00e1ndez,<\/span><\/p>\n<p><span class=\"text1noticias\">Vicepresidenta de la Rep\u00fablica;<\/span><\/p>\n<\/p>\n<p><span class=\"text1noticias\">Sr. Ricardo P\u00e9rez, <\/span><\/p>\n<p><span class=\"text1noticias\">Secretario Ejecutivo del Consejo de Directores de la C\u00e1mara Americana de Comercio de la Rep\u00fablica Dominicana (AMCHAMDR);<\/span><\/p>\n<\/p>\n<p><span class=\"text1noticias\">Sr. Rafael Blanco,<\/span><\/p>\n<p><span class=\"text1noticias\">Presidente del CONEP;<\/span><\/p>\n<\/p>\n<p><span class=\"text1noticias\">Se\u00f1ores Miembros del Consejo de Directores de la C\u00e1mara Americana de Comercio,<\/span><\/p>\n<\/p>\n<p><span class=\"text1noticias\">Se\u00f1oras y Se\u00f1ores Empresarios; <\/span><\/p>\n<\/p>\n<p><span class=\"text1noticias\">Se\u00f1ores Ministros;   <\/span><\/p>\n<\/p>\n<p><span class=\"text1noticias\">Se\u00f1ores Funcionarios del Gobierno;   <\/span><\/p>\n<\/p>\n<p><span class=\"text1noticias\">Distinguidos Invitados Especiales;   <\/span><\/p>\n<\/p>\n<p><span class=\"text1noticias\">Se\u00f1ores Miembros de la prensa;   <\/span><\/p>\n<p><strong> <\/strong><\/p>\n<p><strong><span class=\"text1noticias\">Se\u00f1oras y se\u00f1ores,<\/span><\/strong><\/p>\n<\/p>\n<p><span class=\"text1noticias\">Agradezco profundamente la oportunidad que me ofrecen de conversar nueva vez la membres\u00eda de esta c\u00e1mara. <\/span><\/p>\n<\/p>\n<p><span class=\"text1noticias\">Muchos de ustedes estuvieron presentes cuando habl\u00e9 en este mismo foro el pasado 9 de diciembre.<\/span><\/p>\n<\/p>\n<p><span class=\"text1noticias\">En esa ocasi\u00f3npude exponerles cual era la visi\u00f3n de pa\u00eds que hab\u00eda guiado nuestra acci\u00f3n de gobierno durante los \u00faltimos cuatro a\u00f1os. <\/span><\/p>\n<\/p>\n<p><span class=\"text1noticias\">Esa visi\u00f3n es la que ha hecho posible que nuestro pa\u00eds combine un crecimiento vigoroso de nuestra econom\u00eda con la mayor ampliaci\u00f3n de derechos sociales en nuestra historia reciente. <\/span><\/p>\n<\/p>\n<p><span class=\"text1noticias\">Esa visi\u00f3n es la que nos ha permitido sacar a cientos de miles de personas de la pobreza.<\/span><\/p>\n<\/p>\n<p><span class=\"text1noticias\">Al tiempo que nos permiti\u00f3 crear el clima de estabilidad econ\u00f3mica, social y pol\u00edtica en el cual los sectores productivos que ustedes representan, pueden desarrollar todo su potencial y ampliar sus horizontes. <\/span><\/p>\n<\/p>\n<p><span class=\"text1noticias\">Esta es la visi\u00f3n que se ha ganado el apoyo de la grand\u00edsima mayor\u00eda de nuestro pueblo y de las fuerzas pol\u00edticas, sociales y econ\u00f3micas que lo representan. <\/span><\/p>\n<\/p>\n<p><span class=\"text1noticias\">Hoy, sin embargo, no vengo a hablarles del camino recorrido. <\/span><\/p>\n<\/p>\n<p><strong><span class=\"text1noticias\">Vengo a hablarles del futuro.<\/span><\/strong><\/p>\n<\/p>\n<p><span class=\"text1noticias\">En estos cuatro a\u00f1os hemos logrado una gran alianza en torno a nuestro programa transformaci\u00f3n social y econ\u00f3mica. <\/span><\/p>\n<\/p>\n<p><span class=\"text1noticias\">Pero ahora ha llegado el momento de ampliar esta alianza y llevarla a\u00fan m\u00e1s lejos.<\/span><\/p>\n<\/p>\n<p><span class=\"text1noticias\">En estos cuatro a\u00f1os hemos logrado alcanzar nuestras metas de creaci\u00f3n de empleo, de creaci\u00f3n de riqueza, y de ampliaci\u00f3n de oportunidades. <\/span><\/p>\n<\/p>\n<p><span class=\"text1noticias\">Pero ahora ha llegado el momento de trazarnos nuevas metas, cada vez m\u00e1s ambiciosas.<\/span><\/p>\n<\/p>\n<p><span class=\"text1noticias\">En estos cuatro a\u00f1os hemos avanzado notablemente en la modernizaci\u00f3n del pa\u00eds, en la calidad de los servicios p\u00fablicos y en la transparencia.<\/span><\/p>\n<\/p>\n<p><span class=\"text1noticias\">Pero ha llegado el momento de consolidar todo lo logrado y de pisar el acelerador, para que nuestro camino hacia el progreso sea imparable. <\/span><\/p>\n<\/p>\n<p><span class=\"text1noticias\">Ha llegado el momento de renovar y profundizar nuestro compromiso con el pa\u00eds, de trazar nuestra hoja de ruta para el futuro. <\/span><\/p>\n<\/p>\n<p><span class=\"text1noticias\">Y lo hacemos, una vez m\u00e1s,pensando en el mediano y largo plazo, en el s que construimos para la siguientes generaciones. <\/span><\/p>\n<\/p>\n<p><span class=\"text1noticias\">Lo hacemos, como siempre, escuchando, en todo momento, el sentir del pueblo dominicano. <\/span><\/p>\n<\/p>\n<p><span class=\"text1noticias\">Porque nosotros vivimos en permanente contacto con nuestra gente. <\/span><\/p>\n<\/p>\n<p><span class=\"text1noticias\">\u00bfY  es lo qu\u00e9 escuchamosla gente?<\/span><\/p>\n<\/p>\n<p><span class=\"text1noticias\">Nos dicen que los dominicanos aspiramos hoy, m\u00e1s que nunca, a vivir en una sociedad m\u00e1s pr\u00f3spera y con menos desigualdad. <\/span><\/p>\n<\/p>\n<p><span class=\"text1noticias\">Y digo m\u00e1s que nunca, porque al fin hemos empezado a comprobar que esta es una meta alcanzable. <\/span><\/p>\n<\/p>\n<p><span class=\"text1noticias\">Queremosque la econom\u00eda, cada vez m\u00e1s, est\u00e9 al servicio de las personas y  que genere m\u00e1s puestos de trabajo dignos.<\/span><\/p>\n<\/p>\n<p><span class=\"text1noticias\">Queremos una sociedad con mejor calidad de vida ycon mayor seguridad ciudadana. <\/span><\/p>\n<\/p>\n<p><span class=\"text1noticias\">Y, lo m\u00e1s importante, sabemos que todo esto es posible. <\/span><\/p>\n<\/p>\n<p><span class=\"text1noticias\">Porque estamos avanzando en estos objetivos d\u00eda tras d\u00eda, trabajando juntos, el gobierno, los sectores productivos y la sociedad civil. <\/span><\/p>\n<\/p>\n<p><span class=\"text1noticias\">Estamos en el rumbo correcto, confiados y esperanzados. <\/span><\/p>\n<\/p>\n<p><span class=\"text1noticias\">Porque ahora sabemos queno hay proyecto demasiado grande, que no hay sue\u00f1o que nos est\u00e9 vedado. <\/span><\/p>\n<\/p>\n<p><span class=\"text1noticias\">Sin embargo, se\u00f1oras y se\u00f1ores, no he venido hoy  a hablarles de sue\u00f1os. <\/span><\/p>\n<\/p>\n<p><span class=\"text1noticias\">He venido a hablarles de c\u00f3mo vamos a seguir haci\u00e9ndolos realidad. Con medidas concretas. <\/span><\/p>\n<\/p>\n<p><span class=\"text1noticias\">Sabemos que, en los pr\u00f3ximos a\u00f1os, la Rep\u00fablica Dominicana deber\u00e1 mejorar como nunca su productividad y su competitividad.<\/span><\/p>\n<\/p>\n<p><span class=\"text1noticias\">El reto principal ser\u00e1 lograr esto en un contexto latinoamericano en el que crecer y avanzar ser\u00e1 la excepci\u00f3n y no la norma.<\/span><\/p>\n<\/p>\n<p><span class=\"text1noticias\">Para navegar en aguas revueltas, el pa\u00eds necesitar\u00e1 de un gobierno con experiencia probada, con t\u00e9cnicos cualificados y con un amplio apoyo social.  <\/span><\/p>\n<\/p>\n<p><span class=\"text1noticias\">Por eso, en los \u00faltimos meses hemos reforzadonuestra gran alianza nacional, nuestro v\u00ednculo de confianza con todo el pueblo dominicano.<\/span><\/p>\n<\/p>\n<p><span class=\"text1noticias\">Hemos agrupado a gente procedente de todos los sectores, incluso a sectores tradicionalmente enfrentados entre s\u00ed, en torno a una visi\u00f3n com\u00fan de paz, de estabilidad y de progreso. <\/span><\/p>\n<\/p>\n<p><span class=\"text1noticias\">Hemos buscado a todos aquellos que est\u00e1n dispuestos a aportar su talento a este proyecto de progreso y los hemos invitado a formar un gobierno de unidad nacional.<\/span><\/p>\n<\/p>\n<p><span class=\"text1noticias\">\u00bfY cu\u00e1les ser\u00e1n las bases de este nuevo gobierno de unidad nacional?<\/span><\/p>\n<\/p>\n<p><span class=\"text1noticias\">Pues bien, en primer lugar, la estabilidad econ\u00f3mica y financiera. <\/span><\/p>\n<\/p>\n<p><span class=\"text1noticias\">Sobre ese pilar daremos un est\u00edmulo renovado a todos y cada uno de los sectores productivos, en permanente di\u00e1logo con todos ellos, desde las grandes cadenas hoteleras hasta los m\u00e1s peque\u00f1os emprendimientos. <\/span><\/p>\n<\/p>\n<p><span class=\"text1noticias\">Nuestro segundo pilar ser\u00e1, como les dec\u00eda antes, pisar el acelerador de la modernizaci\u00f3n del pa\u00eds. <\/span><\/p>\n<\/p>\n<p><span class=\"text1noticias\">Eso incluye la estabilidad del suministro el\u00e9ctrico y la puesta a punto de nuestras infraestructuras en sectores clave, por supuesto en el marco de inversiones p\u00fablicas eficientes y transparentes.<\/span><\/p>\n<\/p>\n<p><span class=\"text1noticias\">Y el tercer pilar ser\u00e1 lograr la estabilidad m\u00e1s ansiada por nuestra gente: la de la tranquilidad en las calles gracias a un relanzamiento de nuestra estrategia de seguridad ciudadana.<\/span><\/p>\n<\/p>\n<p><span class=\"text1noticias\">Es importante resaltar que estamos planificando nuestras acciones de acuerdo a estimaciones responsables de inversi\u00f3n. <\/span><\/p>\n<\/p>\n<p><span class=\"text1noticias\">Nos planteamos metas ambiciosas, pero realistas, que no ponen en peligro la estabilidad macroecon\u00f3mica del pa\u00eds. <\/span><\/p>\n<\/p>\n<p><span class=\"text1noticias\">Les digo esto porque en \u00e9poca electoral y especialmente cuando un candidato carece de experiencia y desconoce el Estado, es com\u00fan escuchar promesas que quiz\u00e1 sueneninteresantes, pero que o bien son imposibles de cumplir o, peor a\u00fan, son capaces de hacer quebrar la econom\u00eda nacional.<\/span><\/p>\n<\/p>\n<p><span class=\"text1noticias\">Nuestro pa\u00eds ya sufri\u00f3 esa situaci\u00f3n en el pasado y estoy seguro de que no quiere repetir la experiencia, por eso, repito, estamos actuando con la mayor responsabilidad en nuestra planificaci\u00f3n, al igual que lo hemos hecho durante toda nuestra gesti\u00f3n. <\/span><\/p>\n<\/p>\n<p><span class=\"text1noticias\">Esto que les voy a plantear hoy es, por supuesto, solo un adelanto de nuestro Plan de Gobierno, que comprende otros muchos aspectos. <\/span><\/p>\n<\/p>\n<p><span class=\"text1noticias\">Pero sin duda sintetiza las bases fundamentales de seguridad y estabilidad sobre lascualessustentar\u00e9 el que conf\u00edo ser\u00e1 mi segundo y \u00faltimo periodo de Gobierno. <\/span><\/p>\n<\/p>\n<p><span class=\"text1noticias\">Veamos entonces, con m\u00e1s detalle, con que medidas concretas, sustentaremos estos pilares.<\/span><\/p>\n<\/p>\n<p><span class=\"text1noticias\">En primer lugar, necesitamos seguir creciendo. <\/span><\/p>\n<\/p>\n<p><span class=\"text1noticias\">Necesitamos seguir a este ritmo de crecimiento superior al 5% anual. <\/span><\/p>\n<\/p>\n<p><span class=\"text1noticias\">Y combinarlo, como venimos haciendo, con una baja inflaci\u00f3n y conrelativa estabilidad cambiaria. <\/span><\/p>\n<\/p>\n<p><span class=\"text1noticias\">Si queremos continuar abriendo oportunidades a nuestro pueblo, es preciso que la estabilidad macroecon\u00f3mica actual se consolide en el mediano y largo plazo. <\/span><\/p>\n<p><strong> <\/strong><\/p>\n<p><strong><span class=\"text1noticias\">Y eso no se logra improvisando. <\/span><\/strong><\/p>\n<\/p>\n<p><span class=\"text1noticias\">Se logra con experiencia y trabajo serio. <\/span><\/p>\n<\/p>\n<p><span class=\"text1noticias\">Como el que hemos realizado durante estos casi 4 a\u00f1os.<\/span><\/p>\n<\/p>\n<p><span class=\"text1noticias\">Pero adem\u00e1s, vamos a poner en marcha nuevas medidas, para robustecer a\u00fan m\u00e1s nuestra econom\u00eda.<\/span><\/p>\n<\/p>\n<p><span class=\"text1noticias\">La primera de ellas ser\u00e1 la modificaci\u00f3n de la Ley  Monetaria y Financiera 183-02, para que el Banco Central pueda hacer frente a posibles turbulencias, tal como est\u00e1n haciendo otros bancos centrales de econom\u00edas avanzadas y emergentes.<\/span><\/p>\n<\/p>\n<p><span class=\"text1noticias\">Impulsaremos la modernizaci\u00f3n de la Ley 19-00 sobre el Mercado de Valores, de forma que brinde mayor protecci\u00f3n a los inversionistas, mejore la transparencia de los intermediarios de valores y facilitea las pymes el acceso al cr\u00e9dito en dicho mercado.<\/span><\/p>\n<\/p>\n<p><span class=\"text1noticias\">Buscaremos tambi\u00e9n el consenso para modificar la Ley 189-11 sobre Mercado Hipotecario y Fideicomiso,mejorando su regulaci\u00f3n al unificarlos en un solo organismo y permitiendo un mayor financiamiento con la emisi\u00f3n de instrumentos de deuda.<\/span><\/p>\n<\/p>\n<p><span class=\"text1noticias\">Promoveremos las Ley sobre Cooperativas de Ahorro y Cr\u00e9dito, la Ley de Sociedades de Garant\u00edas Rec\u00edprocas y la de Garant\u00edas Mobiliarias,a fin de hacer m\u00e1s eficiente, diverso y transparente el ecosistema de cr\u00e9dito dominicano. <\/span><\/p>\n<\/p>\n<p><span class=\"text1noticias\">Y, para que este ecosistema sea accesible al conjunto de los dominicanos y dominicanas, ampliaremosla educaci\u00f3n e inclusi\u00f3n financiera, con miras a aumentar la bancarizaci\u00f3n y el acceso a servicios financieros.<\/span><\/p>\n<\/p>\n<p><span class=\"text1noticias\">Crearemostambi\u00e9n un fondo nacional de financiamiento a la vivienda, a los fines de promover el ahorro nacional y facilitar el financiamiento de alquiler y compra de viviendas para familias de escasos recursos.<\/span><\/p>\n<\/p>\n<p><span class=\"text1noticias\">Con miras al escenario global, cumpliremos con las nuevas recomendaciones del Grupo de Acci\u00f3n Financiera Internacional (GAFI) dirigidas a combatir el lavado de activos, el financiamiento del terrorismo y la eliminaci\u00f3n de cualquier amenaza contra la estabilidad e integridad del sistema financiero dominicano y mundial.<\/span><\/p>\n<\/p>\n<p><span class=\"text1noticias\">En materia fiscal,vamos a saldar una cuenta que es leg\u00edtimo admitir que a\u00fan est\u00e1 pendiente, me refiero a la convocatoria del Pacto Fiscal, que ser\u00e1 una prioridad en nuestro segundo mandato. <\/span><\/p>\n<\/p>\n<p><span class=\"text1noticias\">Sin embargo, quiero adelantarles tambi\u00e9n que no vamos a esperar hasta que dicho pacto est\u00e9 firmado para tomar medidas que aseguren la sostenibilidad de las cuentas p\u00fablicas. <\/span><\/p>\n<\/p>\n<p><span class=\"text1noticias\">Por otra parte, haremos una revisi\u00f3n integral de las exenciones fiscales, en el marco del Pacto Fiscal, para reenfocar las mismas hacia las actividades m\u00e1s productivas, evitando la competencia desleal y fortaleciendo el conjunto de nuestra productividad-pa\u00eds. <\/span><\/p>\n<p><strong> <\/strong><\/p>\n<p><strong><span class=\"text1noticias\">Amigas y amigos empresarios, <\/span><\/strong><\/p>\n<\/p>\n<p><span class=\"text1noticias\">Como ya apunt\u00e9, continuar la estabilidad macroecon\u00f3mica no es un fin en s\u00ed mismo, sino el primer paso para extender esa estabilidad y esa prosperidad al pueblo dominicano, comenzando por nuestro aparato productivo y generador de empleo: la industria, el comercio, las empresas grandes, medianas y, por supuesto, las microempresas.<\/span><\/p>\n<\/p>\n<p><span class=\"text1noticias\">A todos ellos vamos a prestar una renovada atenci\u00f3n, para que su dinamismo nos acerque a esa nueva meta que nos hemos trazado: la de crear otros 400,000 puestos de empleo entre 2016 y 2020. <\/span><\/p>\n<\/p>\n<p><span class=\"text1noticias\">Continuaremos nuestra colaboraci\u00f3n con el sector industrial, con el que gracias a nuestras mesas de trabajo hemos avanzado como nunca antes. <\/span><\/p>\n<\/p>\n<p><span class=\"text1noticias\">Juntos, desarrollaremos una Zona de Actividad Log\u00edstica Fronteriza, en Puerto Seco, donde el Estado aportar\u00e1 los terrenos y la construcci\u00f3n ser\u00e1ejecutada por el sector privado. <\/span><\/p>\n<\/p>\n<p><span class=\"text1noticias\">Este centro log\u00edstico incrementar\u00e1 las exportaciones hacia el mercado haitiano  y El Caribe mediante la oferta de servicios log\u00edsticos que simplifiquen y hagan competitiva la comercializaci\u00f3n de mercanc\u00edas entre nuestros pa\u00edses.<\/span><\/p>\n<\/p>\n<p><span class=\"text1noticias\">Y con la colaboraci\u00f3n de Proindustria, recuperaremos y llenaremos con empresas los parques de Zonas Francas que a\u00fan tengan capacidad para alojar nuevos negocios, porque estamos decididos a que recuperen su antigua pujanza y crezcan a\u00fan m\u00e1s!<\/span><\/p>\n<\/p>\n<p><span class=\"text1noticias\">En cuanto a las pymes, nuestro fruct\u00edfero di\u00e1logo en la Iniciativa Mipymes, nos ha permitido dise\u00f1aruna bater\u00eda completa de medidas para ayudarlas a formalizarse, crecer y mejorar su productividad. <\/span><\/p>\n<\/p>\n<p><span class=\"text1noticias\">Integraremos a la Ventanilla \u00danica de Formalizaci\u00f3n las 10 c\u00e1maras de comercio regionales que faltan. <\/span><\/p>\n<\/p>\n<p><span class=\"text1noticias\">Y reduciremos a tan s\u00f3lo 5 d\u00edas y RD$ 5,000 pesos el proceso de constituci\u00f3n de las PYMES, y a 2 d\u00edas con un costo de RD$ 500 pesos la constituci\u00f3n de las Microempresas.   <\/span><\/p>\n<\/p>\n<p><span class=\"text1noticias\">Adem\u00e1s, expandiremos programas como Aprender para Emprender, laRed de Emprendimiento y Reto Emprendedor y as\u00edestimular y apoyar a decenas de miles de dominicanos y dominicanas para que conviertan sus ideas de negocio en realidades creadores de riqueza y empleo. <\/span><\/p>\n<\/p>\n<p><strong><span class=\"text1noticias\">Se\u00f1oras y se\u00f1ores, <\/span><\/strong><\/p>\n<p><strong> <\/strong><\/p>\n<p><span class=\"text1noticias\">Somos conscientes de que una condici\u00f3n indispensable para que los pr\u00f3ximos sean a\u00f1os de progreso y estabilidad ser\u00e1contar con un suministro de energ\u00eda el\u00e9ctrica confiable, de calidad, eficiente y a un precio justo.<\/span><\/p>\n<\/p>\n<p><span class=\"text1noticias\">Por eso, vamos a poner todo nuestro empe\u00f1o en continuar las acciones ya iniciadas durante el actual periodo de gobierno, as\u00ed como otras nuevas. <\/span><\/p>\n<\/p>\n<p><span class=\"text1noticias\">Para lograrlo, contaremos con el marco inmejorable de los acuerdos consensuados en el proceso del Pacto El\u00e9ctrico.<\/span><\/p>\n<\/p>\n<p><span class=\"text1noticias\">A nivel organizativo, el principal cambio ser\u00e1 que el Ministerio de Energ\u00eda y Minas se convertir\u00e1 en el \u00f3rgano rector de todo el sistema el\u00e9ctrico nacional. <\/span><\/p>\n<\/p>\n<p><span class=\"text1noticias\">Y, como tal, ser\u00e1 quien trazar\u00e1 la ruta a seguir por cada operadora e instituci\u00f3n aut\u00f3noma.<\/span><\/p>\n<\/p>\n<p><span class=\"text1noticias\">Bajo su direcci\u00f3n, seguiremos modificando la composici\u00f3n de la matriz de generaci\u00f3n a fin de reducir la dependencia de los hidrocarburos.<\/span><\/p>\n<\/p>\n<p><span class=\"text1noticias\">El pr\u00f3ximo a\u00f1o, como saben, pondremos en marcha las plantas de carb\u00f3n de Punta Catalina.<\/span><\/p>\n<\/p>\n<p><span class=\"text1noticias\">Pero tambi\u00e9n vamos a prestar cada vez m\u00e1s atenci\u00f3n a las energ\u00edas renovables y alternativas en la generaci\u00f3n el el\u00e9ctrica. <\/span><\/p>\n<\/p>\n<p><span class=\"text1noticias\">Paralelamente, promoveremos mecanismos de ahorro y eficiencia energ\u00e9tica para las instituciones del Estado y crearemos un programa permanente de instalaci\u00f3n de paneles solares en instituciones del sector p\u00fablico, incluyendo las escuelas y los hospitales. \t<\/span><\/p>\n<\/p>\n<p><span class=\"text1noticias\">Tambi\u00e9n ampliaremos las facilidades fiscales y financieras para el uso de fuentes de energ\u00eda renovables, incluyendo la aprobaci\u00f3n de una ley que permita que las mipymes cuenten los paneles solares como garant\u00edas de cr\u00e9dito. <\/span><\/p>\n<\/p>\n<p><span class=\"text1noticias\">As\u00ed, adem\u00e1s de compensar las fluctuaciones de los combustibles f\u00f3siles, contribuiremos a reducir la contaminaci\u00f3n medioambiental y los efectos del cambio clim\u00e1tico.<\/span><\/p>\n<\/p>\n<p><span class=\"text1noticias\">En cuanto a la distribuci\u00f3n el\u00e9ctrica, nuestro objetivo es reducir las p\u00e9rdidas enun 3%anual, mediante la inversi\u00f3n de hasta 200 millones de d\u00f3lares anuales en mejoras del sistema.<\/span><\/p>\n<\/p>\n<p><span class=\"text1noticias\">Se eliminar\u00e1ntambi\u00e9n los subsidios indiscriminados y se aplicar\u00e1 la tarifa t\u00e9cnica de forma gradual, en un periodo de 3 a\u00f1os, abarcando a todas las distribuidoras y sistemas.<\/span><\/p>\n<\/p>\n<p><span class=\"text1noticias\">Paralelamente, implementaremos subsidios focalizados para los sectores m\u00e1s vulnerables, mediante la continuaci\u00f3n de la aplicaci\u00f3n de un bono luz basado en los resultados de los estudios realizados por el SIUBEN, para determinar los casos que ameriten el mismo.<\/span><\/p>\n<p><strong> <\/strong><\/p>\n<p><strong><span class=\"text1noticias\">Se\u00f1ores y se\u00f1oras, <\/span><\/strong><\/p>\n<\/p>\n<p><span class=\"text1noticias\">Como les dec\u00eda al principio, estamos decididos a modernizar nuestro pa\u00eds definitivamente. <\/span><\/p>\n<\/p>\n<p><span class=\"text1noticias\">Por eso, al igual que vamos a mejorar y extender el servicio el\u00e9ctrico al conjunto del pa\u00eds, en los siguientes cuatro a\u00f1os tambi\u00e9n vamos a terminar de vertebrar nuestras comunicaciones terrestres con un ambicioso plan de inversi\u00f3n en infraestructuras. <\/span><\/p>\n<\/p>\n<p><span class=\"text1noticias\">Entre los proyectos que componen este plan, hoy puedo adelantarles algunas de las obras m\u00e1s emblem\u00e1ticas que planeamos llevar a cabo en los pr\u00f3ximos 4 a\u00f1os.<\/span><\/p>\n<\/p>\n<p><span class=\"text1noticias\">Construiremos el Paso a Desnivel en la 27 de Febrero con Isabel Aguiar.<\/span><\/p>\n<\/p>\n<p><span class=\"text1noticias\">Los elevados de laAutopista Duarte con el Parque Industrial Duarte y con La Guayiga-Pedro Brand.<\/span><\/p>\n<\/p>\n<p><span class=\"text1noticias\">Los elevados de  Charles de Gaulle con Invivienda, con Mendoza y con Sabana Perdida.<\/span><\/p>\n<\/p>\n<p><span class=\"text1noticias\">La Carretera Rancho Arriba-Nizao-Sabana Larga.<\/span><\/p>\n<\/p>\n<p><span class=\"text1noticias\">La Circunvalaci\u00f3n Ban\u00ed. <\/span><\/p>\n<\/p>\n<p><span class=\"text1noticias\">La Conclusi\u00f3n de las Circunvalaciones de Azua y de San Juan.<\/span><\/p>\n<\/p>\n<p><span class=\"text1noticias\">Terminaremos la Carretera Azua-Barahona y la de Navarrete-Puerto Plata,as\u00ed como los tramos III y IV de la Circunvalaci\u00f3n de Santo Domingo y el Tramo La Caleta-Boca Chica. <\/span><\/p>\n<\/p>\n<p><span class=\"text1noticias\">Construiremos igualmente la Circunvalaci\u00f3n de Cabarete y rehabilitaremos y ampliaremos la carretera Puerto Plata-Sosua- Cabarette- Playa Grande.<\/span><\/p>\n<\/p>\n<p><span class=\"text1noticias\">As\u00ed como tambi\u00e9n la Circunvalaci\u00f3n de San Francisco de Macor\u00eds. <\/span><\/p>\n<\/p>\n<p><span class=\"text1noticias\">Adem\u00e1s, en los pr\u00f3ximos cuatro a\u00f1os vamos a prestar especial atenci\u00f3n a otra \u00e1rea fundamental no solo para el bienestar y la salud de la poblaci\u00f3n, sino tambi\u00e9n para la atracci\u00f3n de inversiones. <\/span><\/p>\n<\/p>\n<p><span class=\"text1noticias\">Me refiero al manejo y suministro de los recursos h\u00eddricos.<\/span><\/p>\n<\/p>\n<p><span class=\"text1noticias\">Lo cierto es que este es un tema urgente, se\u00f1oras y se\u00f1ores, y estamos decididos a enfrentarlo.<\/span><\/p>\n<\/p>\n<p><span class=\"text1noticias\">Actualmente, la fuerte presi\u00f3n h\u00eddrica a la que est\u00e1n sometidos casi todos los asentamientos humanos y las \u00e1reas agr\u00edcolas del pa\u00eds, pr\u00e1cticamente no garantiza la sostenibilidad de nuestra producci\u00f3n para los pr\u00f3ximos 20 a\u00f1os.<\/span><\/p>\n<\/p>\n<p><span class=\"text1noticias\">Para alcanzar la seguridad h\u00eddrica, debemos tanto consumir menos agua como mejorar laproducci\u00f3n y almacenamiento de este escaso recurso.<\/span><\/p>\n<\/p>\n<p><span class=\"text1noticias\">Y para lograr ese doble objetivo, pondremos en marcha, entre otras, las siguientes medidas: <\/span><\/p>\n<\/p>\n<p><span class=\"text1noticias\">&#8211; Impulso a proyectos de inversi\u00f3n, priorizando las alianzas p\u00fablico-privadas para la construcci\u00f3n de peque\u00f1as presas y acueductos urbanos y rurales, que puedan garantizar el suministro de agua a los municipios y en especial a aquellos que poseen la menor riqueza hidrogr\u00e1fica.<\/span><\/p>\n<\/p>\n<p><span class=\"text1noticias\">&#8211; Optimizar las fuentes suplidoras y de almacenamiento de agua de presas, r\u00edos y canales, embalses, terraplenes y lagunas, incluyendo la tecnolog\u00eda apropiada para el aprovechamiento del agua de lluvia.<\/span><\/p>\n<\/p>\n<p><span class=\"text1noticias\">&#8211; Impulsar mecanismos de racionalizaci\u00f3n en la distribuci\u00f3n y uso del agua para consumo dom\u00e9stico, industrial y de riego, incluyendo las inversiones necesarias para reducir las p\u00e9rdidas de agua, la rehabilitaci\u00f3n de canales subutilizados de riego y la implementaci\u00f3n de sistemas de riego m\u00e1s eficientes. <\/span><\/p>\n<\/p>\n<p><span class=\"text1noticias\">Adem\u00e1s, en los pr\u00f3ximos cuatro a\u00f1os impulsaremos la construcci\u00f3n de acueductos y alcantarillado sanitario en los municipios, de manera que, junto al suministro de agua potable se garantice tambi\u00e9n el tratamiento de las aguas servidas, considerando criterios de sostenibilidad ambiental y econ\u00f3mica.<\/span><\/p>\n<\/p>\n<p><span class=\"text1noticias\">Continuaremos trabajando tambi\u00e9n en el manejo responsable de las cuencas hidrogr\u00e1ficas, con proyectos integrales como el que est\u00e1 en marcha a trav\u00e9s de la Comisi\u00f3n Presidencial para la Rehabilitaci\u00f3n, Saneamiento y Uso Sostenible de la Cuenca de los R\u00edos Ozama e Isabela.<\/span><\/p>\n<\/p>\n<p><span class=\"text1noticias\">En resumen, pueden estar seguros: el suministro, manejo y sostenibilidad de agua de calidad en los hogares, los campos y la industria dominicana ser\u00e1 una prioridad de nuestro gobierno en los pr\u00f3ximos cuatro a\u00f1os.<\/span><\/p>\n<\/p>\n<p><strong><span class=\"text1noticias\">Amigas y amigos,<\/span><\/strong><\/p>\n<\/p>\n<p><span class=\"text1noticias\">Hablamos de estabilidad y de prosperidad, de c\u00f3mo consolidar lo avanzado y nuevos horizontes.<\/span><\/p>\n<\/p>\n<p><span class=\"text1noticias\">Sin embargo, sabemos que para lograrlo, debemos tambi\u00e9n ganar la buena batalla por la seguridad y la convivencia pac\u00edfica, en las calles y en los hogares.<\/span><\/p>\n<\/p>\n<p><span class=\"text1noticias\">Ya estamos impulsando en el Congreso varias leyes de vital importancia, como la Reforma de la Ley del 9-1-1; la de Control y Regulaci\u00f3n de Armas de Fuegoy, por supuesto, la m\u00e1s importante de todas ellas: la ley de Reforma a la Polic\u00eda Nacional.<\/span><\/p>\n<\/p>\n<p><span class=\"text1noticias\">Esta iniciativanos permitir\u00e1 dar un paso de gigante hacia un pa\u00eds m\u00e1s seguro, confiable y en paz.<\/span><\/p>\n<\/p>\n<p><span class=\"text1noticias\">Contaremos as\u00ed, finalmente, con una polic\u00eda moderna, cercana a la gente, mejor preparada y con condiciones de trabajo dignas. <\/span><\/p>\n<\/p>\n<p><span class=\"text1noticias\">Pero nuestro plan para mejorar la seguridad no termina aqu\u00ed. <\/span><\/p>\n<\/p>\n<p><span class=\"text1noticias\">Hay muchas m\u00e1s medidas que vamos a poner en marcha. <\/span><\/p>\n<\/p>\n<p><span class=\"text1noticias\">Por ejemplo, la polic\u00eda generalizar\u00e1 el sistema de cuadrantes como m\u00e9todo de prevenci\u00f3n. <\/span><\/p>\n<\/p>\n<p><span class=\"text1noticias\">Para ello, se mapificar\u00e1 todo el territorio y las zonas con m\u00e1s presencia de cr\u00edmenes recibir\u00e1n refuerzos en la vigilancia y patrullaje policial y mixto.<\/span><\/p>\n<\/p>\n<p><span class=\"text1noticias\">Adem\u00e1s, aprovecharemos la tecnolog\u00eda y crearemos una base de datos com\u00fan entre todas las instituciones vinculadas a la Seguridad Ciudadana, para hacer m\u00e1s efectiva la persecuci\u00f3n del crimen. <\/span><\/p>\n<\/p>\n<p><span class=\"text1noticias\">Asimismo, se promover\u00e1 el fortalecimiento de las \u00e1reas de An\u00e1lisis Criminal del Ministerio P\u00fablico y la Polic\u00eda Nacional y se fomentar\u00e1 el uso de la tecnolog\u00eda en las labores de persecuci\u00f3n del delito.<\/span><\/p>\n<\/p>\n<p><span class=\"text1noticias\">Tambi\u00e9n se establecer\u00e1 un laboratorio y banco de ADN, especialmente para sospechosos de agresiones sexuales.<\/span><\/p>\n<\/p>\n<p><span class=\"text1noticias\">Por su parte, la Ley de Control y Regulaci\u00f3n de Armas, Municiones y Materiales Relacionados endurecer\u00e1 las normas para el porte y tenencia de armas, de forma que personas con antecedentes o casos pendientes de violencia no tengan acceso a licencias.<\/span><\/p>\n<\/p>\n<p><span class=\"text1noticias\">Y, paralelamente, impulsaremos planes de recolecci\u00f3n de armas de fuego ilegales y de aquellas cuya tenencia o porte no puedan ser justificadas.<\/span><\/p>\n<\/p>\n<p><span class=\"text1noticias\">Asimismo, en consonancia con nuestra firme compromiso de tolerancia cero con la violencia contra la mujer, aumentaremos las Unidades de Violencia de G\u00e9nero en todo el pa\u00eds, hasta que cada provincia cuenta con una.<\/span><\/p>\n<\/p>\n<p><span class=\"text1noticias\">Implementaremos un sencillo pero eficiente dispositivo para proteger a las mujeres contra sus agresores, que ya est\u00e1 obteniendo excelentes resultados en otros pa\u00edses:Se trata de un Bot\u00f3n Antip\u00e1nico que no s\u00f3lo alerta a la polic\u00eda y evita la agresi\u00f3n, sino que adem\u00e1s graba el audio de lo sucedido, y as\u00ed sirve como prueba judicial. <\/span><\/p>\n<\/p>\n<p><span class=\"text1noticias\">Continuaremos ampliando el Sistema 9-1-1, en la zona norte del pa\u00eds y despu\u00e9s en las regiones Este y Sur y multiplicaremos la presencia de c\u00e1maras de videovigilancia en los principales n\u00facleos urbanos, porque ya han demostrado sobradamente su eficacia en el combate a la criminalidad. <\/span><\/p>\n<p><strong> <\/strong><\/p>\n<p><strong><span class=\"text1noticias\">Se\u00f1ores empresarios, <\/span><\/strong><\/p>\n<\/p>\n<p><span class=\"text1noticias\">Por un asunto de tiempo no puedo extender demasiado mi intervenci\u00f3n, as\u00ed que detendr\u00e9 aqu\u00ed mi enumeraci\u00f3n de las medidas que vamos a poner en marcha. <\/span><\/p>\n<\/p>\n<p><span class=\"text1noticias\">Sin embargo, espero que mis palabras hayan servido para darles algunas pinceladas claves sobre el ambicioso plan de progreso y transformaci\u00f3n que tenemos para nuestro pa\u00eds en los pr\u00f3ximos cuatro a\u00f1os. <\/span><\/p>\n<\/p>\n<p><span class=\"text1noticias\">Lo que les he compartido hoy no son promesas proselitistas, no son cifras tiradas al aire, no es improvisaci\u00f3n y, ciertamente, tampoco es magia. <\/span><\/p>\n<\/p>\n<p><span class=\"text1noticias\">Son iniciativas concretas, contabilizadas y presupuestadas con responsabilidad.<\/span><\/p>\n<\/p>\n<p><span class=\"text1noticias\">El proyecto de pa\u00eds que tenemos es el fruto del di\u00e1logo, la escucha y la estrategia, pero tambi\u00e9n de la acci\u00f3n, la decisi\u00f3n y la audacia. <\/span><\/p>\n<\/p>\n<p><span class=\"text1noticias\">Porque creemos, de coraz\u00f3n, que el secreto para el buen gobierno es el equilibrio entre la experiencia de toda una carrera pol\u00edtica y la humildad de quien sabe que cada d\u00eda debe aprender algo nuevo. <\/span><\/p>\n<\/p>\n<p><span class=\"text1noticias\">Hace unos d\u00edas, ante el congreso, le dec\u00eda a todo el pa\u00eds que ha llegado la hora del optimismo dominicano. <\/span><\/p>\n<\/p>\n<p><span class=\"text1noticias\">Y lo creo con toda sinceridad.<\/span><\/p>\n<p><strong> <\/strong><\/p>\n<p><strong><span class=\"text1noticias\">\u00bfY saben por qu\u00e9?<\/span><\/strong><\/p>\n<\/p>\n<p><span class=\"text1noticias\">Porque donde hace cuatro a\u00f1os ten\u00edamos esc\u00e9pticos, hoy tenemos convencidos.<\/span><\/p>\n<\/p>\n<p><span class=\"text1noticias\">Donde hace cuatro a\u00f1os ten\u00edamos esperanzas, hoy tenemos certezas.<\/span><\/p>\n<\/p>\n<p><span class=\"text1noticias\">Donde hace cuatro a\u00f1os ten\u00edamos proyectos, hoy tenemos resultados. <\/span><\/p>\n<\/p>\n<p><span class=\"text1noticias\">Donde hace cuatro a\u00f1os ten\u00edamos sue\u00f1os, hoy tenemos realidades.<\/span><\/p>\n<\/p>\n<p><span class=\"text1noticias\">Por eso, estoy convencido de que ya nada podr\u00e1 detener a nuestro pa\u00eds en su camino hacia el progreso. <\/span><\/p>\n<\/p>\n<p><span class=\"text1noticias\">Hemos logrado lo m\u00e1s dif\u00edcil: la confianza del pueblo dominicano, el entusiasmo y la energ\u00eda de todo un pa\u00eds que trabaja codo con codo, en la misma direcci\u00f3n.<\/span><\/p>\n<\/p>\n<p><span class=\"text1noticias\">Hoy no solo sabemos que es posible construir un mejor pa\u00eds, sino que adem\u00e1s estamos camino a conseguirlo. <\/span><\/p>\n<\/p>\n<p><span class=\"text1noticias\">Ahora, nuestra tarea es consolidar y profundizar lo logrado.<\/span><\/p>\n<\/p>\n<p><span class=\"text1noticias\">Ahora, nuestra tarea es acelerar los cambios y asegurarnos de que nadie se queda fuera. <\/span><\/p>\n<\/p>\n<p><span class=\"text1noticias\">Ahora, nuestra tarea es que esa sociedad m\u00e1s justa, m\u00e1s feliz y m\u00e1s solidaria en la que creemos, llegue a todos los rincones de nuestro pa\u00eds. <\/span><\/p>\n<\/p>\n<p><span class=\"text1noticias\">Ahora, nuestra tarea es hacer realidad el pa\u00eds que so\u00f1amos para nuestros hijos y nietos.<\/span><\/p>\n<\/p>\n<p><span class=\"text1noticias\">Si los dominicanos deciden confiar en mi una vez m\u00e1s, estoy comprometido a guiar a nuestro pa\u00eds con optimismo y confianza hacia cuatro a\u00f1os m\u00e1s de crecimiento, de estabilidad, de seguridad, pero sobre todo de justicia social y oportunidades para todos. <\/span><\/p>\n<\/p>\n<p><span class=\"text1noticias\">Juntos, podemos conseguirlo si mantenemos el rumbo y seguimos trabajando.<\/span><\/p>\n<\/p>\n<p><span class=\"text1noticias\">Les invito a ser parte de este proyecto que est\u00e1 lleno de entusiasmo y alegr\u00eda.<\/span><\/p>\n<\/p>\n<p><span class=\"text1noticias\">Les invito a seguir uniendo voluntades, a trabajar por una Patria cada vez m\u00e1s grande y generosa, por un pa\u00eds en paz y por un futuro de esperanza.<\/span><\/p>\n<\/p>\n<p><strong><span class=\"text1noticias\">Muchas gracias.<\/span><\/strong><\/p>\n<\/p>\n<\/p>\n<\/p>\n<h6> 2016-03-30 22:51:28 <\/h6>\n<p><!--\n<link rel=\"stylesheet\" href=\"css\/bootstrap.min.css\">\n\n\n<ul class=\"pagination\">\n\t    \n\t\n\n<li >\n\t<a href='?page_no=13321'>Previous<\/a>\n\t<\/li>\n\n\n       \n    \n\n<li><a href='?page_no=1'>1<\/a><\/li>\n\n\n\n<li><a href='?page_no=2'>2<\/a><\/li>\n\n\n\n<li><a>...<\/a><\/li>\n\n\n\n<li><a href='?page_no=13320'>13320<\/a><\/li>\n\n\n\n<li><a href='?page_no=13321'>13321<\/a><\/li>\n\n\n\n<li class='active'><a>13322<\/a><\/li>\n\n\n\n<li><a href='?page_no=13323'>13323<\/a><\/li>\n\n\n\n<li><a href='?page_no=13324'>13324<\/a><\/li>\n\n\n\n<li><a>...<\/a><\/li>\n\n\n\n<li><a href='?page_no=56169'>56169<\/a><\/li>\n\n\n\n<li><a href='?page_no=56170'>56170<\/a><\/li>\n\n    \n\t\n\n<li >\n\t<a href='?page_no=13323'>Next<\/a>\n\t<\/li>\n\n\n    \n\n<li><a href='?page_no=56170'>Last &rsaquo;&rsaquo;<\/a><\/li>\n\n<\/ul>\n\n\n--><br \/>\n<\/body><\/p>\n","protected":false},"excerpt":{"rendered":"<p>Discurso del Lic. Danilo Medina ante la C\u00e1mara Americana de Comercio de la Rep\u00fablica Dominicana (AMCHAMDR) 30 de marzo 2016 Sr. Gustavo Tavares, Presidente de la C\u00e1mara Americana de Comercio de la Rep\u00fablica Dominicana (AMCHAMDR); Honorable Dra. Margarita Cede\u00f1o de Fern\u00e1ndez, Vicepresidenta de la Rep\u00fablica; Sr. Ricardo P\u00e9rez, Secretario Ejecutivo del Consejo de Directores de [&hellip;]<\/p>\n","protected":false},"author":3,"featured_media":0,"comment_status":"open","ping_status":"open","sticky":false,"template":"","format":"standard","meta":{"footnotes":""},"categories":[20],"tags":[],"class_list":["post-218952","post","type-post","status-publish","format-standard","hentry","category-dominicana-hoy"],"_links":{"self":[{"href":"https:\/\/diariodominicano.com\/index.php?rest_route=\/wp\/v2\/posts\/218952","targetHints":{"allow":["GET"]}}],"collection":[{"href":"https:\/\/diariodominicano.com\/index.php?rest_route=\/wp\/v2\/posts"}],"about":[{"href":"https:\/\/diariodominicano.com\/index.php?rest_route=\/wp\/v2\/types\/post"}],"author":[{"embeddable":true,"href":"https:\/\/diariodominicano.com\/index.php?rest_route=\/wp\/v2\/users\/3"}],"replies":[{"embeddable":true,"href":"https:\/\/diariodominicano.com\/index.php?rest_route=%2Fwp%2Fv2%2Fcomments&post=218952"}],"version-history":[{"count":0,"href":"https:\/\/diariodominicano.com\/index.php?rest_route=\/wp\/v2\/posts\/218952\/revisions"}],"wp:attachment":[{"href":"https:\/\/diariodominicano.com\/index.php?rest_route=%2Fwp%2Fv2%2Fmedia&parent=218952"}],"wp:term":[{"taxonomy":"category","embeddable":true,"href":"https:\/\/diariodominicano.com\/index.php?rest_route=%2Fwp%2Fv2%2Fcategories&post=218952"},{"taxonomy":"post_tag","embeddable":true,"href":"https:\/\/diariodominicano.com\/index.php?rest_route=%2Fwp%2Fv2%2Ftags&post=218952"}],"curies":[{"name":"wp","href":"https:\/\/api.w.org\/{rel}","templated":true}]}}