{"id":218951,"date":"2016-03-31T00:40:24","date_gmt":"2016-03-31T00:40:24","guid":{"rendered":"http:\/\/diariodominicano.ddns.net\/?p=218951"},"modified":"2016-03-31T00:40:24","modified_gmt":"2016-03-31T00:40:24","slug":"mandatario-encabeza-acto-172-aniversario-de-la-batalla-del-30-de-marzo","status":"publish","type":"post","link":"https:\/\/diariodominicano.com\/?p=218951","title":{"rendered":"Mandatario encabeza acto 172 aniversario de la Batalla del 30 de Marzo"},"content":{"rendered":"<p><body><\/p>\n<p><img decoding=\"async\" src=\"img3\/25537400384_b35e132336_o_0.jpg\" \/><br \/><img decoding=\"async\" src=\"img3\/25537400384_b35e132336_o_0.jpg\" \/><br \/><img decoding=\"async\" src=\"img3\/7mo_danilo_medina_encabeza_acto_172_aniversario_de_la_batalla_del_30_de_marzo_0.jpg\" \/>  <\/p>\n<\/p>\n<p>SANTIAGO, RD, (DICOM) 30 de Marzo de 2016.- -El presidente Danilo Medina encabez\u00f3 este mi\u00e9rcoles el tradicional  desfile c\u00edvico militar conmemorativo al 172 aniversario de la Batalla del 30 de Marzo.<\/p>\n<\/p>\n<p>M\u00e1s de 2000 estudiantes desfilaron con orgullo rindiendo tributo a la Batalla.<\/p>\n<p>En ocasi\u00f3n a la fecha Patria y ante el jefe de Estado y un nutrido p\u00fablico, desfilaron diferentes  batallones de las Fuerzas Armadas Dominicanas, del Ej\u00e9rcito de la Rep\u00fablica Dominicana, la Armada Dominicana, la Polic\u00eda Nacional y orgullosos estudiantes portando la Bandera Nacional.<\/p>\n<\/p>\n<p><strong>Inici\u00f3 con honores militares<\/strong><\/p>\n<\/p>\n<p>El desfile inici\u00f3 con la rendici\u00f3n de honores militares al presidente Danilo Medina, que incluy\u00f3 toque de atenci\u00f3n presidencial, cinco floreos, una salva de 21 ca\u00f1onazos y la interpretaci\u00f3n del Himno Nacional a cargo de un batall\u00f3n del Primer Regimiento de la Guardia Presidencial.<\/p>\n<\/p>\n<p>Miembros de la Banda de M\u00fasica de la Polic\u00eda Nacional.<\/p>\n<p>En la intersecci\u00f3n de las avenidas Las Carreras con presidente Hermanas Mirabal, estuvo el palco presidencial, que cont\u00f3 con presencia de funcionarios civiles y militares, as\u00ed como de legisladores y otras personalidades de la provincia.<\/p>\n<\/p>\n<p>Tras la lectura de la orden del d\u00eda comenzaron a desfilar, siendo primero la banda de m\u00fasica de la Comandancia de Brigadas Conjuntas y luego pas\u00f3 la Primera Brigada del Ej\u00e9rcito de la Rep\u00fablica Dominicana, para m\u00e1s tarde darles oportunidad a los cadetes de los distintos cuerpos armados.<\/p>\n<p><strong>Cuerpos especializados<\/strong><\/p>\n<\/p>\n<p>Tambi\u00e9n desfilaron ante el presidente de la Rep\u00fablica los batallones de los distintos cuerpos especializados en seguridad, entre ellos CESTUR, CESAC, CESMET, CECCOM, CESFRONT y de Rescate y Mitigaci\u00f3n, entre otros.<\/p>\n<\/p>\n<p><strong>Unidades especiales y motorizadas<\/strong><\/p>\n<\/p>\n<p>Participaci\u00f3n femenil de la Comisi\u00f3n Militar y Policial del Ministerio de Obras P\u00fablicas.<\/p>\n<\/p>\n<p>Igualmente mostraron sus armamentos y sus adelantos las unidades especializadas del Ej\u00e9rcito de la Rep\u00fablica Dominicana, entre ellas la Caballer\u00eda de Sangre, Comando Contra Terrorismo, Los Cimarrones, Franco Tiradores, Cazadores de Constanza, Los Higuaneros y Los Macheteros.<\/p>\n<\/p>\n<p>Luego el turno fue para el pase de las distintas unidades motorizadas de los organismos castrenses y de la Polic\u00eda Nacional, mostr\u00e1ndose la capacidad armament\u00edstica con que cuenta Rep\u00fablica Dominicana.<\/p>\n<p><strong>Aeronaves de la Fuerza A\u00e9rea<\/strong><\/p>\n<\/p>\n<p>El desfile tambi\u00e9n incluy\u00f3 un pase de aviones s\u00faper tucanos y de helic\u00f3pteros de la Fuerza A\u00e9rea de la Rep\u00fablica Dominicana y de los Linces de la Polic\u00eda Nacional, momentos de gran emoci\u00f3n entre los presentes.<\/p>\n<\/p>\n<p><strong>Estudiantes dicen presente<\/strong><\/p>\n<\/p>\n<p>Cientos de estudiantes de diferentes centros Escolares p\u00fablicos y privados de Santiago, desfilaron orgullosamente, rindiendo tributo a los h\u00e9roes de la Batalla del 30 de Marzo, marchando al toque y ritmo del bat\u00f3n ballet.<\/p>\n<\/p>\n<p>Hero\u00edsmo en la batalla<\/p>\n<p><strong>Los dominicanos mostraron orgullosos nuestros s\u00edmbolos patrios.<\/strong><\/p>\n<\/p>\n<p>La Batalla del 30 de Marzo o Batalla de Santiago fue la segunda confrontaci\u00f3n b\u00e9lica tras la Guerra de la Independencia dominicana y estuvo comandada por el general Jos\u00e9 Mar\u00eda Imbert.<\/p>\n<\/p>\n<p>Acompa\u00f1aron a Danilo Medina, los ministros de la Presidencia, Gustavo Montalvo; de Interior y Polic\u00eda, Jos\u00e9 Ram\u00f3n Fadul; de Defensa, teniente general M\u00e1ximo William Mu\u00f1oz Delgado; Hacienda, Sim\u00f3n Lizardo; Educaci\u00f3n, Carlos Amarante Baret y los asistentes especiales del Presidente, Carlos Pared P\u00e9rez y Robert de la Cruz.<\/p>\n<\/p>\n<p>Tambi\u00e9n la gobernadora de Santiago, Aura Toribio; el senador Julio C\u00e9sar Valent\u00edn; el alcalde, Gilberto Serulle; el administrador de los Comedores Econ\u00f3micos, Ram\u00f3n- Monchy- Rodr\u00edguez, as\u00ed como otros funcionarios civiles y militares.<\/p>\n<h6> 2016-03-31 00:40:24 <\/h6>\n<p><!--\n<link rel=\"stylesheet\" href=\"css\/bootstrap.min.css\">\n\n\n<ul class=\"pagination\">\n\t    \n\t\n\n<li >\n\t<a href='?page_no=13320'>Previous<\/a>\n\t<\/li>\n\n\n       \n    \n\n<li><a href='?page_no=1'>1<\/a><\/li>\n\n\n\n<li><a href='?page_no=2'>2<\/a><\/li>\n\n\n\n<li><a>...<\/a><\/li>\n\n\n\n<li><a href='?page_no=13319'>13319<\/a><\/li>\n\n\n\n<li><a href='?page_no=13320'>13320<\/a><\/li>\n\n\n\n<li class='active'><a>13321<\/a><\/li>\n\n\n\n<li><a href='?page_no=13322'>13322<\/a><\/li>\n\n\n\n<li><a href='?page_no=13323'>13323<\/a><\/li>\n\n\n\n<li><a>...<\/a><\/li>\n\n\n\n<li><a href='?page_no=56169'>56169<\/a><\/li>\n\n\n\n<li><a href='?page_no=56170'>56170<\/a><\/li>\n\n    \n\t\n\n<li >\n\t<a href='?page_no=13322'>Next<\/a>\n\t<\/li>\n\n\n    \n\n<li><a href='?page_no=56170'>Last &rsaquo;&rsaquo;<\/a><\/li>\n\n<\/ul>\n\n\n--><br \/>\n<\/body><\/p>\n","protected":false},"excerpt":{"rendered":"<p>SANTIAGO, RD, (DICOM) 30 de Marzo de 2016.- -El presidente Danilo Medina encabez\u00f3 este mi\u00e9rcoles el tradicional desfile c\u00edvico militar conmemorativo al 172 aniversario de la Batalla del 30 de Marzo. M\u00e1s de 2000 estudiantes desfilaron con orgullo rindiendo tributo a la Batalla. En ocasi\u00f3n a la fecha Patria y ante el jefe de Estado [&hellip;]<\/p>\n","protected":false},"author":3,"featured_media":0,"comment_status":"open","ping_status":"open","sticky":false,"template":"","format":"standard","meta":{"footnotes":""},"categories":[20],"tags":[],"class_list":["post-218951","post","type-post","status-publish","format-standard","hentry","category-dominicana-hoy"],"_links":{"self":[{"href":"https:\/\/diariodominicano.com\/index.php?rest_route=\/wp\/v2\/posts\/218951","targetHints":{"allow":["GET"]}}],"collection":[{"href":"https:\/\/diariodominicano.com\/index.php?rest_route=\/wp\/v2\/posts"}],"about":[{"href":"https:\/\/diariodominicano.com\/index.php?rest_route=\/wp\/v2\/types\/post"}],"author":[{"embeddable":true,"href":"https:\/\/diariodominicano.com\/index.php?rest_route=\/wp\/v2\/users\/3"}],"replies":[{"embeddable":true,"href":"https:\/\/diariodominicano.com\/index.php?rest_route=%2Fwp%2Fv2%2Fcomments&post=218951"}],"version-history":[{"count":0,"href":"https:\/\/diariodominicano.com\/index.php?rest_route=\/wp\/v2\/posts\/218951\/revisions"}],"wp:attachment":[{"href":"https:\/\/diariodominicano.com\/index.php?rest_route=%2Fwp%2Fv2%2Fmedia&parent=218951"}],"wp:term":[{"taxonomy":"category","embeddable":true,"href":"https:\/\/diariodominicano.com\/index.php?rest_route=%2Fwp%2Fv2%2Fcategories&post=218951"},{"taxonomy":"post_tag","embeddable":true,"href":"https:\/\/diariodominicano.com\/index.php?rest_route=%2Fwp%2Fv2%2Ftags&post=218951"}],"curies":[{"name":"wp","href":"https:\/\/api.w.org\/{rel}","templated":true}]}}