{"id":218950,"date":"2016-03-31T13:49:11","date_gmt":"2016-03-31T13:49:11","guid":{"rendered":"http:\/\/diariodominicano.ddns.net\/?p=218950"},"modified":"2016-03-31T13:49:11","modified_gmt":"2016-03-31T13:49:11","slug":"culminara-hoy-la-xvii-reunion-de-coordinadores-nacionales-de-la-celac","status":"publish","type":"post","link":"https:\/\/diariodominicano.com\/?p=218950","title":{"rendered":"&#13;Culminar\u00e1 hoy la XVII Reuni\u00f3n de Coordinadores Nacionales de la Celac"},"content":{"rendered":"<p><body><\/p>\n<p><img decoding=\"async\" src=\"img3\/celac.jpg\" \/>  <\/p>\n<p><span class=\"text1noticias\">\t\t<\/span><\/p>\n<p><span class=\"text1noticias\">  <\/span><\/p>\n<\/p>\n<p><span class=\"text1noticias\">Santo Domingo, 31 mar (PL) La XVII Reuni\u00f3n de Coordinadores Nacionales de la Comunicad de Estados Latinoamericanos y Caribe\u00f1os (Celac) continu\u00f3 hoy a puertas cerradas sus sesiones y se espera culmine en horas de la tarde.<\/span><\/p>\n<\/p>\n<p><span class=\"text1noticias\">En el encuentro participan delegaciones de los 33 pa\u00edses integrantes de ese organismo regional de integraci\u00f3n, concertaci\u00f3n y di\u00e1logo pol\u00edtico que ya lleva cinco a\u00f1os de creado.<\/span><\/p>\n<\/p>\n<p><span class=\"text1noticias\">Seg\u00fan una nota de la Canciller\u00eda local la reuni\u00f3n ha permitido conocer y avanzar en la agenda de trabajo presentada por la presidencia pro-t\u00e9mpore que ejerce Rep\u00fablica Dominicana y evaluar el desarrollo alcanzado por la entidad.<\/span><\/p>\n<\/p>\n<p><span class=\"text1noticias\">Trascendi\u00f3 que las delegaciones debaten sobre los temas m\u00e1s prioritarios para la regi\u00f3n en el orden de la seguridad alimentaria, medio ambiente, cambio clim\u00e1tico, narcotr\u00e1fico y seguridad ciudadana.<\/span><\/p>\n<\/p>\n<p><span class=\"text1noticias\">Tambi\u00e9n pasan revista a aspectos pol\u00edticos de la integraci\u00f3n regional como las relaciones con organismos multilaterales, y con otros bloques como la Uni\u00f3n Europea, Turqu\u00eda, Rusia, India, Corea, Jap\u00f3n y otras naciones asi\u00e1ticas.<\/span><\/p>\n<\/p>\n<p><span class=\"text1noticias\">Seg\u00fan el programa distribuido a la prensa al final de la tarde concluye este encuentro que dar\u00e1 paso ma\u00f1ana a la X Reuni\u00f3n de Ministros de Relaciones Exteriores de la Celac, que tendr\u00e1 lugar en el capitalino hotel Jaragua.<\/span><\/p>\n<\/p>\n<p><span class=\"text1noticias\">Han confirmado su participaci\u00f3n los cancilleres de Bahamas, Barbados, Belice, Bolivia, Colombia, Costa Rica, Cuba, Ecuador, El Salvador, Guatemala, Guyana, Hait\u00ed, Paraguay, Per\u00fa, Santa Luc\u00eda, San Crist\u00f3bal y Nieves, Suriname y Venezuela, adem\u00e1s del pa\u00eds anfitri\u00f3n.<\/span><\/p>\n<h6> 2016-03-31 13:49:11 <\/h6>\n<p><!--\n<link rel=\"stylesheet\" href=\"css\/bootstrap.min.css\">\n\n\n<ul class=\"pagination\">\n\t    \n\t\n\n<li >\n\t<a href='?page_no=13319'>Previous<\/a>\n\t<\/li>\n\n\n       \n    \n\n<li><a href='?page_no=1'>1<\/a><\/li>\n\n\n\n<li><a href='?page_no=2'>2<\/a><\/li>\n\n\n\n<li><a>...<\/a><\/li>\n\n\n\n<li><a href='?page_no=13318'>13318<\/a><\/li>\n\n\n\n<li><a href='?page_no=13319'>13319<\/a><\/li>\n\n\n\n<li class='active'><a>13320<\/a><\/li>\n\n\n\n<li><a href='?page_no=13321'>13321<\/a><\/li>\n\n\n\n<li><a href='?page_no=13322'>13322<\/a><\/li>\n\n\n\n<li><a>...<\/a><\/li>\n\n\n\n<li><a href='?page_no=56169'>56169<\/a><\/li>\n\n\n\n<li><a href='?page_no=56170'>56170<\/a><\/li>\n\n    \n\t\n\n<li >\n\t<a href='?page_no=13321'>Next<\/a>\n\t<\/li>\n\n\n    \n\n<li><a href='?page_no=56170'>Last &rsaquo;&rsaquo;<\/a><\/li>\n\n<\/ul>\n\n\n--><br \/>\n<\/body><\/p>\n","protected":false},"excerpt":{"rendered":"<p>Santo Domingo, 31 mar (PL) La XVII Reuni\u00f3n de Coordinadores Nacionales de la Comunicad de Estados Latinoamericanos y Caribe\u00f1os (Celac) continu\u00f3 hoy a puertas cerradas sus sesiones y se espera culmine en horas de la tarde. En el encuentro participan delegaciones de los 33 pa\u00edses integrantes de ese organismo regional de integraci\u00f3n, concertaci\u00f3n y di\u00e1logo [&hellip;]<\/p>\n","protected":false},"author":3,"featured_media":0,"comment_status":"open","ping_status":"open","sticky":false,"template":"","format":"standard","meta":{"footnotes":""},"categories":[20],"tags":[],"class_list":["post-218950","post","type-post","status-publish","format-standard","hentry","category-dominicana-hoy"],"_links":{"self":[{"href":"https:\/\/diariodominicano.com\/index.php?rest_route=\/wp\/v2\/posts\/218950","targetHints":{"allow":["GET"]}}],"collection":[{"href":"https:\/\/diariodominicano.com\/index.php?rest_route=\/wp\/v2\/posts"}],"about":[{"href":"https:\/\/diariodominicano.com\/index.php?rest_route=\/wp\/v2\/types\/post"}],"author":[{"embeddable":true,"href":"https:\/\/diariodominicano.com\/index.php?rest_route=\/wp\/v2\/users\/3"}],"replies":[{"embeddable":true,"href":"https:\/\/diariodominicano.com\/index.php?rest_route=%2Fwp%2Fv2%2Fcomments&post=218950"}],"version-history":[{"count":0,"href":"https:\/\/diariodominicano.com\/index.php?rest_route=\/wp\/v2\/posts\/218950\/revisions"}],"wp:attachment":[{"href":"https:\/\/diariodominicano.com\/index.php?rest_route=%2Fwp%2Fv2%2Fmedia&parent=218950"}],"wp:term":[{"taxonomy":"category","embeddable":true,"href":"https:\/\/diariodominicano.com\/index.php?rest_route=%2Fwp%2Fv2%2Fcategories&post=218950"},{"taxonomy":"post_tag","embeddable":true,"href":"https:\/\/diariodominicano.com\/index.php?rest_route=%2Fwp%2Fv2%2Ftags&post=218950"}],"curies":[{"name":"wp","href":"https:\/\/api.w.org\/{rel}","templated":true}]}}