{"id":218946,"date":"2016-03-31T17:04:56","date_gmt":"2016-03-31T17:04:56","guid":{"rendered":"http:\/\/diariodominicano.ddns.net\/?p=218946"},"modified":"2016-03-31T17:04:56","modified_gmt":"2016-03-31T17:04:56","slug":"presidente-danilo-medina-lamenta-muerte-de-violeta-ileana-contin","status":"publish","type":"post","link":"https:\/\/diariodominicano.com\/?p=218946","title":{"rendered":"Presidente Danilo Medina lamenta muerte de Violeta Ileana Cont\u00edn"},"content":{"rendered":"<p><body><\/p>\n<p><span class=\"text1noticias\">Santo Domingo, R. D., 31 de marzo (DICOM).- El presidente Danilo Medina se uni\u00f3 al dolor de Luis Hern\u00e1ndez Dur\u00e1n y su familia, por el fallecimiento de su esposa, do\u00f1a Violeta Ileana Cont\u00edn de Hern\u00e1ndez.<\/span><\/p>\n<p><span class=\"text1noticias\"> <\/span><\/p>\n<p><span class=\"text1noticias\">\u00abEn nombre del Gobierno y en el m\u00edo propio, reciba el m\u00e1s sentido p\u00e9same, que deseamos transmitir a sus hijos, Lourdes Violeta, Juan Luis, Rosanna Violeta y Luis Rafael Hern\u00e1ndez Cont\u00edn y dem\u00e1s familiares\u00bb, expres\u00f3 el Presidente a trav\u00e9s de una carta.<\/span><\/p>\n<p><span class=\"text1noticias\"> <\/span><\/p>\n<p><span class=\"text1noticias\">De igual modo, clam\u00f3 a Dios para que lleve el alma de la dama fallecida a descansar en la morada eterna; consuele y fortalezca a toda la familia, para mitigar la pena que les aflige.<\/span><\/p>\n<h6> 2016-03-31 17:04:56 <\/h6>\n<p><!--\n<link rel=\"stylesheet\" href=\"css\/bootstrap.min.css\">\n\n\n<ul class=\"pagination\">\n\t    \n\t\n\n<li >\n\t<a href='?page_no=13316'>Previous<\/a>\n\t<\/li>\n\n\n       \n    \n\n<li><a href='?page_no=1'>1<\/a><\/li>\n\n\n\n<li><a href='?page_no=2'>2<\/a><\/li>\n\n\n\n<li><a>...<\/a><\/li>\n\n\n\n<li><a href='?page_no=13315'>13315<\/a><\/li>\n\n\n\n<li><a href='?page_no=13316'>13316<\/a><\/li>\n\n\n\n<li class='active'><a>13317<\/a><\/li>\n\n\n\n<li><a href='?page_no=13318'>13318<\/a><\/li>\n\n\n\n<li><a href='?page_no=13319'>13319<\/a><\/li>\n\n\n\n<li><a>...<\/a><\/li>\n\n\n\n<li><a href='?page_no=56169'>56169<\/a><\/li>\n\n\n\n<li><a href='?page_no=56170'>56170<\/a><\/li>\n\n    \n\t\n\n<li >\n\t<a href='?page_no=13318'>Next<\/a>\n\t<\/li>\n\n\n    \n\n<li><a href='?page_no=56170'>Last &rsaquo;&rsaquo;<\/a><\/li>\n\n<\/ul>\n\n\n--><br \/>\n<\/body><\/p>\n","protected":false},"excerpt":{"rendered":"<p>Santo Domingo, R. D., 31 de marzo (DICOM).- El presidente Danilo Medina se uni\u00f3 al dolor de Luis Hern\u00e1ndez Dur\u00e1n y su familia, por el fallecimiento de su esposa, do\u00f1a Violeta Ileana Cont\u00edn de Hern\u00e1ndez. \u00abEn nombre del Gobierno y en el m\u00edo propio, reciba el m\u00e1s sentido p\u00e9same, que deseamos transmitir a sus hijos, [&hellip;]<\/p>\n","protected":false},"author":3,"featured_media":0,"comment_status":"open","ping_status":"open","sticky":false,"template":"","format":"standard","meta":{"footnotes":""},"categories":[20],"tags":[],"class_list":["post-218946","post","type-post","status-publish","format-standard","hentry","category-dominicana-hoy"],"_links":{"self":[{"href":"https:\/\/diariodominicano.com\/index.php?rest_route=\/wp\/v2\/posts\/218946","targetHints":{"allow":["GET"]}}],"collection":[{"href":"https:\/\/diariodominicano.com\/index.php?rest_route=\/wp\/v2\/posts"}],"about":[{"href":"https:\/\/diariodominicano.com\/index.php?rest_route=\/wp\/v2\/types\/post"}],"author":[{"embeddable":true,"href":"https:\/\/diariodominicano.com\/index.php?rest_route=\/wp\/v2\/users\/3"}],"replies":[{"embeddable":true,"href":"https:\/\/diariodominicano.com\/index.php?rest_route=%2Fwp%2Fv2%2Fcomments&post=218946"}],"version-history":[{"count":0,"href":"https:\/\/diariodominicano.com\/index.php?rest_route=\/wp\/v2\/posts\/218946\/revisions"}],"wp:attachment":[{"href":"https:\/\/diariodominicano.com\/index.php?rest_route=%2Fwp%2Fv2%2Fmedia&parent=218946"}],"wp:term":[{"taxonomy":"category","embeddable":true,"href":"https:\/\/diariodominicano.com\/index.php?rest_route=%2Fwp%2Fv2%2Fcategories&post=218946"},{"taxonomy":"post_tag","embeddable":true,"href":"https:\/\/diariodominicano.com\/index.php?rest_route=%2Fwp%2Fv2%2Ftags&post=218946"}],"curies":[{"name":"wp","href":"https:\/\/api.w.org\/{rel}","templated":true}]}}