{"id":218944,"date":"2016-04-01T12:37:18","date_gmt":"2016-04-01T12:37:18","guid":{"rendered":"http:\/\/diariodominicano.ddns.net\/?p=218944"},"modified":"2016-04-01T12:37:18","modified_gmt":"2016-04-01T12:37:18","slug":"el-discurso-de-danilo-medina-ante-la-reunion-del-comite-de-la-internacional-socialista-para-america-latina-y-el-caribe","status":"publish","type":"post","link":"https:\/\/diariodominicano.com\/?p=218944","title":{"rendered":"El Discurso de Danilo Medina ante la reuni\u00f3n del Comit\u00e9 de la Internacional Socialista para Am\u00e9rica Latina y el Caribe"},"content":{"rendered":"<p><body><\/p>\n<p><img decoding=\"async\" src=\"img3\/94c6ee63925f0ef2b25eb409120ac32f_620x412.jpg\" \/>  <\/p>\n<p>Discurso del Lic. Danilo Medina ante la reuni\u00f3n del Comit\u00e9 de la Internacional Socialista para Am\u00e9rica Latina y el Caribe<\/p>\n<p>Santo Domingo,1 de Abril de 2015<\/p>\n<\/p>\n<p>Sr. Luis Ayala<\/p>\n<p>Sec. Gral. de la Internacional Socialista;<\/p>\n<\/p>\n<p>Ing. Miguel Vargas Maldonado,<\/p>\n<p>Presidente de la Internacional Socialista para Am\u00e9rica Latina y del Partido Revolucionario Dominicano;<\/p>\n<\/p>\n<p>Distinguidos Miembros de la Mesa Principal;<\/p>\n<\/p>\n<p>Se\u00f1ores Representantes de Partidos Pertenecientes a la Internacional Socialista;<\/p>\n<\/p>\n<p>Se\u00f1ores de la Prensa;<\/p>\n<\/p>\n<p>Se\u00f1oras y se\u00f1ores; <\/p>\n<\/p>\n<p>Muchas gracias por honrarnos con su presencia. <\/p>\n<\/p>\n<p>Deseamos que se sientan en su casa y que disfruten de su estad\u00eda en la Rep\u00fablica Dominicana.   <\/p>\n<\/p>\n<p>Acogemos esta reuni\u00f3n de la Internacional Socialista en un momento muy singular de la vida pol\u00edtica de nuestro pa\u00eds. <\/p>\n<\/p>\n<p>No me refiero solamente a que estemos inmersos en periodo de campa\u00f1a electoral.<\/p>\n<\/p>\n<p>Sino, porque en este proceso electoral, por primera vez, vamos a participar unidas las dos principales fuerzas pol\u00edticas de la Rep\u00fablica Dominicana. <\/p>\n<\/p>\n<p>Por eso, quiero comenzar mis palabras dici\u00e9ndoles que es un gran honor para mi ser el primer candidato del Partido de la Liberaci\u00f3n Dominicana que tiene la oportunidad de participar en una reuni\u00f3n del comit\u00e9 de la Internacional Socialista. <\/p>\n<\/p>\n<p>Y quiero, adem\u00e1s, agradecer especialmente al presidente y l\u00edder del PRD, Ing. Miguel Vargas Maldonado.<\/p>\n<\/p>\n<p>Por haber hecho posible esta oportunidad, pues gracias a sus buenos oficios es que esta reuni\u00f3n se est\u00e1 celebrando en nuestro pa\u00eds. <\/p>\n<\/p>\n<p>Mi presencia aqu\u00ed se debe, como bien saben ustedes, al acuerdo sin precedentes entre el Partido Revolucionario Dominicano, y mi Partido de la Liberaci\u00f3n Dominicana.<\/p>\n<\/p>\n<p>Que est\u00e1n sumando esfuerzos para impulsar nuestra candidatura a la presidencia de la Rep\u00fablica. <\/p>\n<\/p>\n<p>Pero lo m\u00e1s importante es que este pacto no solo nos llevar\u00e1 a la victoria.<\/p>\n<\/p>\n<p>Sino que deber\u00e1 llevarnos a conformar un gobierno de unidad nacional y, con \u00e9l, a fortalecer el esperanzador movimiento de cambio que est\u00e1 viviendo el pa\u00eds.<\/p>\n<\/p>\n<p>Porque lo m\u00e1s importante es que este encuentro nos ha permitido dejar atr\u00e1s diferencias hist\u00f3ricas.<\/p>\n<\/p>\n<p>Comprender que ambos partidos tenemos un horizonte claro: servir a los intereses del pueblo dominicano, como objetivo \u00fanico de toda acci\u00f3n pol\u00edtica y de todo acuerdo. <\/p>\n<\/p>\n<p>Por eso, miramos hacia delante con una misma meta. Ampliar las conquistas sociales. Llevar bienestar a los dominicanos y dominicanas. Y trabajar por un pa\u00eds en paz, en el que cada persona tenga los mismos derechos y las mismas oportunidades para ser feliz. <\/p>\n<\/p>\n<p>Y sabemos que estos son tambi\u00e9n los principios que mueven a la internacional socialista.<\/p>\n<\/p>\n<p>Reducir la desigualdad, mejorar la participaci\u00f3n de la ciudadan\u00eda y construir Estados m\u00e1s justos y solidarios. <\/p>\n<\/p>\n<p>Por eso, una vez m\u00e1s, me siento honrado de formar parte de este encuentro.<\/p>\n<\/p>\n<p>Se\u00f1oras y se\u00f1ores, <\/p>\n<\/p>\n<p>Como saben, el PLD, no es miembro de la Internacional Socialista. Sin embargo,  es mucho m\u00e1s lo que nos une que lo que nos separa. <\/p>\n<\/p>\n<p>Est\u00e1 en nuestro ADN poner a las personas en primer lugar y luchar por la conquista y preservaci\u00f3n de los derechos humanos y sociales. Est\u00e1 en nuestro ADN entender la pol\u00edtica desde una perspectiva latinoamericana e internacionalista.<\/p>\n<\/p>\n<p>\u00bfY qu\u00e9 vemos, al mirar hacia Am\u00e9rica Latina?<\/p>\n<\/p>\n<p>Vemos una regi\u00f3n que en los \u00faltimos a\u00f1os ha demostrado que tiene capacidad para innovar, crecer y llevar nuevas oportunidades a su gente.<\/p>\n<\/p>\n<p>Hemos sacado a millones de ciudadanos de la pobreza y avanzado a grandes pasos en la creaci\u00f3n de Estados de bienestar. <\/p>\n<\/p>\n<p>Nuestros pueblos han comprobado que la salud, la educaci\u00f3n, la vivienda y el trabajo son derechos que solo se pueden lograr dentro del marco democr\u00e1tico. Por eso, las grandes mayor\u00edas han llegado a la pol\u00edtica latinoamericana para quedarse. <\/p>\n<\/p>\n<p>Esa es una realidad hist\u00f3rica que va m\u00e1s all\u00e1 de los ciclos electorales. Sin embargo, no basta con celebrar lo logrado. <\/p>\n<\/p>\n<p>Ahora la tarea de los partidos progresistas no es otra que consolidar y ampliar esta realidad en las pr\u00f3ximas d\u00e9cadas. A\u00fan queda mucho por hacer. <\/p>\n<\/p>\n<p>Tenemos tanto retos del pasado por superar como nuevos desaf\u00edos, a los que debemos adaptarnos r\u00e1pidamente. <\/p>\n<\/p>\n<p>Y el primer reto es el de seguir combatiendo la pobreza y la desigualdad durante la siguiente d\u00e9cada. Tanto si estamos en el gobierno como si estamos fuera de \u00e9l. <\/p>\n<\/p>\n<p>Las fuerzas progresistas de Am\u00e9rica Latina debemos impulsar y profundizar las conquistas sociales de nuestros pueblos.  <\/p>\n<\/p>\n<p>Debemos hacer que los intereses de las grandes mayor\u00edas y las pol\u00edticas de bienestar sean tan irrenunciables dentro del discurso p\u00fablico como lo son hoy la democracia o el derecho a la propiedad. Ese es el camino que hemos elegido en la Rep\u00fablica Dominicana. <\/p>\n<\/p>\n<p>Los esfuerzos del gobierno se han orientado en la direcci\u00f3n de ampliar la cobertura y la calidad de la educaci\u00f3n.<\/p>\n<\/p>\n<p>En el mejoramiento significativo de la salud p\u00fablica. El incentivo a planes de viviendas sociales. El incremento significativo del sistema de protecci\u00f3n social. Y a la creaci\u00f3n de condiciones para generar empleos decentes. Pero no podemos, dar por supuesto que los avances continuar\u00e1n sin esfuerzo. <\/p>\n<\/p>\n<p>No podemos sentarnos y descansar, pensando que lo logrado est\u00e1 garantizado. A decir verdad, desde una perspectiva hist\u00f3rica, el Estado del bienestar es una \u00abcreaci\u00f3n moderna\u00bb y no faltan quienes ya quieren verlo desaparecer. Es m\u00e1s importante que nunca, defender todo lo logrado para las grandes mayor\u00edas de nuestra regi\u00f3n. <\/p>\n<\/p>\n<p>Y, a\u00fan m\u00e1s, es crucial seguir trabajando para alcanzar nuevas conquistas. \u00a1No podemos dar un solo paso atr\u00e1s!<\/p>\n<\/p>\n<p>Mis queridas amigas y amigos,<\/p>\n<\/p>\n<p>Al tiempo que decenas de millones de latinoamericanos sal\u00edan de la pobreza, se ha producido un fen\u00f3meno paralelo. <\/p>\n<\/p>\n<p>Toda una nueva generaci\u00f3n ha recibido m\u00e1s a\u00f1os de educaci\u00f3n que sus padres y se han conectado al mundo, y entre s\u00ed, a trav\u00e9s de internet. <\/p>\n<\/p>\n<p>Esta generaci\u00f3n es la protagonista de una silenciosa pero imparable revoluci\u00f3n de las expectativas. Sin embargo, como todo cambio profundo, este tambi\u00e9n viene acompa\u00f1ado de nuevos retos.<\/p>\n<\/p>\n<p>Como nos confirma a\u00f1o tras a\u00f1o el Latinobar\u00f3metro, esta nueva ciudadan\u00eda valora la democracia como nunca antes. <\/p>\n<\/p>\n<p>Los partidos pol\u00edticos, sin embargo, son evaluados con mucha mayor dureza, especialmente por los j\u00f3venes. Lo cierto es que tanto los partidos como la pol\u00edtica pasan por momentos dif\u00edciles. <\/p>\n<\/p>\n<p>Parecen no tener la capacidad de enfrentar con \u00e9xito la magnitud de las situaciones  que enfrenta el mundo globalizado, lo que provoca en amplios sectores sociales una sensaci\u00f3n de desconfianza, desenga\u00f1o y desencanto.<\/p>\n<\/p>\n<p>Estas realidades colocan a la sociedad actual en un estadio de ebullici\u00f3n y transformaci\u00f3n permanente. Que nos hace pensar que el mundo contempor\u00e1neo est\u00e1 asistiendo no s\u00f3lo a una \u00e9poca de cambios, sino a un \u00abcambio de \u00e9poca\u00bb. Incluso en las democracias consolidadas hemos visto que la tentaci\u00f3n de la antipol\u00edtica ha ido creciendo en los \u00faltimos tiempos. <\/p>\n<\/p>\n<p>Y cuando aparece la antipol\u00edtica invita a esos ciudadanos reci\u00e9n empoderados a avanzar por callejones sin salida. Les invita a avanzar por la v\u00eda del desencanto, del individualismo y de la satisfacci\u00f3n material. <\/p>\n<\/p>\n<p>O bien, cuando se cansan del individualismo, les invita a entregarse acr\u00edticamente a demagogos de todo tipo. <\/p>\n<\/p>\n<p>La conciencia colectiva, los valores \u00e9ticos universales y las luchas internacionales que protagonizaron el siglo pasado, se diluyen cada vez m\u00e1s en un mundo fren\u00e9tico, que desconf\u00eda de las instituciones pol\u00edticas. <\/p>\n<\/p>\n<p>Y, sin embargo, no duden ni por un momento que la Pol\u00edtica, no solo sigue siendo necesaria, sino que lo es m\u00e1s que nunca. <\/p>\n<\/p>\n<p>Porque para consolidar y ampliar los avances sociales de los que habl\u00e1bamos antes, necesitaremos grandes dosis de pol\u00edtica. <\/p>\n<\/p>\n<p>Se\u00f1oras y se\u00f1ores, <\/p>\n<\/p>\n<p>Necesitamos, desde luego, a la pol\u00edtica m\u00e1s que nunca. Y, por tanto, los partidos pol\u00edticos tambi\u00e9n son m\u00e1s necesarios que nunca. Son necesarios para articular la voluntad y las ideas de millones de ciudadanos de una forma que sea constructiva para nuestras sociedades. <\/p>\n<\/p>\n<p>Son necesarios para recuperar la idea del bien com\u00fan, de comunidad de pensamiento y de acci\u00f3n conjunta por el desarrollo y la justicia. Pero para ejercer este papel, los partidos tambi\u00e9n deben transformarse. Y no solo los partidos, sino tambi\u00e9n los gobiernos y la totalidad de las instituciones democr\u00e1ticas. <\/p>\n<\/p>\n<p>Los partidos no pueden dejar que los proyectos personales o el clientelismo se apodere de su verdadero prop\u00f3sito. No pueden permitir que sus miembros violenten sus propios reglas. <\/p>\n<\/p>\n<p>Pero sobre todo porque la peor consecuencia de la corrupci\u00f3n es que, al hacerse cultura, se convierte en normal esa forma malsana de propiciar la movilidad social. <\/p>\n<\/p>\n<p>Es la generalizaci\u00f3n de la cultura del dolo, en vez de la del trabajo, en una sociedad cada vez m\u00e1s marcada por la codicia y el hiperconsumismo.<\/p>\n<\/p>\n<p>Por eso, necesitamos asegurar que nuestros pa\u00edses cuenten legislaciones que garanticen la vigencia de las reglas del juego de los partidos pol\u00edticos y tambi\u00e9n de los procesos electorales. <\/p>\n<\/p>\n<p>Actualmente, el Congreso de la Rep\u00fablica Dominicana tiene en discusi\u00f3n estos dos proyectos de ley, la ley de partidos y la ley electoral. <\/p>\n<\/p>\n<p>Y, si me lo permiten, quisiera aprovechar este encuentro para solicitar p\u00fablicamente a nuestros congresistas que prioricen la aprobaci\u00f3n de estas iniciativas una vez haya concluido el proceso electoral.<\/p>\n<\/p>\n<p>Para que nuestro pa\u00eds pueda dar ese sustancial paso adelante en la consolidaci\u00f3n democr\u00e1tica.<\/p>\n<\/p>\n<p>Amigos y amigas, <\/p>\n<\/p>\n<p>Junto a estas garant\u00edas, creo adem\u00e1s que la clase pol\u00edtica debe cambiar su conversaci\u00f3n con la sociedad en la que se insertan, tanto si est\u00e1 en el gobierno como si se encuentra fuera de \u00e9l.<\/p>\n<\/p>\n<p>Porque aquellos de nosotros que estamos en funciones de gobierno, para ejercerlas no podemos contar ya solo con la legalidad, que se obtiene en las urnas cada cuatro o seis a\u00f1os.<\/p>\n<\/p>\n<p>Sino que necesitamos contar tambi\u00e9n con la legitimidad ciudadana, que debemos renovar d\u00eda tras d\u00eda. <\/p>\n<\/p>\n<p>Yo tengo el firme convencimiento de que la \u00fanica respuesta a los retos planteados por la democratizaci\u00f3n de la pol\u00edtica es apostar por m\u00e1s y mejor democracia. <\/p>\n<\/p>\n<p>Por eso, es indispensable que la transparencia como parte del necesario proceso de control ciudadano, forme parte central de un programa o proyecto pol\u00edtico que pretenda ser considerado como progresista.<\/p>\n<\/p>\n<p>Y que se caracterice por incentivar el trabajo arduo y honrado como mecanismo de inserci\u00f3n social.<\/p>\n<\/p>\n<p>Y por eso tambi\u00e9n, una de las apuestas fundamentales de nuestro pr\u00f3ximo periodo de gobierno ser\u00e1 la iniciativa Rep\u00fablica Digital. Que fomentar\u00e1 la completa inserci\u00f3n del pa\u00eds en las nuevas tecnolog\u00edas.<\/p>\n<\/p>\n<p>Incluyendo una fuerte apuesta por el gobierno abierto y los servicios digitales para la ciudadan\u00eda. <\/p>\n<\/p>\n<p>Es nuestro deber poner las nuevas tecnolog\u00edas al servicio de la democracia y abrir al escrutinio p\u00fablico nuestras acciones.<\/p>\n<\/p>\n<p>Para establecer un nuevo di\u00e1logo, cada vez m\u00e1s fluido y participativo con nuestras sociedades. <\/p>\n<\/p>\n<p>Con voluntad pol\u00edtica y la suma de esfuerzos de gobierno, comunidad acad\u00e9mica y empresariado podremos, en el corto plazo, dar un gran salto cualitativo hacia el futuro. <\/p>\n<\/p>\n<p>Y en materia de representaci\u00f3n pol\u00edtica propiamente dicha, me consta que muchas de sus organizaciones est\u00e1n buscando formas de ampliar la participaci\u00f3n de sus militantes de base en la toma de decisiones del partido, en muchos casos con la ayuda de las nuevas tecnolog\u00edas. <\/p>\n<\/p>\n<p>Son estas mismas tecnolog\u00edas las que har\u00e1n posible experimentos cada vez mayores en presupuestos participativos y consultas ciudadanas, sobre todo en la gesti\u00f3n de las ciudades m\u00e1s conectadas de nuestra regi\u00f3n. <\/p>\n<\/p>\n<p>Se\u00f1oras y se\u00f1ores, <\/p>\n<\/p>\n<p>Tenemos, en definitiva, mucho terreno en el que experimentar y muchas ideas que compartir en los pr\u00f3ximos a\u00f1os. <\/p>\n<\/p>\n<p>Debemos consolidar las conquistas sociales y establecer un gran consenso latinoamericano sobre la necesidad y la justicia de los Estados de bienestar. Y debemos hacerlo en un tiempo de vertiginoso cambio tecnol\u00f3gico y social. <\/p>\n<\/p>\n<p>Un cambio al que sin embargo no debemos temer, sino que debemos impulsarlo para que desate todo su potencial democratizador. <\/p>\n<\/p>\n<p>Debemos abrazar el cambio y permitir que este nos transforme tambi\u00e9n a nosotros. <\/p>\n<\/p>\n<p>La Internacional Socialista que ustedes representan es un buen ejemplo de c\u00f3mo esto es posible. Porque ustedes llevan m\u00e1s de 120 a\u00f1os reinvent\u00e1ndose a s\u00ed misma y adapt\u00e1ndose con \u00e9xito al paso de la Historia.<\/p>\n<\/p>\n<p>Desde el movimiento obrero a la descolonizaci\u00f3n. Desde la lucha por la democracia a la prioridad del desarrollo sostenible, esta es una organizaci\u00f3n que ha sabido adaptarse a tiempos y contextos muy diversos. <\/p>\n<\/p>\n<p>Y lo ha hecho porque ha sido capaz tanto de liderar, como de dejarse guiar por los millones de hombres y mujeres que conforman su militancia, sus votantes, y sus pueblos.  <\/p>\n<\/p>\n<p>Escucharles y abrir nuevas v\u00edas de participaci\u00f3n es la clave para salir victoriosos de este nuevo proceso de modernizaci\u00f3n. <\/p>\n<\/p>\n<p>Un proceso que nos toca protagonizar a todos los partidos progresistas en esta Am\u00e9rica Latina cada vez m\u00e1s democr\u00e1tica, diversa y segura de s\u00ed misma, pero tambi\u00e9n m\u00e1s vertiginosa y convulsa en sus transformaciones.<\/p>\n<\/p>\n<p>Vamos a seguir reclamando por tanto, cada uno desde nuestros espacios, el valor de la pol\u00edtica. <\/p>\n<\/p>\n<p>Vamos a defenderla, tanto desde el gobierno como desde la oposici\u00f3n. <\/p>\n<\/p>\n<p>Vamos a defenderla, tanto en los medios tradicionales como en los nuevos espacios digitales.  <\/p>\n<\/p>\n<p>Vamos a defenderla, tanto con el discurso como con el ejemplo. <\/p>\n<\/p>\n<p>Vamos a preservar los valores democr\u00e1ticos y la institucionalidad en todas las circunstancias.<\/p>\n<\/p>\n<p>Vamos a  demostrar, una vez m\u00e1s, lo que la pol\u00edtica es capaz de hacer por el bienestar y la libertad de los pueblos.<\/p>\n<\/p>\n<p>\u00a1Muchas gracias!<\/p>\n<\/p>\n<h6> 2016-04-01 12:37:18 <\/h6>\n<p><!--\n<link rel=\"stylesheet\" href=\"css\/bootstrap.min.css\">\n\n\n<ul class=\"pagination\">\n\t    \n\t\n\n<li >\n\t<a href='?page_no=13314'>Previous<\/a>\n\t<\/li>\n\n\n       \n    \n\n<li><a href='?page_no=1'>1<\/a><\/li>\n\n\n\n<li><a href='?page_no=2'>2<\/a><\/li>\n\n\n\n<li><a>...<\/a><\/li>\n\n\n\n<li><a href='?page_no=13313'>13313<\/a><\/li>\n\n\n\n<li><a href='?page_no=13314'>13314<\/a><\/li>\n\n\n\n<li class='active'><a>13315<\/a><\/li>\n\n\n\n<li><a href='?page_no=13316'>13316<\/a><\/li>\n\n\n\n<li><a href='?page_no=13317'>13317<\/a><\/li>\n\n\n\n<li><a>...<\/a><\/li>\n\n\n\n<li><a href='?page_no=56169'>56169<\/a><\/li>\n\n\n\n<li><a href='?page_no=56170'>56170<\/a><\/li>\n\n    \n\t\n\n<li >\n\t<a href='?page_no=13316'>Next<\/a>\n\t<\/li>\n\n\n    \n\n<li><a href='?page_no=56170'>Last &rsaquo;&rsaquo;<\/a><\/li>\n\n<\/ul>\n\n\n--><br \/>\n<\/body><\/p>\n","protected":false},"excerpt":{"rendered":"<p>Discurso del Lic. Danilo Medina ante la reuni\u00f3n del Comit\u00e9 de la Internacional Socialista para Am\u00e9rica Latina y el Caribe Santo Domingo,1 de Abril de 2015 Sr. Luis Ayala Sec. Gral. de la Internacional Socialista; Ing. Miguel Vargas Maldonado, Presidente de la Internacional Socialista para Am\u00e9rica Latina y del Partido Revolucionario Dominicano; Distinguidos Miembros de [&hellip;]<\/p>\n","protected":false},"author":3,"featured_media":0,"comment_status":"open","ping_status":"open","sticky":false,"template":"","format":"standard","meta":{"footnotes":""},"categories":[20],"tags":[],"class_list":["post-218944","post","type-post","status-publish","format-standard","hentry","category-dominicana-hoy"],"_links":{"self":[{"href":"https:\/\/diariodominicano.com\/index.php?rest_route=\/wp\/v2\/posts\/218944","targetHints":{"allow":["GET"]}}],"collection":[{"href":"https:\/\/diariodominicano.com\/index.php?rest_route=\/wp\/v2\/posts"}],"about":[{"href":"https:\/\/diariodominicano.com\/index.php?rest_route=\/wp\/v2\/types\/post"}],"author":[{"embeddable":true,"href":"https:\/\/diariodominicano.com\/index.php?rest_route=\/wp\/v2\/users\/3"}],"replies":[{"embeddable":true,"href":"https:\/\/diariodominicano.com\/index.php?rest_route=%2Fwp%2Fv2%2Fcomments&post=218944"}],"version-history":[{"count":0,"href":"https:\/\/diariodominicano.com\/index.php?rest_route=\/wp\/v2\/posts\/218944\/revisions"}],"wp:attachment":[{"href":"https:\/\/diariodominicano.com\/index.php?rest_route=%2Fwp%2Fv2%2Fmedia&parent=218944"}],"wp:term":[{"taxonomy":"category","embeddable":true,"href":"https:\/\/diariodominicano.com\/index.php?rest_route=%2Fwp%2Fv2%2Fcategories&post=218944"},{"taxonomy":"post_tag","embeddable":true,"href":"https:\/\/diariodominicano.com\/index.php?rest_route=%2Fwp%2Fv2%2Ftags&post=218944"}],"curies":[{"name":"wp","href":"https:\/\/api.w.org\/{rel}","templated":true}]}}