{"id":218943,"date":"2016-04-01T13:50:43","date_gmt":"2016-04-01T13:50:43","guid":{"rendered":"http:\/\/diariodominicano.ddns.net\/?p=218943"},"modified":"2016-04-01T13:50:43","modified_gmt":"2016-04-01T13:50:43","slug":"trabajadores-defenderan-democracia-en-brasil-afirma-lider-sindical","status":"publish","type":"post","link":"https:\/\/diariodominicano.com\/?p=218943","title":{"rendered":"Trabajadores defender\u00e1n democracia en Brasil, afirma l\u00edder sindical"},"content":{"rendered":"<p><body><\/p>\n<p><img decoding=\"async\" src=\"img3\/pereira.jpg\" \/>  <\/p>\n<p><span class=\"text1noticias\">Montevideo, 1 abr (PL) El secretario de Relaciones Internacionales de la Central de Trabajadores de Brasil (CTB), Divanilton Pereira, asegur\u00f3 hoy aqu\u00ed que los trabajadores de su pa\u00eds no permitir\u00e1n ning\u00fan retroceso de la democracia.<\/span><\/p>\n<p><span class=\"text1noticias\"> <\/span><\/p>\n<p><span class=\"text1noticias\">La derecha nacional, articulada con intereses imperialistas, desde que perdieron las elecciones en 2014 insisten en desestabilizar nuestro pa\u00eds y realizar un golpe contra el mandato de la leg\u00edtima presidenta Dilma Roussef, se\u00f1al\u00f3 en entrevista con Prensa Latina.<\/span><\/p>\n<p><span class=\"text1noticias\"> <\/span><\/p>\n<p><span class=\"text1noticias\">Pereira, que asiste al VII Encuentro Sindical Nuestra Am\u00e9rica (ESNA), destac\u00f3 las grandes manifestaciones c\u00edvicas nacionales en defensa de la democracia brasile\u00f1a, protagonizadas por la CTB y dem\u00e1s centrales sindicales, movimientos sociales, personas dem\u00f3cratas y progresistas, intelectuales, artistas y juristas.<\/span><\/p>\n<p><span class=\"text1noticias\"> <\/span><\/p>\n<p><span class=\"text1noticias\">Destac\u00f3 que casi un mill\u00f3n de personas ocuparon las calles de Brasil porque no se trata, dijo, de \u00absi era el gobierno o la oposici\u00f3n, ya que lo que est\u00e1 en juego es la democracia brasile\u00f1a\u00bb.<\/span><\/p>\n<p><span class=\"text1noticias\"> <\/span><\/p>\n<p><span class=\"text1noticias\">Por eso, puntualiz\u00f3, los trabajadores, que valorizamos mucho la democracia, sabemos cu\u00e1n duro es perderla y decidimos salir a ocupar las calles.<\/span><\/p>\n<p><span class=\"text1noticias\"> <\/span><\/p>\n<p><span class=\"text1noticias\">El dirigente sindical brasile\u00f1o coment\u00f3 que lo que aconteci\u00f3 en Honduras y Paraguay, en Argentina, y est\u00e1 sucediendo en Venezuela, hoy est\u00e1 tambi\u00e9n ocurriendo en Brasil, y por eso, enfatiz\u00f3, \u00ablos trabajadores no vamos a permitir ning\u00fan retroceso, por eso son muy importantes estas movilizaciones\u00bb, acot\u00f3.<\/span><\/p>\n<p><span class=\"text1noticias\"> <\/span><\/p>\n<p><span class=\"text1noticias\">Creo que estamos comenzando a tener una correlaci\u00f3n de fuerzas favorables en apoyo al mandato de la presidenta Dilma Rouseff, asegur\u00f3.<\/span><\/p>\n<p><span class=\"text1noticias\"> <\/span><\/p>\n<p><span class=\"text1noticias\">Se\u00f1al\u00f3 que existen varios frentes pol\u00edticos y uno de ellos es el de los trabajadores, que \u00abpermanecer\u00e1n en las calles movilizados, denunciando\u00bb.<\/span><\/p>\n<p><span class=\"text1noticias\"> <\/span><\/p>\n<p><span class=\"text1noticias\">Tambi\u00e9n, se\u00f1al\u00f3, existe otro conformado por los juristas, abogados, constitucionalistas, que trabajan para preservar la Constituci\u00f3n brasile\u00f1a, como por ejemplo el Tribunal Supremo Federal, que aprob\u00f3 una importante decisi\u00f3n a favor del expresidente Luiz In\u00e1cio Lula da Silva.<\/span><\/p>\n<p><span class=\"text1noticias\"> <\/span><\/p>\n<p><span class=\"text1noticias\">Eso es el resultado de las presiones en las calles y tambi\u00e9n de las disputas jur\u00eddicas, afirm\u00f3.<\/span><\/p>\n<p><span class=\"text1noticias\"> <\/span><\/p>\n<p><span class=\"text1noticias\">En otro frente, asever\u00f3, grandes artistas e intelectuales est\u00e1n unidos, \u00abde manera que en todo Brasil hay varios frentes organizados para contener el pretendido golpe inconstitucional de la derecha brasile\u00f1a\u00bb.<\/span><\/p>\n<p><span class=\"text1noticias\"> <\/span><\/p>\n<p><span class=\"text1noticias\">Al referirse a la decisi\u00f3n de la mandataria de llevar a Lula al Gobierno, Pereira subray\u00f3 que para los trabajadores el exgobernante es todo un s\u00edmbolo, y ante la conspiraci\u00f3n de la derecha brasile\u00f1a e internacional, \u00abprecisamos de todos juntos, de la autoridad del presidente Lula y la solidaridad nacional para fortalecer el gobierno y derrotar la con<\/span>spiraci\u00f3n\u00bb.<\/p>\n<h6> 2016-04-01 13:50:43 <\/h6>\n<p><!--\n<link rel=\"stylesheet\" href=\"css\/bootstrap.min.css\">\n\n\n<ul class=\"pagination\">\n\t    \n\t\n\n<li >\n\t<a href='?page_no=13313'>Previous<\/a>\n\t<\/li>\n\n\n       \n    \n\n<li><a href='?page_no=1'>1<\/a><\/li>\n\n\n\n<li><a href='?page_no=2'>2<\/a><\/li>\n\n\n\n<li><a>...<\/a><\/li>\n\n\n\n<li><a href='?page_no=13312'>13312<\/a><\/li>\n\n\n\n<li><a href='?page_no=13313'>13313<\/a><\/li>\n\n\n\n<li class='active'><a>13314<\/a><\/li>\n\n\n\n<li><a href='?page_no=13315'>13315<\/a><\/li>\n\n\n\n<li><a href='?page_no=13316'>13316<\/a><\/li>\n\n\n\n<li><a>...<\/a><\/li>\n\n\n\n<li><a href='?page_no=56169'>56169<\/a><\/li>\n\n\n\n<li><a href='?page_no=56170'>56170<\/a><\/li>\n\n    \n\t\n\n<li >\n\t<a href='?page_no=13315'>Next<\/a>\n\t<\/li>\n\n\n    \n\n<li><a href='?page_no=56170'>Last &rsaquo;&rsaquo;<\/a><\/li>\n\n<\/ul>\n\n\n--><br \/>\n<\/body><\/p>\n","protected":false},"excerpt":{"rendered":"<p>Montevideo, 1 abr (PL) El secretario de Relaciones Internacionales de la Central de Trabajadores de Brasil (CTB), Divanilton Pereira, asegur\u00f3 hoy aqu\u00ed que los trabajadores de su pa\u00eds no permitir\u00e1n ning\u00fan retroceso de la democracia. La derecha nacional, articulada con intereses imperialistas, desde que perdieron las elecciones en 2014 insisten en desestabilizar nuestro pa\u00eds y [&hellip;]<\/p>\n","protected":false},"author":3,"featured_media":0,"comment_status":"open","ping_status":"open","sticky":false,"template":"","format":"standard","meta":{"footnotes":""},"categories":[20],"tags":[],"class_list":["post-218943","post","type-post","status-publish","format-standard","hentry","category-dominicana-hoy"],"_links":{"self":[{"href":"https:\/\/diariodominicano.com\/index.php?rest_route=\/wp\/v2\/posts\/218943","targetHints":{"allow":["GET"]}}],"collection":[{"href":"https:\/\/diariodominicano.com\/index.php?rest_route=\/wp\/v2\/posts"}],"about":[{"href":"https:\/\/diariodominicano.com\/index.php?rest_route=\/wp\/v2\/types\/post"}],"author":[{"embeddable":true,"href":"https:\/\/diariodominicano.com\/index.php?rest_route=\/wp\/v2\/users\/3"}],"replies":[{"embeddable":true,"href":"https:\/\/diariodominicano.com\/index.php?rest_route=%2Fwp%2Fv2%2Fcomments&post=218943"}],"version-history":[{"count":0,"href":"https:\/\/diariodominicano.com\/index.php?rest_route=\/wp\/v2\/posts\/218943\/revisions"}],"wp:attachment":[{"href":"https:\/\/diariodominicano.com\/index.php?rest_route=%2Fwp%2Fv2%2Fmedia&parent=218943"}],"wp:term":[{"taxonomy":"category","embeddable":true,"href":"https:\/\/diariodominicano.com\/index.php?rest_route=%2Fwp%2Fv2%2Fcategories&post=218943"},{"taxonomy":"post_tag","embeddable":true,"href":"https:\/\/diariodominicano.com\/index.php?rest_route=%2Fwp%2Fv2%2Ftags&post=218943"}],"curies":[{"name":"wp","href":"https:\/\/api.w.org\/{rel}","templated":true}]}}