{"id":218941,"date":"2016-04-01T17:44:32","date_gmt":"2016-04-01T17:44:32","guid":{"rendered":"http:\/\/diariodominicano.ddns.net\/?p=218941"},"modified":"2016-04-01T17:44:32","modified_gmt":"2016-04-01T17:44:32","slug":"ventura-camejo-rechaza-sector-publico-sea-una-pocilga","status":"publish","type":"post","link":"https:\/\/diariodominicano.com\/?p=218941","title":{"rendered":"Ventura Camejo  rechaza sector p\u00fablico sea una pocilga"},"content":{"rendered":"<p><body><\/p>\n<p><img decoding=\"async\" src=\"img3\/camejo.jpg\" \/>  <\/p>\n<\/p>\n<p><span class=\"text1noticias\">SANTIAGO, RD., 1 de abril.-El ministro de Administraci\u00f3n P\u00fablica, profesor Ram\u00f3n Ventura Camejo, declar\u00f3 que el hecho de que algunos miembros de la Justicia, la Polic\u00eda Nacional, las Fuerzas Armadas u otros representantes del Estado tengan sus fallas, no quiere decir que todo el sector p\u00fablico sea una pocilga o est\u00e1 corrompido como dicen algunos personajes, por lo que hay que ser justo  cuando se hacen enfoques hacia las instituciones p\u00fablicas, para no ser mezquino, en virtud de que la mayor\u00eda es honesta.<\/span><\/p>\n<p><span class=\"text1noticias\"> <\/span><\/p>\n<p><span class=\"text1noticias\">El funcionario manifest\u00f3 que el reconocimiento al M\u00e9rito del Servidor P\u00fablico, como se hace cada a\u00f1o, es una demostraci\u00f3n de que la mayor\u00eda de los servidores del Estado asume su responsabilidad como buenos empleados.  El ministro dijo que el reconocimiento a miembros  de las instituciones armadas y a la Justicia, para s\u00f3lo citar a dos sectores, indica que el pa\u00eds va por buen camino en el fortalecimiento de la institucionalidad.<\/span><\/p>\n<p><span class=\"text1noticias\"> <\/span><\/p>\n<p><span class=\"text1noticias\">\u00abEl hecho de que un juez, un polic\u00eda, un miembro de las Fuerzas Armadas o de las dem\u00e1s instituciones p\u00fablicas falle,  no quiere decir que todos los dem\u00e1s est\u00e1n fallando\u00bb, explic\u00f3.  \u00abNo es verdad que toda la Justicia es una pocilga, porque un juez fall\u00f3\u00bb, a\u00f1adi\u00f3 el ministro de Administraci\u00f3n P\u00fablica. Y agreg\u00f3: \u00abTodas las sociedades tienes sus problemas\u00bb.  <\/span><\/p>\n<p><span class=\"text1noticias\"> <\/span><\/p>\n<p><span class=\"text1noticias\">El licenciado Ventura Camejo habl\u00f3 en el acto de entrega de 103 Medallas al M\u00e9rito del Servidor P\u00fablico de la Regi\u00f3n Norte, durante un acto realizado en la Gobernaci\u00f3n Provincial de Santiago, con la presencia de la gobernadora , ingeniera Aura Toribio, la directora regional del Ministerio de Educaci\u00f3n, T\u00e9rcida Franco, el gerente-administrador de EDENORTE Dominicana, ingeniero Julio C\u00e9sar Correa, el director del Instituto del Tabaco (INTABACO), Juan Francisco Caraballo, los viceministros del Ministerio de Administraci\u00f3n P\u00fablica (MAP), Donatila Germ\u00e1n y Pedro Nina, entre otras personalidades. Correa asisti\u00f3 para apoyar a los empleados de EDENORTE reconocidos. <\/span><\/p>\n<p><span class=\"text1noticias\"> <\/span><\/p>\n<p><span class=\"text1noticias\">Las palabras de gracias fueron pronunciadas por el ingeniero Ubaldo Jos\u00e9 Fern\u00e1ndez Garc\u00eda, encargado de de Extensi\u00f3n y Capacitaci\u00f3n del Ministerio de de Agricultura, seg\u00fan lo informado por el periodista Lu\u00eds C\u00e9spedes Pe\u00f1a.<\/span><\/p>\n<p><span class=\"text1noticias\"> <\/span><\/p>\n<p><span class=\"text1noticias\">Los 103 servidores reconocidos pertenecen a instituciones de esta ciudad, Dajab\u00f3n, Le Vaga, Salcedo, Duarte, Espaillat, Montecristi, Puerto Plata, Monse\u00f1or Nouel, Valverde, S\u00e1nchez Ram\u00edrez y Saman\u00e1. Entre los reconocidos est\u00e1n Juan Aquino D\u00edaz, con 31 a\u00f1os, Juan Sergio Jim\u00e9nez, con la misma cantidad, Ram\u00f3n Francisco Gonz\u00e1lez Sosa, con 42, Zoilo Rafael Garc\u00eda, con 33, Modesta  Milagros Capell\u00e1n, 36, Carime Jos\u00e9  Alonzo De Jim\u00e9nez, Mar\u00eda Teresa Guzm\u00e1n, 33, Martina Henr\u00edquez Asi\u00e1tico, tambi\u00e9n con el mismo tiempo, Rafael Oviedo Calder\u00f3n, Eustaquio Antonio De Le\u00f3n y Fe Melania de Jes\u00fas De la Cruz, con 30.<\/span><\/p>\n<p><span class=\"text1noticias\"> <\/span><\/p>\n<p><span class=\"text1noticias\">El ministro dijo  que \u00abhay que reconocer que nuestro pa\u00eds avanz\u00f3 mucho en las \u00faltimas d\u00e9cadas, en todos los \u00f3rdenes, como es el orden institucional\u00bb.<\/span><\/p>\n<p><span class=\"text1noticias\"> <\/span><\/p>\n<p><span class=\"text1noticias\">Y se\u00f1al\u00f3: \u00abPor ejemplo, hoy estamos reconociendo, entre otros, a la jueza Susana Veras, lo que es una demostraci\u00f3n de que en el Poder Judicial tenemos jueces  honestos y  capaces&#8230;Jueces que hacen Carrera y que son meritorios\u00bb.  \u00abNo es verdad que el Estado es una pocilga, como lo perciben algunos pol\u00edticos de la oposici\u00f3n\u00bb, advirti\u00f3.<\/span><\/p>\n<p><span class=\"text1noticias\"> <\/span><\/p>\n<p><span class=\"text1noticias\">Afirm\u00f3 que \u00abhay que reconocer que tenemos grandes retos y desaf\u00edos por delante para mejorar el capital humano, que es fundamental para el progreso y el desarrollo de la naci\u00f3n\u00bb.  Indic\u00f3 que hace unos d\u00edas comentaba con la viceministra Donatila Germ\u00e1n, que se dio a conocer  los cinco pa\u00edses m\u00e1s innovadores el a\u00f1o pasado, y el segundo era donde hubo mayor  innovaci\u00f3n en el capital humano. Dijo que la Rep\u00fablica Dominicana tiene posibilidades  potenciales para poder innovar,  mejorar y ser una potencia a trav\u00e9s de la formaci\u00f3n, la educaci\u00f3n  o la especializaci\u00f3n.<\/span><\/p>\n<p><span class=\"text1noticias\"> <\/span><\/p>\n<p><span class=\"text1noticias\">Agreg\u00f3 que el MAP tiene acuerdos  para la capacitaci\u00f3n con entidades extranjeras, como son los casos de la Escuela Nacional de Administraci\u00f3n (ENA), de Francia,  con la cual se imparten maestr\u00edas con la Universidad Cat\u00f3lica Madre y Maestra (PUCMM). Tambi\u00e9n con la Universidad de Salamanca (Espa\u00f1a), la Juan Carlos Tercero, de Madrid,   la Uni\u00f3n de Municipalidades de Iberoam\u00e9rica y otras instituciones.<\/span><\/p>\n<p><span class=\"text1noticias\"> <\/span><\/p>\n<p><span class=\"text1noticias\"> Dijo que en la actualidad se est\u00e1n impartiendo varias maestr\u00edas, incluyendo a las Universidades Tecnol\u00f3gica de Santiago (UTESA), Aut\u00f3noma de Santo Domingo (UASD) y otras academias, para continuar formando a los empleados del Estado.<\/span><\/p>\n<p><span class=\"text1noticias\"> <\/span><\/p>\n<p><span class=\"text1noticias\">Inform\u00f3 que este mes de Abril ser\u00e1n entregados al pa\u00eds 32 maestrantes formados por la ENA y la PUCMM.  Explic\u00f3 que el reconocimiento a servidores con m\u00e1s de 25 a\u00f1os de servicios p\u00fablicos o aquellos por evaluaci\u00f3n del desempe\u00f1o, fortalece el trabajo en la administraci\u00f3n p\u00fablica, debido a que permite poner en contexto a las instituciones del Estado. Precis\u00f3 que el Sistema de Carrera Administrativa implica la cualificaci\u00f3n y mejora continua, en virtud de que el empleado sabe que cada a\u00f1o es evaluado.<\/span><\/p>\n<p><span class=\"text1noticias\"> <\/span><\/p>\n<p><span class=\"text1noticias\">Afirm\u00f3 que se est\u00e1n realizando actos de entregas a la Medalla al M\u00e9rito en la Capital, el Sur, el Este y el Cibao. Dijo que de esa forma se busca que nadie sea discriminado.  Indic\u00f3 que todos esos esfuerzos buscan aumentar la capacidad y desempe\u00f1o de los servidores del Estado.<\/span><\/p>\n<p><span class=\"text1noticias\"> <\/span><\/p>\n<p><span class=\"text1noticias\">El ministro Ventura Camejo manifest\u00f3 que todos los dominicanos est\u00e1n en el deber de luchar por la construcci\u00f3n,  cada d\u00eda, de una mejor sociedad, cada vez m\u00e1s transparente.  Dijo que cada uno debe aportar lo que pueda, tratar de superar los obst\u00e1culos y las vallas. Indic\u00f3 que para eso hay que estar muy atentos para descubrir, innovar, capacitar y estudiar.  Explic\u00f3 que el evento est\u00e1 demostrando de que hay buenos servidores p\u00fablicos y que su hoja de servicio, de  m\u00e1s de 25 a\u00f1os, dice que son responsables o enfocados en los ciudadanos para la soluci\u00f3n de los problemas.<\/span><\/p>\n<p><span class=\"text1noticias\"> <\/span><\/p>\n<p><span class=\"text1noticias\">Precis\u00f3 que hay empleados que tambi\u00e9n ganaron premios en sus instituciones a causa de su buen servicio.  Destac\u00f3 los esfuerzos del presidente Danilo Medina para introducir mejoras continuas en el Estado.<\/span><\/p>\n<p><span class=\"text1noticias\"> <\/span><\/p>\n<p><span class=\"text1noticias\">En la actividad tambi\u00e9n estuvieron presentes la encarada de Carrera Administrativa, Alendra Olivo, Selenia Vidal, del Instituto Nacional de Administraci\u00f3n P\u00fablica, y otras personalidades.  La gobernadora provincial destac\u00f3 los esfuerzos del ministro Ventura Camejo para que los servicios p\u00fablicos contin\u00faen mejorando.<\/span><\/p>\n<\/p>\n<h6> 2016-04-01 17:44:32 <\/h6>\n<p><!--\n<link rel=\"stylesheet\" href=\"css\/bootstrap.min.css\">\n\n\n<ul class=\"pagination\">\n\t    \n\t\n\n<li >\n\t<a href='?page_no=13311'>Previous<\/a>\n\t<\/li>\n\n\n       \n    \n\n<li><a href='?page_no=1'>1<\/a><\/li>\n\n\n\n<li><a href='?page_no=2'>2<\/a><\/li>\n\n\n\n<li><a>...<\/a><\/li>\n\n\n\n<li><a href='?page_no=13310'>13310<\/a><\/li>\n\n\n\n<li><a href='?page_no=13311'>13311<\/a><\/li>\n\n\n\n<li class='active'><a>13312<\/a><\/li>\n\n\n\n<li><a href='?page_no=13313'>13313<\/a><\/li>\n\n\n\n<li><a href='?page_no=13314'>13314<\/a><\/li>\n\n\n\n<li><a>...<\/a><\/li>\n\n\n\n<li><a href='?page_no=56169'>56169<\/a><\/li>\n\n\n\n<li><a href='?page_no=56170'>56170<\/a><\/li>\n\n    \n\t\n\n<li >\n\t<a href='?page_no=13313'>Next<\/a>\n\t<\/li>\n\n\n    \n\n<li><a href='?page_no=56170'>Last &rsaquo;&rsaquo;<\/a><\/li>\n\n<\/ul>\n\n\n--><br \/>\n<\/body><\/p>\n","protected":false},"excerpt":{"rendered":"<p>SANTIAGO, RD., 1 de abril.-El ministro de Administraci\u00f3n P\u00fablica, profesor Ram\u00f3n Ventura Camejo, declar\u00f3 que el hecho de que algunos miembros de la Justicia, la Polic\u00eda Nacional, las Fuerzas Armadas u otros representantes del Estado tengan sus fallas, no quiere decir que todo el sector p\u00fablico sea una pocilga o est\u00e1 corrompido como dicen algunos [&hellip;]<\/p>\n","protected":false},"author":3,"featured_media":0,"comment_status":"open","ping_status":"open","sticky":false,"template":"","format":"standard","meta":{"footnotes":""},"categories":[20],"tags":[],"class_list":["post-218941","post","type-post","status-publish","format-standard","hentry","category-dominicana-hoy"],"_links":{"self":[{"href":"https:\/\/diariodominicano.com\/index.php?rest_route=\/wp\/v2\/posts\/218941","targetHints":{"allow":["GET"]}}],"collection":[{"href":"https:\/\/diariodominicano.com\/index.php?rest_route=\/wp\/v2\/posts"}],"about":[{"href":"https:\/\/diariodominicano.com\/index.php?rest_route=\/wp\/v2\/types\/post"}],"author":[{"embeddable":true,"href":"https:\/\/diariodominicano.com\/index.php?rest_route=\/wp\/v2\/users\/3"}],"replies":[{"embeddable":true,"href":"https:\/\/diariodominicano.com\/index.php?rest_route=%2Fwp%2Fv2%2Fcomments&post=218941"}],"version-history":[{"count":0,"href":"https:\/\/diariodominicano.com\/index.php?rest_route=\/wp\/v2\/posts\/218941\/revisions"}],"wp:attachment":[{"href":"https:\/\/diariodominicano.com\/index.php?rest_route=%2Fwp%2Fv2%2Fmedia&parent=218941"}],"wp:term":[{"taxonomy":"category","embeddable":true,"href":"https:\/\/diariodominicano.com\/index.php?rest_route=%2Fwp%2Fv2%2Fcategories&post=218941"},{"taxonomy":"post_tag","embeddable":true,"href":"https:\/\/diariodominicano.com\/index.php?rest_route=%2Fwp%2Fv2%2Ftags&post=218941"}],"curies":[{"name":"wp","href":"https:\/\/api.w.org\/{rel}","templated":true}]}}