{"id":218940,"date":"2016-04-01T19:12:31","date_gmt":"2016-04-01T19:12:31","guid":{"rendered":"http:\/\/diariodominicano.ddns.net\/?p=218940"},"modified":"2016-04-01T19:12:31","modified_gmt":"2016-04-01T19:12:31","slug":"danilo-medina-recibe-a-ministros-de-relaciones-exteriores-de-la-celac","status":"publish","type":"post","link":"https:\/\/diariodominicano.com\/?p=218940","title":{"rendered":"Danilo Medina recibe a ministros de Relaciones Exteriores de la CELAC"},"content":{"rendered":"<p><body><\/p>\n<p><img decoding=\"async\" src=\"img3\/cELAC_c.jpg\" \/><br \/><img decoding=\"async\" src=\"img3\/PRESIDENCIAbe.jpg\" \/>  <\/p>\n<p><strong><span class=\"text1noticias\">Santo Domingo, R. D., 1 de abril.-<\/span><\/strong><span class=\"text1noticias\"> El presidente Danilo Medina recibi\u00f3 hoy a 19 ministros de Relaciones Exteriores y 11 jefes de delegaciones de la Comunidad de Estados Latinoamericanos y Caribe\u00f1os (CELAC), que se encuentran en el pa\u00eds con motivo de su X Reuni\u00f3n.<\/span><\/p>\n<p><span class=\"text1noticias\"> <\/span><\/p>\n<p><span class=\"text1noticias\">Los cancilleres y jefes de delegaciones que provienen de 30 naciones integrantes de la CELAC tienen como anfitri\u00f3n al ministro de Relaciones Exteriores dominicano, Andr\u00e9s Navarro, quien present\u00f3 al jefe de Estado uno por uno a los participantes en el evento, donde se aprobar\u00e1n los informes acordados en la XVII Reuni\u00f3n de Coordinadores Nacionales.<\/span><\/p>\n<p><span class=\"text1noticias\">  <\/span><\/p>\n<p><span class=\"text1noticias\">Saludaron al presidente Danilo Medina los ministros de Relaciones Exteriores de Bahamas, Frederick Michell; de Barbados, Maxine McClean; de Belice, Wilfred Erlington; de Bolivia, David Choquehuanca C\u00e9spedes; de Colombia, Mar\u00eda \u00c1ngela Holgu\u00edn; de Costa Rica, Manuel Gonz\u00e1lez Sanz, y de Cuba, Bruno Rodr\u00edguez Padilla.<\/span><\/p>\n<p><span class=\"text1noticias\"> <\/span><\/p>\n<p><span class=\"text1noticias\">De igual forma, los cancilleres de Ecuador, Guillaume Long; de El Salvador, Hugo Mart\u00ednez; de Guatemala, Carlos Ra\u00fal Morales; de Guyana; Carl B. Greenidge; de Hait\u00ed, Pierrot Delienne; de Paraguay, Eladio Loizaga; de Per\u00fa, Ana Mar\u00eda S\u00e1nchez; de San Crist\u00f3bal y Nieves, Mark Brantley; de Surinam, Niermala S. Badrising; de Santa Luc\u00eda, Alva Baptiste y de Venezuela, Delcy Rodr\u00edguez.<\/span><\/p>\n<p><span class=\"text1noticias\"> <\/span><\/p>\n<p><span class=\"text1noticias\">Tambi\u00e9n los jefes de delegaciones de Antigua y Barbuda, Colin Murdoch; de Argentina, Carlos Foradori; de Brasil, Paulo Estivallet de Mesquita; de Chile, Edgardo Riveros; de Honduras, Mar\u00eda Dolores Ag\u00fcero; de Dominica, Hubert John Charles; de Jamaica, Jon Weeler.<\/span><\/p>\n<p><span class=\"text1noticias\"> <\/span><\/p>\n<p><span class=\"text1noticias\">Adem\u00e1s, de M\u00e9xico, Mar\u00eda del Socorro Flores; de Nicaragua, Sidharta Mar\u00edn; de Panam\u00e1, Mar\u00eda Luisa Navarro; y de Uruguay, Jos\u00e9 Luis Cancela.<\/span><\/p>\n<p><span class=\"text1noticias\"> <\/span><\/p>\n<p><span class=\"text1noticias\"><strong>Foto de familia<\/strong><\/span><\/p>\n<p><span class=\"text1noticias\"> <\/span><\/p>\n<p><span class=\"text1noticias\">Durante el recibimiento en el sal\u00f3n de Embajadores del Palacio Nacional, tambi\u00e9n fue tomada una foto de familia de los visitantes junto al presidente Danilo Medina.<\/span><\/p>\n<p><span class=\"text1noticias\"> <\/span><\/p>\n<p><span class=\"text1noticias\">La Rep\u00fablica Dominicana asumi\u00f3 la Presidencia Pro T\u00e9mpore del organismo regional  el pasado 28 de enero, durante la IV Cumbre de la CELAC, celebrada en Ecuador.<\/span><\/p>\n<p><span class=\"text1noticias\"> <\/span><\/p>\n<p><span class=\"text1noticias\">En la ceremonia donde esa naci\u00f3n suramericana traspas\u00f3 la Presidencia a nuestro pa\u00eds, el presidente Danilo Medina proclam\u00f3 su compromiso con el fortalecimiento de la CELAC y valor\u00f3 la importancia de practicar la solidaridad entre los pa\u00edses<\/span> miembros.<\/p>\n<h6> 2016-04-01 19:12:31 <\/h6>\n<p><!--\n<link rel=\"stylesheet\" href=\"css\/bootstrap.min.css\">\n\n\n<ul class=\"pagination\">\n\t    \n\t\n\n<li >\n\t<a href='?page_no=13310'>Previous<\/a>\n\t<\/li>\n\n\n       \n    \n\n<li><a href='?page_no=1'>1<\/a><\/li>\n\n\n\n<li><a href='?page_no=2'>2<\/a><\/li>\n\n\n\n<li><a>...<\/a><\/li>\n\n\n\n<li><a href='?page_no=13309'>13309<\/a><\/li>\n\n\n\n<li><a href='?page_no=13310'>13310<\/a><\/li>\n\n\n\n<li class='active'><a>13311<\/a><\/li>\n\n\n\n<li><a href='?page_no=13312'>13312<\/a><\/li>\n\n\n\n<li><a href='?page_no=13313'>13313<\/a><\/li>\n\n\n\n<li><a>...<\/a><\/li>\n\n\n\n<li><a href='?page_no=56169'>56169<\/a><\/li>\n\n\n\n<li><a href='?page_no=56170'>56170<\/a><\/li>\n\n    \n\t\n\n<li >\n\t<a href='?page_no=13312'>Next<\/a>\n\t<\/li>\n\n\n    \n\n<li><a href='?page_no=56170'>Last &rsaquo;&rsaquo;<\/a><\/li>\n\n<\/ul>\n\n\n--><br \/>\n<\/body><\/p>\n","protected":false},"excerpt":{"rendered":"<p>Santo Domingo, R. D., 1 de abril.- El presidente Danilo Medina recibi\u00f3 hoy a 19 ministros de Relaciones Exteriores y 11 jefes de delegaciones de la Comunidad de Estados Latinoamericanos y Caribe\u00f1os (CELAC), que se encuentran en el pa\u00eds con motivo de su X Reuni\u00f3n. Los cancilleres y jefes de delegaciones que provienen de 30 [&hellip;]<\/p>\n","protected":false},"author":3,"featured_media":0,"comment_status":"open","ping_status":"open","sticky":false,"template":"","format":"standard","meta":{"footnotes":""},"categories":[20],"tags":[],"class_list":["post-218940","post","type-post","status-publish","format-standard","hentry","category-dominicana-hoy"],"_links":{"self":[{"href":"https:\/\/diariodominicano.com\/index.php?rest_route=\/wp\/v2\/posts\/218940","targetHints":{"allow":["GET"]}}],"collection":[{"href":"https:\/\/diariodominicano.com\/index.php?rest_route=\/wp\/v2\/posts"}],"about":[{"href":"https:\/\/diariodominicano.com\/index.php?rest_route=\/wp\/v2\/types\/post"}],"author":[{"embeddable":true,"href":"https:\/\/diariodominicano.com\/index.php?rest_route=\/wp\/v2\/users\/3"}],"replies":[{"embeddable":true,"href":"https:\/\/diariodominicano.com\/index.php?rest_route=%2Fwp%2Fv2%2Fcomments&post=218940"}],"version-history":[{"count":0,"href":"https:\/\/diariodominicano.com\/index.php?rest_route=\/wp\/v2\/posts\/218940\/revisions"}],"wp:attachment":[{"href":"https:\/\/diariodominicano.com\/index.php?rest_route=%2Fwp%2Fv2%2Fmedia&parent=218940"}],"wp:term":[{"taxonomy":"category","embeddable":true,"href":"https:\/\/diariodominicano.com\/index.php?rest_route=%2Fwp%2Fv2%2Fcategories&post=218940"},{"taxonomy":"post_tag","embeddable":true,"href":"https:\/\/diariodominicano.com\/index.php?rest_route=%2Fwp%2Fv2%2Ftags&post=218940"}],"curies":[{"name":"wp","href":"https:\/\/api.w.org\/{rel}","templated":true}]}}