{"id":218939,"date":"2016-04-01T19:19:26","date_gmt":"2016-04-01T19:19:26","guid":{"rendered":"http:\/\/diariodominicano.ddns.net\/?p=218939"},"modified":"2016-04-01T19:19:26","modified_gmt":"2016-04-01T19:19:26","slug":"disertaran-sobre-sexualidad-en-ninos-y-ninas-con-habilidades-diferentes","status":"publish","type":"post","link":"https:\/\/diariodominicano.com\/?p=218939","title":{"rendered":"Disertar\u00e1n sobre sexualidad en ni\u00f1os y ni\u00f1as con habilidades diferentes"},"content":{"rendered":"<p><body><\/p>\n<p><img decoding=\"async\" src=\"img3\/Caides.jpg\" \/>  <\/p>\n<p><span class=\"text1noticias\">Santo Domingo, R. D., 1 de abril.- El Despacho de la Primera Dama C\u00e1ndida Montilla de Medina anunci\u00f3 para el pr\u00f3ximo martes una conferencia magistral titulada \u00abLa sexualidad en ni\u00f1os y ni\u00f1as con habilidades diferentes\u00bb.<\/span><\/p>\n<p><span class=\"text1noticias\"> <\/span><\/p>\n<p><span class=\"text1noticias\">La disertaci\u00f3n ser\u00e1 realizada con ocasi\u00f3n de conmemorarse los d\u00edas Mundial del S\u00edndrome de Down y de Concienciaci\u00f3n sobre el Autismo y estar\u00e1 a cargo de la doctora Teresa de Jes\u00fas Aguilasocho Montoya, asesora m\u00e9dica y educativa y presidenta de la Fundaci\u00f3n S\u00edndrome de Down de Nuevo Le\u00f3n, de Monterrey, M\u00e9xico.<\/span><\/p>\n<p><span class=\"text1noticias\"> <\/span><\/p>\n<p><span class=\"text1noticias\">Ser\u00e1 a partir de las 10 de la ma\u00f1ana, en la sede del Centro de Atenci\u00f3n Integral para la Discapacidad (CAID), ubicado en la avenida Luper\u00f3n, casi esquina Enriquillo, en el municipio Santo Domingo Oeste.<\/span><\/p>\n<p><span class=\"text1noticias\"> <\/span><\/p>\n<p><span class=\"text1noticias\">Transmisi\u00f3n simult\u00e1nea para personal CAID-Santiago<\/span><\/p>\n<p><span class=\"text1noticias\"> <\/span><\/p>\n<p><span class=\"text1noticias\">Adem\u00e1s, la conferencia magistral ser\u00e1 transmitida en videoconferencia en Santiago para el personal del CAID en esa ciudad y todos los interesados de la regi\u00f3n del Cibao.<\/span><\/p>\n<p><span class=\"text1noticias\"> <\/span><\/p>\n<p><span class=\"text1noticias\">Fortalecer pol\u00edticas de inclusi\u00f3n<\/span><\/p>\n<p><span class=\"text1noticias\"> <\/span><\/p>\n<p><span class=\"text1noticias\">La Primera Dama de la Rep\u00fablica ratific\u00f3 su compromiso de fortalecer las pol\u00edticas p\u00fablicas de inclusi\u00f3n, con el trabajo a favor de ni\u00f1os y ni\u00f1as con habilidades diferentes.<\/span><\/p>\n<p><span class=\"text1noticias\"> <\/span><\/p>\n<p><span class=\"text1noticias\">Expertos comparten conocimientos con personal y familias de los CAID<\/span><\/p>\n<p><span class=\"text1noticias\"> <\/span><\/p>\n<p><span class=\"text1noticias\">Desde que en noviembre del 2013, Montilla de Medina inaugur\u00f3 el primero de tres CAID que ya funcionan en Santo Domingo Oeste, Santiago y San Juan, decenas de expertos internacionales han venido al pa\u00eds compartir sus t\u00e9cnicas y conocimientos en el manejo de casos de ni\u00f1os con discapacidades.<\/span><\/p>\n<p><span class=\"text1noticias\"> <\/span><\/p>\n<p><span class=\"text1noticias\">Esos profesionales no solo comparten experiencias con el p\u00fablico en general, padres, madres y tutores de los ni\u00f1os y personalidades invitadas, sino que, adem\u00e1s, imparten cursos, talleres y seminarios para mayor capacitaci\u00f3n del personal terap\u00e9utico y de otras ramas que brindan sus servicios en el CAID.<\/span><\/p>\n<p><span class=\"text1noticias\"> <\/span><\/p>\n<p><span class=\"text1noticias\">Los CAID ofrecen atenci\u00f3n integral a ni\u00f1os y ni\u00f1as en edades de 0 a 10 a\u00f1os, con condiciones de Trastornos del Espectro Autista (TEA); S\u00edndrome de Down y Par\u00e1lisis Cerebral Infan<\/span>til (PCI).<\/p>\n<h6> 2016-04-01 19:19:26 <\/h6>\n<p><!--\n<link rel=\"stylesheet\" href=\"css\/bootstrap.min.css\">\n\n\n<ul class=\"pagination\">\n\t    \n\t\n\n<li >\n\t<a href='?page_no=13309'>Previous<\/a>\n\t<\/li>\n\n\n       \n    \n\n<li><a href='?page_no=1'>1<\/a><\/li>\n\n\n\n<li><a href='?page_no=2'>2<\/a><\/li>\n\n\n\n<li><a>...<\/a><\/li>\n\n\n\n<li><a href='?page_no=13308'>13308<\/a><\/li>\n\n\n\n<li><a href='?page_no=13309'>13309<\/a><\/li>\n\n\n\n<li class='active'><a>13310<\/a><\/li>\n\n\n\n<li><a href='?page_no=13311'>13311<\/a><\/li>\n\n\n\n<li><a href='?page_no=13312'>13312<\/a><\/li>\n\n\n\n<li><a>...<\/a><\/li>\n\n\n\n<li><a href='?page_no=56169'>56169<\/a><\/li>\n\n\n\n<li><a href='?page_no=56170'>56170<\/a><\/li>\n\n    \n\t\n\n<li >\n\t<a href='?page_no=13311'>Next<\/a>\n\t<\/li>\n\n\n    \n\n<li><a href='?page_no=56170'>Last &rsaquo;&rsaquo;<\/a><\/li>\n\n<\/ul>\n\n\n--><br \/>\n<\/body><\/p>\n","protected":false},"excerpt":{"rendered":"<p>Santo Domingo, R. D., 1 de abril.- El Despacho de la Primera Dama C\u00e1ndida Montilla de Medina anunci\u00f3 para el pr\u00f3ximo martes una conferencia magistral titulada \u00abLa sexualidad en ni\u00f1os y ni\u00f1as con habilidades diferentes\u00bb. La disertaci\u00f3n ser\u00e1 realizada con ocasi\u00f3n de conmemorarse los d\u00edas Mundial del S\u00edndrome de Down y de Concienciaci\u00f3n sobre el [&hellip;]<\/p>\n","protected":false},"author":3,"featured_media":0,"comment_status":"open","ping_status":"open","sticky":false,"template":"","format":"standard","meta":{"footnotes":""},"categories":[20],"tags":[],"class_list":["post-218939","post","type-post","status-publish","format-standard","hentry","category-dominicana-hoy"],"_links":{"self":[{"href":"https:\/\/diariodominicano.com\/index.php?rest_route=\/wp\/v2\/posts\/218939","targetHints":{"allow":["GET"]}}],"collection":[{"href":"https:\/\/diariodominicano.com\/index.php?rest_route=\/wp\/v2\/posts"}],"about":[{"href":"https:\/\/diariodominicano.com\/index.php?rest_route=\/wp\/v2\/types\/post"}],"author":[{"embeddable":true,"href":"https:\/\/diariodominicano.com\/index.php?rest_route=\/wp\/v2\/users\/3"}],"replies":[{"embeddable":true,"href":"https:\/\/diariodominicano.com\/index.php?rest_route=%2Fwp%2Fv2%2Fcomments&post=218939"}],"version-history":[{"count":0,"href":"https:\/\/diariodominicano.com\/index.php?rest_route=\/wp\/v2\/posts\/218939\/revisions"}],"wp:attachment":[{"href":"https:\/\/diariodominicano.com\/index.php?rest_route=%2Fwp%2Fv2%2Fmedia&parent=218939"}],"wp:term":[{"taxonomy":"category","embeddable":true,"href":"https:\/\/diariodominicano.com\/index.php?rest_route=%2Fwp%2Fv2%2Fcategories&post=218939"},{"taxonomy":"post_tag","embeddable":true,"href":"https:\/\/diariodominicano.com\/index.php?rest_route=%2Fwp%2Fv2%2Ftags&post=218939"}],"curies":[{"name":"wp","href":"https:\/\/api.w.org\/{rel}","templated":true}]}}