{"id":218937,"date":"2016-04-02T10:01:50","date_gmt":"2016-04-02T10:01:50","guid":{"rendered":"http:\/\/diariodominicano.ddns.net\/?p=218937"},"modified":"2016-04-02T10:01:50","modified_gmt":"2016-04-02T10:01:50","slug":"x-reunion-de-ministros-de-relaciones-exteriores-acuerdan-enfrentar-problemas-en-la-region","status":"publish","type":"post","link":"https:\/\/diariodominicano.com\/?p=218937","title":{"rendered":"X REUNION DE MINISTROS DE RELACIONES EXTERIORES ACUERDAN ENFRENTAR PROBLEMAS EN LA REGION"},"content":{"rendered":"<p><body><\/p>\n<p><img decoding=\"async\" src=\"img3\/RUEDA DE PRENSA CUARTETO CELAC.jpg\" \/>  <\/p>\n<p><span class=\"text1noticias\">SANTO DOMINGO,  RD., 2 de abril.- Los cancilleres convocados hoy por la Presidencia Pro T\u00e9mpore de la Comunidad de Estados Latinoamericanos y Caribe\u00f1os (CELAC se comprometieron a fortalecer y desarrollar este exclusivo espacio de concertaci\u00f3n y di\u00e1logo pol\u00edtico para elevar el proceso de integraci\u00f3n y enfrentar unidos los problemas comunes que afectan a los pueblos de una regi\u00f3n \u00bbllena de sue\u00f1os y aspiraciones\u00bb.<\/span><\/p>\n<\/p>\n<p><span class=\"text1noticias\">El presidente ex oficio de la PPT\/CELAC, canciller dominicano Andr\u00e9s Navarro, explico que durante la plenaria se alcanzaron logros tangibles, como profundizar la pol\u00edtica alimentaria en coordinaci\u00f3n con la Organizaci\u00f3n de las Naciones Unidas para la Alimentaci\u00f3n (FAO, adem\u00e1s de trabajar sin descanso por el desarrollo de la educaci\u00f3n, ciencia y tecnolog\u00eda, la producci\u00f3n y el comercio, los derechos de la mujer, y los males que generan el narcotr\u00e1fico en la regi\u00f3n, entre otros aspectos fundamentales.<\/span><\/p>\n<p><span class=\"text1noticias\"> <\/span><\/p>\n<p><span class=\"text1noticias\">Indico que el organismo regional incrementara sus esfuerzos por desarrollar sus relaciones interregionales con otros pa\u00edses como Rusia, el bloque de la Uni\u00f3n Europea, La India, Turqu\u00eda, China y Corea, entre otros. En el caso de la Uni\u00f3n Europea, se programo para el 25 y 26 de octubre pr\u00f3ximo una reuni\u00f3n de cancilleres de la CELAC y ese importante bloque europeo, cuya sede ser\u00e1 la Rep\u00fablica Dominicana.<\/span><\/p>\n<\/p>\n<p><span class=\"text1noticias\">Navarro refiri\u00f3 que durante la exitosa plenaria con sus colegas ministros de la CELAC se acord\u00f3, adem\u00e1s, apoyar cada una de las dem\u00e1s actividades del organismo multilateral en otras naciones, \u00abpor lo que queremos dar testimonio del compromiso que hemos asumido de continuar el proceso de concertaci\u00f3n y di\u00e1logo pol\u00edtico para la generaci\u00f3n de bienestar de nuestros pueblos\u00bb&#8230;<\/span><\/p>\n<\/p>\n<p><span class=\"text1noticias\">Acompa\u00f1ado de los cancilleres miembros del cuarteto de la CELAC, incluyendo a Manuel Gonz\u00e1lez, de Costa Rica, Guillaume Long, de Ecuador, y Alexis Rosado, representante del canciller Wilfredo Erlington, Navarro destaco \u00abel gran espacio de dialogo que constituyo la reuni\u00f3n\u00bb, a lo que a su juicio augura un camino de desarrollo institucional e integraci\u00f3n en el organismo regional.<\/span><\/p>\n<\/p>\n<p><span class=\"text1noticias\">Asimismo, en un comunicado dado a conocer durante la plenaria celebrada en el hotel Jaragua de esta capital, los cancilleres subrayaron el derecho de cada naci\u00f3n de construir su propio sistema econ\u00f3mico, pol\u00edtico e institucional en un marco pacifico y libre, \u00abde acuerdo al mandato soberano de los pueblos, y los principios de flexibilidad y participaci\u00f3n voluntaria que est\u00e1n en consonancia con las acciones y pr\u00e1cticas de la CELAC\u00bb.<\/span><\/p>\n<\/p>\n<p><span class=\"text1noticias\">Igualmente plantearon la necesidad de diversificar las econom\u00edas de los 33 pa\u00edses que conforman la CELAC a trav\u00e9s de los servicios financieros internacionales, en un marco fuera de las \u00e1reas tradicionales de la agricultura y la manufactura, al tiempo que \u00bb reconocemos la importancia de fortalecer la cooperaci\u00f3n internacional y bilateral en asuntos de impuestos, para combatir la evasi\u00f3n fiscal y la erosi\u00f3n de la Base Imponible y Traslados de Beneficios (BEPS por sus siglas en ingles.<\/span><\/p>\n<\/p>\n<p><span class=\"text1noticias\">Los ministros de la CELAC manifestaron su preocupaci\u00f3n por las acciones tomadas por la Uni\u00f3n Europea en junio del a\u00f1o pasado, al incluir a un numero de Estados miembros del organismo en una lista de jurisdicciones no cooperativas, lo que ha generado un impacto negativo en cada uno de las naciones afectadas.<\/span><\/p>\n<\/p>\n<p><span class=\"text1noticias\">\u00abHacemos un llamado a un dialogo constructivo a fin d reexaminar la lista en base a un criterio objetivo y a los compromisos implementados por los pa\u00edses, de acuerdo a los est\u00e1ndares aprobados por el Foro Global de Transparencia e Intercambio de Informaci\u00f3n con fines de Impuestos (Foro Global.\u00bb, refiere el comunicado.<\/span><\/p>\n<\/p>\n<p><span class=\"text1noticias\">Asimismo, la CELAC manifiesta su rechazo a la aplicaci\u00f3n de medidas coercitivas unilaterales contrarias al derecho internacional, \u00abcon lo que reafirmamos el compromiso con la plena vigencia del derecho internacional, la soluci\u00f3n pac\u00edfica de controversias y el principio de la no intervenci\u00f3n\u00bb.<\/span><\/p>\n<\/p>\n<p><span class=\"text1noticias\">Los cancilleres tambi\u00e9n expresaron su rechazo a la reciente renovaci\u00f3n del gobierno de los Estados Unidos, del decreto ejecutivo aprobado el 9 de marzo del 2015 y que declara a Venezuela como un peligro para la seguridad de la naci\u00f3n estadounidense.<\/span><\/p>\n<\/p>\n<p><span class=\"text1noticias\">\u00abHacemos un llamado al gobierno de los Estados Unidos y al gobierno de la Rep\u00fablica Bolivariana de Venezuela para que inicien un proceso de di\u00e1logo, bajo los principios de respeto a la soberan\u00eda, la no injerencia en los asuntos internos de los Estados, la autodeterminaci\u00f3n de los pueblos y el orden democr\u00e1tico e institucional, en consonancia con el derecho internacional\u00bb.<\/span><\/p>\n<\/p>\n<p><span class=\"text1noticias\">FELICITAN A LA REP. DOMINICANA<\/span><\/p>\n<\/p>\n<p><span class=\"text1noticias\">Por otro lado, el canciller ecuatoriano Guillaume Long, destac\u00f3 que \u00bb el \u00e9xito de la plena celebrada en la Rep\u00fablica Dominicana dej\u00f3 abierto el camino de continuar profundizando la integraci\u00f3n y el dialogo pol\u00edtico, \u00abpues solo juntos podremos lograr los sue\u00f1os compartidos por nuestros pueblos\u00bb.<\/span><\/p>\n<\/p>\n<p><span class=\"text1noticias\">El funcionario suramericano felicit\u00f3 a la PPT que lidera la Rep\u00fablica Dominicana \u00abpor el gran trabajo que est\u00e1 realizando por el desarrollo institucional y la integraci\u00f3n de este exclusivo espacio de dialogo que se llama CELAC, mecanismo que est\u00e1 llamado a jugar un rol hist\u00f3rico para consensuar los retos y problemas comunes que nos afectan\u00bb.<\/span><\/p>\n<\/p>\n<p><span class=\"text1noticias\">En tanto que el canciller costarricense, Manuel Gonz\u00e1lez, cuyo pa\u00eds ocupo la PPT\/CELAC en el 2014, resalto \u00abla excelente labor realizada por la canciller\u00eda dominicana para el \u00e9xito de la plenaria, \u00ablo que ha permitido que alcanz\u00e1ramos notables avances en la mejor\u00eda de los mecanismos de trabajo como bloque regional\u00bb.<\/span><\/p>\n<\/p>\n<p><span class=\"text1noticias\">CANCILLERES PRESENTES<\/span><\/p>\n<p><span class=\"text1noticias\">Los ministros de Relaciones Exteriores que estuvieron presentes, fueron de Bahamas, Frederick Michell; de Barbados, Maxine McClean; de Belice, Wilfred Erlington; de Bolivia, David Choquehuanca C\u00e9spedes; de Colombia, Mar\u00eda \u00c1ngela Holgu\u00edn; de Costa Rica, Manuel Gonz\u00e1lez Sanz, y de Cuba, Bruno Rodr\u00edguez Padilla.<\/span><\/p>\n<p><span class=\"text1noticias\">De igual forma, los cancilleres de Ecuador, Guillaume Long; de El Salvador, Hugo Mart\u00ednez; de Guatemala, Carlos Ra\u00fal Morales; de Guyana; Carl B. Greenidge; de Hait\u00ed, Pierrot Delienne; de Paraguay, Eladio Loizaga; de Per\u00fa, Ana Mar\u00eda S\u00e1nchez; de San Crist\u00f3bal y Nieves, Mark Brantley; de Surinam, Niermala S. Badrising; de Santa Luc\u00eda, Alva Baptiste y de Venezuela, Delcy Rodr\u00edguez.<\/span><\/p>\n<p><span class=\"text1noticias\">Tambi\u00e9n los jefes de delegaciones de Antigua y Barbuda, Colin Murdoch; de Argentina, Carlos Foradori; de Brasil, Paulo Estivallet de Mesquita; de Chile, Edgardo Riveros; de Honduras, Mar\u00eda Dolores Ag\u00fcero; de Dominica, Hubert John Charles; de Jamaica, Jon Weeler.<\/span><\/p>\n<p><span class=\"text1noticias\">Adem\u00e1s, de M\u00e9xico, Mar\u00eda del Socorro Flores; de Nicaragua, Sidharta Mar\u00edn; de Panam\u00e1, Mar\u00eda Luisa Navarro; y de Uruguay, Jos\u00e9 Luis Cancela.<\/span><\/p>\n<\/p>\n<h6> 2016-04-02 10:01:50 <\/h6>\n<p><!--\n<link rel=\"stylesheet\" href=\"css\/bootstrap.min.css\">\n\n\n<ul class=\"pagination\">\n\t    \n\t\n\n<li >\n\t<a href='?page_no=13308'>Previous<\/a>\n\t<\/li>\n\n\n       \n    \n\n<li><a href='?page_no=1'>1<\/a><\/li>\n\n\n\n<li><a href='?page_no=2'>2<\/a><\/li>\n\n\n\n<li><a>...<\/a><\/li>\n\n\n\n<li><a href='?page_no=13307'>13307<\/a><\/li>\n\n\n\n<li><a href='?page_no=13308'>13308<\/a><\/li>\n\n\n\n<li class='active'><a>13309<\/a><\/li>\n\n\n\n<li><a href='?page_no=13310'>13310<\/a><\/li>\n\n\n\n<li><a href='?page_no=13311'>13311<\/a><\/li>\n\n\n\n<li><a>...<\/a><\/li>\n\n\n\n<li><a href='?page_no=56169'>56169<\/a><\/li>\n\n\n\n<li><a href='?page_no=56170'>56170<\/a><\/li>\n\n    \n\t\n\n<li >\n\t<a href='?page_no=13310'>Next<\/a>\n\t<\/li>\n\n\n    \n\n<li><a href='?page_no=56170'>Last &rsaquo;&rsaquo;<\/a><\/li>\n\n<\/ul>\n\n\n--><br \/>\n<\/body><\/p>\n","protected":false},"excerpt":{"rendered":"<p>SANTO DOMINGO, RD., 2 de abril.- Los cancilleres convocados hoy por la Presidencia Pro T\u00e9mpore de la Comunidad de Estados Latinoamericanos y Caribe\u00f1os (CELAC se comprometieron a fortalecer y desarrollar este exclusivo espacio de concertaci\u00f3n y di\u00e1logo pol\u00edtico para elevar el proceso de integraci\u00f3n y enfrentar unidos los problemas comunes que afectan a los pueblos [&hellip;]<\/p>\n","protected":false},"author":3,"featured_media":0,"comment_status":"open","ping_status":"open","sticky":false,"template":"","format":"standard","meta":{"footnotes":""},"categories":[20],"tags":[],"class_list":["post-218937","post","type-post","status-publish","format-standard","hentry","category-dominicana-hoy"],"_links":{"self":[{"href":"https:\/\/diariodominicano.com\/index.php?rest_route=\/wp\/v2\/posts\/218937","targetHints":{"allow":["GET"]}}],"collection":[{"href":"https:\/\/diariodominicano.com\/index.php?rest_route=\/wp\/v2\/posts"}],"about":[{"href":"https:\/\/diariodominicano.com\/index.php?rest_route=\/wp\/v2\/types\/post"}],"author":[{"embeddable":true,"href":"https:\/\/diariodominicano.com\/index.php?rest_route=\/wp\/v2\/users\/3"}],"replies":[{"embeddable":true,"href":"https:\/\/diariodominicano.com\/index.php?rest_route=%2Fwp%2Fv2%2Fcomments&post=218937"}],"version-history":[{"count":0,"href":"https:\/\/diariodominicano.com\/index.php?rest_route=\/wp\/v2\/posts\/218937\/revisions"}],"wp:attachment":[{"href":"https:\/\/diariodominicano.com\/index.php?rest_route=%2Fwp%2Fv2%2Fmedia&parent=218937"}],"wp:term":[{"taxonomy":"category","embeddable":true,"href":"https:\/\/diariodominicano.com\/index.php?rest_route=%2Fwp%2Fv2%2Fcategories&post=218937"},{"taxonomy":"post_tag","embeddable":true,"href":"https:\/\/diariodominicano.com\/index.php?rest_route=%2Fwp%2Fv2%2Ftags&post=218937"}],"curies":[{"name":"wp","href":"https:\/\/api.w.org\/{rel}","templated":true}]}}