{"id":218936,"date":"2016-04-02T14:40:53","date_gmt":"2016-04-02T14:40:53","guid":{"rendered":"http:\/\/diariodominicano.ddns.net\/?p=218936"},"modified":"2016-04-02T14:40:53","modified_gmt":"2016-04-02T14:40:53","slug":"suspenden-elecciones-locutores-tras-fallo-tribunal","status":"publish","type":"post","link":"https:\/\/diariodominicano.com\/?p=218936","title":{"rendered":"Suspenden elecciones locutores tras fallo Tribunal"},"content":{"rendered":"<p><body><\/p>\n<p><img decoding=\"async\" src=\"img3\/Ana-564x441.jpg\" \/>  <\/p>\n<p><span class=\"text1noticias\">Santo Domingo, R. D., 2 de abril.- La Junta Directiva Nacional del C\u00edrculo de Locutores Dominicanos (CLD), anunci\u00f3 hoy  la posposici\u00f3n de las elecciones que estaban pautadas para este domingo 3 de abril, mediante un comunicado de prensa.<\/span><\/p>\n<p><span class=\"text1noticias\"> <\/span><\/p>\n<p><span class=\"text1noticias\">Ana Daisy Guerrero, presidenta de la instituci\u00f3n, afirm\u00f3 que algunos precandidatos mostraron desacuerdo con las exigencias de los reglamentos definidos por la Junta de Elecciones, elegida por asamblea estatutaria de locutores,  lo que provoc\u00f3 que  los \u00e1nimos se subieran de tono.<\/span><\/p>\n<p><span class=\"text1noticias\"> <\/span><\/p>\n<p><span class=\"text1noticias\">En tal sentido, consider\u00f3 prudente la medida tomada por el Tribunal Civil y Comercial de Primera Instancia, de postergar el proceso para preservar el derecho de todos los aspirantes y la institucionalidad del gremio del micr\u00f3fono en la Rep\u00fablica Dominicana.<\/span><\/p>\n<p><span class=\"text1noticias\"> <\/span><\/p>\n<p><span class=\"text1noticias\">\u00abLa Junta Directiva Nacional est\u00e1 muy de acuerdo con que se posterguen las elecciones hasta que los aspirantes sientan la garant\u00eda total del proceso, pues la paz, la integridad y la unidad de la instituci\u00f3n est\u00e1n por encima de cualquier aspiraci\u00f3n, incluyendo la m\u00eda\u00bb, sostuvo Guerrero.  <\/span><\/p>\n<p><span class=\"text1noticias\"> <\/span><\/p>\n<p><span class=\"text1noticias\">La locutora pidi\u00f3 excusas a los miembros de las filiales provinciales quienes de manera estatutaria y entusiasta, ven\u00edan a votar en masa en la sede central este 3 de abril y han visto frustrada la log\u00edstica que ya ten\u00edan pr\u00e1cticamente lista.<\/span><\/p>\n<p><span class=\"text1noticias\"> <\/span><\/p>\n<p><span class=\"text1noticias\">Garantiz\u00f3 que en los pr\u00f3ximos d\u00edas ser\u00e1 anunciando el camino a seguir para que el CLD elija de manera transparente su pr\u00f3xima directiva, alcanzando la meta establecida de contar con las elecciones m\u00e1s participativas y masivas de la historia de la instituci\u00f3n, que ser\u00e1 el marco referencial para establecer el crecimiento cuantitativo y cualitativo que ha experimentado el gremio en los \u00faltimos dos a\u00f1os.<\/span><\/p>\n<p><span class=\"text1noticias\"> <\/span><\/p>\n<p><span class=\"text1noticias\">La presidenta?candidata finaliz\u00f3 diciendo,  que este domingo, a partir de las nueve de la ma\u00f1ana, no obstante estar suspendidas las votaciones, la directiva y pasados presidentes estar\u00e1n confraternalmente compartiendo con las y los locutores que deseen asistir a \u00absu casa\u00bb, C\u00edrculo de Locutores Dominicanos.<\/span><\/p>\n<h6> 2016-04-02 14:40:53 <\/h6>\n<p><!--\n<link rel=\"stylesheet\" href=\"css\/bootstrap.min.css\">\n\n\n<ul class=\"pagination\">\n\t    \n\t\n\n<li >\n\t<a href='?page_no=13307'>Previous<\/a>\n\t<\/li>\n\n\n       \n    \n\n<li><a href='?page_no=1'>1<\/a><\/li>\n\n\n\n<li><a href='?page_no=2'>2<\/a><\/li>\n\n\n\n<li><a>...<\/a><\/li>\n\n\n\n<li><a href='?page_no=13306'>13306<\/a><\/li>\n\n\n\n<li><a href='?page_no=13307'>13307<\/a><\/li>\n\n\n\n<li class='active'><a>13308<\/a><\/li>\n\n\n\n<li><a href='?page_no=13309'>13309<\/a><\/li>\n\n\n\n<li><a href='?page_no=13310'>13310<\/a><\/li>\n\n\n\n<li><a>...<\/a><\/li>\n\n\n\n<li><a href='?page_no=56169'>56169<\/a><\/li>\n\n\n\n<li><a href='?page_no=56170'>56170<\/a><\/li>\n\n    \n\t\n\n<li >\n\t<a href='?page_no=13309'>Next<\/a>\n\t<\/li>\n\n\n    \n\n<li><a href='?page_no=56170'>Last &rsaquo;&rsaquo;<\/a><\/li>\n\n<\/ul>\n\n\n--><br \/>\n<\/body><\/p>\n","protected":false},"excerpt":{"rendered":"<p>Santo Domingo, R. D., 2 de abril.- La Junta Directiva Nacional del C\u00edrculo de Locutores Dominicanos (CLD), anunci\u00f3 hoy la posposici\u00f3n de las elecciones que estaban pautadas para este domingo 3 de abril, mediante un comunicado de prensa. Ana Daisy Guerrero, presidenta de la instituci\u00f3n, afirm\u00f3 que algunos precandidatos mostraron desacuerdo con las exigencias de [&hellip;]<\/p>\n","protected":false},"author":3,"featured_media":0,"comment_status":"open","ping_status":"open","sticky":false,"template":"","format":"standard","meta":{"footnotes":""},"categories":[20],"tags":[],"class_list":["post-218936","post","type-post","status-publish","format-standard","hentry","category-dominicana-hoy"],"_links":{"self":[{"href":"https:\/\/diariodominicano.com\/index.php?rest_route=\/wp\/v2\/posts\/218936","targetHints":{"allow":["GET"]}}],"collection":[{"href":"https:\/\/diariodominicano.com\/index.php?rest_route=\/wp\/v2\/posts"}],"about":[{"href":"https:\/\/diariodominicano.com\/index.php?rest_route=\/wp\/v2\/types\/post"}],"author":[{"embeddable":true,"href":"https:\/\/diariodominicano.com\/index.php?rest_route=\/wp\/v2\/users\/3"}],"replies":[{"embeddable":true,"href":"https:\/\/diariodominicano.com\/index.php?rest_route=%2Fwp%2Fv2%2Fcomments&post=218936"}],"version-history":[{"count":0,"href":"https:\/\/diariodominicano.com\/index.php?rest_route=\/wp\/v2\/posts\/218936\/revisions"}],"wp:attachment":[{"href":"https:\/\/diariodominicano.com\/index.php?rest_route=%2Fwp%2Fv2%2Fmedia&parent=218936"}],"wp:term":[{"taxonomy":"category","embeddable":true,"href":"https:\/\/diariodominicano.com\/index.php?rest_route=%2Fwp%2Fv2%2Fcategories&post=218936"},{"taxonomy":"post_tag","embeddable":true,"href":"https:\/\/diariodominicano.com\/index.php?rest_route=%2Fwp%2Fv2%2Ftags&post=218936"}],"curies":[{"name":"wp","href":"https:\/\/api.w.org\/{rel}","templated":true}]}}