{"id":218935,"date":"2016-04-02T15:23:03","date_gmt":"2016-04-02T15:23:03","guid":{"rendered":"http:\/\/diariodominicano.ddns.net\/?p=218935"},"modified":"2016-04-02T15:23:03","modified_gmt":"2016-04-02T15:23:03","slug":"surun-hernandez-juramenta-miembros-tribunal-disciplinario-seccional","status":"publish","type":"post","link":"https:\/\/diariodominicano.com\/?p=218935","title":{"rendered":"Sur\u00fan Hern\u00e1ndez juramenta miembros Tribunal Disciplinario seccional"},"content":{"rendered":"<p><body><\/p>\n<p><img decoding=\"async\" src=\"img3\/colegio.jpg\" \/><br \/><img decoding=\"async\" src=\"img3\/colegio (2).jpg\" \/>  <\/p>\n<p><span class=\"text1noticias\">Santiago, R. D., 2 de abril.- El presidente del Colegio de Abogados de la Rep\u00fablica Dominicana (CARD), Miguel Sur\u00fan Hern\u00e1ndez, jurament\u00f3 a los miembros del Tribunal Disciplinario del Colegio de Abogados de la Rep\u00fablica Dominicana seccional Santiago. <\/span><\/p>\n<p><span class=\"text1noticias\"> <\/span><\/p>\n<p><span class=\"text1noticias\">El acto de juramentaci\u00f3n de llevo a cabo, en el local de la Asociaci\u00f3n de abogados de Santiago, en el marco de la celebraci\u00f3n del diplomado de Derecho Constitucional, el cual est\u00e1 dirigido a los abogados y estudiantes de la regi\u00f3n del Cibao. <\/span><\/p>\n<p><span class=\"text1noticias\"> <\/span><\/p>\n<p><span class=\"text1noticias\">El presidente de la Asociaci\u00f3n de Abogados de Santiago el licenciado Jos\u00e9 Dolores Jim\u00e9nez Batista, invoc\u00f3 las palabras de bendici\u00f3n del acto. A seguidas el Lic. Ram\u00f3n Estrella (Monchy), con el discurso de apertura, manifest\u00f3 que hoy en d\u00edas los abogados y abogadas tienen un nuevo Colegio de Abogados, vinculado  a la sociedad, as\u00ed como tambi\u00e9n al quehacer jur\u00eddico de todos los que practicamos esta profesi\u00f3n.   <\/span><\/p>\n<p><span class=\"text1noticias\"> <\/span><\/p>\n<p><span class=\"text1noticias\">\u00abLa importancia de esta actividad eminentemente social, no es solamente alcanzar la sentencia que repara la injusticia en un conflicto de intereses, sino que por su precisi\u00f3n de justicia, contribuya al restablecimiento del orden social quebrantado, partiendo por el respeto de la dignidad humana y que se asegure la paz social\u00bb dijo Monchy. <\/span><\/p>\n<p><span class=\"text1noticias\"> <\/span><\/p>\n<p><span class=\"text1noticias\">As\u00ed mismo el licenciado en derecho Monchy Estrella, dijo que el Colegio de Abogados de la Rep\u00fablica Dominicana (CARD), que dirige Miguel Sur\u00fan Hern\u00e1ndez, prometi\u00f3 que iba a funcionar el tribunal disciplinario, el cual no solamente iba a funcional en la capital, por lo que hoy, queda juramentado aqu\u00ed en Santiago y al mismo tiempo estamos dejando inaugurando la oficina.   <\/span><\/p>\n<p><span class=\"text1noticias\"> <\/span><\/p>\n<p><span class=\"text1noticias\">Por su parte el presidente del Colegio de Abogados de la Rep\u00fablica Dominicana (CARD), Miguel Sur\u00fan Hern\u00e1ndez, con el discurs\u00f3 central, el cual sostuvo que cada abogado del mundo est\u00e1 para servirle a la sociedad, sin olvidarnos de ese rol, que nos corresponde.   <\/span><\/p>\n<p><span class=\"text1noticias\"> <\/span><\/p>\n<p><span class=\"text1noticias\">\u00abTenemos la misi\u00f3n del bien, de ense\u00f1arle a esta sociedad, cual es el camino correcto, \u00e9tico y moral, que cada abogado debe comportarse, ya que la misma es una filosof\u00eda del Colegio de Abogados de la Rep\u00fablica Dominicana, que pone como eje la educaci\u00f3n y el servicio\u00bb,  dijo. <\/span><\/p>\n<p><span class=\"text1noticias\"> <\/span><\/p>\n<p><span class=\"text1noticias\">Manifest\u00f3 que el tribunal disciplinario que hoy toma posesi\u00f3n, ser\u00e1 un departamento que actuar\u00e1 con responsabilidad, protegiendo no solamente, aquellos abogados que ejercen la profesi\u00f3n dignamente, esos profesionales del derechos que no permiten que un grupo manchen su toga con practicas indebidas. <\/span><\/p>\n<p><span class=\"text1noticias\"> <\/span><\/p>\n<p><span class=\"text1noticias\">\u00abEste tribunal tiene como prop\u00f3sito, de acercar nuestras instituci\u00f3n a la sociedad de Santiago, a la regi\u00f3n norte, de que vengan y toquen puertas y tambi\u00e9n de acercar el organismo a la clase jur\u00eddicas Santiagueras, para que vean que los abogados los consideran como parte integrar de la comunidad\u00bb sostuvo. <\/span><\/p>\n<p><span class=\"text1noticias\"> <\/span><\/p>\n<p><span class=\"text1noticias\">Anunci\u00f3 la adquisici\u00f3n de 3000 mil metros de terrenos cuadrados por anuencia del consejo edilicio y ratificado por el alcalde Gilberto Serulle, donde se construir\u00e1 la Casa Club del Colegio de Abogados de Santiago, dichos terrenos ubicados en la urbanizaci\u00f3n Thomen, avenida Hispanoamericana. <\/span><\/p>\n<p><span class=\"text1noticias\"> <\/span><\/p>\n<p><span class=\"text1noticias\">\u00abLa construcci\u00f3n de la Casa Club del Abogado en Santiago es un gran sue\u00f1o para la comunidad jur\u00eddica de la zona, y la donaci\u00f3n de estos terrenos marca el inicio de este importante proyecto\u00bb, explic\u00f3 Sur\u00fan Hern\u00e1ndez. <\/span><\/p>\n<p><span class=\"text1noticias\"> <\/span><\/p>\n<p><span class=\"text1noticias\">Los juramentados del tribunal disciplinario del Colegio de Abogados de la Rep\u00fablica Dominicana seccional Santiago fueron Miledi L\u00f3pez, Domingo Guzm\u00e1n, Maritza de Grullon y Josa Alberto Pe\u00f1a (Alberto Jose). <\/span><\/p>\n<p><span class=\"text1noticias\"> <\/span><\/p>\n<p><span class=\"text1noticias\">Mientras que la mesa principal estuvo conformada por Miguel Sur\u00fan Hern\u00e1ndez presidente del CARD y la vicepresidente Josefina Batista, Trajano Vidal Potentini Vice-presidente de FJT,  presidente de la Asociaci\u00f3n de Abogados de Santiago el licenciado Jos\u00e9 Dolores Jim\u00e9nez Batista, el Licenciado Ram\u00f3n Estrella Monchy y l<\/span>a Licenciada Miledi L\u00f3pez.<\/p>\n<h6> 2016-04-02 15:23:03 <\/h6>\n<p><!--\n<link rel=\"stylesheet\" href=\"css\/bootstrap.min.css\">\n\n\n<ul class=\"pagination\">\n\t    \n\t\n\n<li >\n\t<a href='?page_no=13306'>Previous<\/a>\n\t<\/li>\n\n\n       \n    \n\n<li><a href='?page_no=1'>1<\/a><\/li>\n\n\n\n<li><a href='?page_no=2'>2<\/a><\/li>\n\n\n\n<li><a>...<\/a><\/li>\n\n\n\n<li><a href='?page_no=13305'>13305<\/a><\/li>\n\n\n\n<li><a href='?page_no=13306'>13306<\/a><\/li>\n\n\n\n<li class='active'><a>13307<\/a><\/li>\n\n\n\n<li><a href='?page_no=13308'>13308<\/a><\/li>\n\n\n\n<li><a href='?page_no=13309'>13309<\/a><\/li>\n\n\n\n<li><a>...<\/a><\/li>\n\n\n\n<li><a href='?page_no=56169'>56169<\/a><\/li>\n\n\n\n<li><a href='?page_no=56170'>56170<\/a><\/li>\n\n    \n\t\n\n<li >\n\t<a href='?page_no=13308'>Next<\/a>\n\t<\/li>\n\n\n    \n\n<li><a href='?page_no=56170'>Last &rsaquo;&rsaquo;<\/a><\/li>\n\n<\/ul>\n\n\n--><br \/>\n<\/body><\/p>\n","protected":false},"excerpt":{"rendered":"<p>Santiago, R. D., 2 de abril.- El presidente del Colegio de Abogados de la Rep\u00fablica Dominicana (CARD), Miguel Sur\u00fan Hern\u00e1ndez, jurament\u00f3 a los miembros del Tribunal Disciplinario del Colegio de Abogados de la Rep\u00fablica Dominicana seccional Santiago. El acto de juramentaci\u00f3n de llevo a cabo, en el local de la Asociaci\u00f3n de abogados de Santiago, [&hellip;]<\/p>\n","protected":false},"author":3,"featured_media":0,"comment_status":"open","ping_status":"open","sticky":false,"template":"","format":"standard","meta":{"footnotes":""},"categories":[20],"tags":[],"class_list":["post-218935","post","type-post","status-publish","format-standard","hentry","category-dominicana-hoy"],"_links":{"self":[{"href":"https:\/\/diariodominicano.com\/index.php?rest_route=\/wp\/v2\/posts\/218935","targetHints":{"allow":["GET"]}}],"collection":[{"href":"https:\/\/diariodominicano.com\/index.php?rest_route=\/wp\/v2\/posts"}],"about":[{"href":"https:\/\/diariodominicano.com\/index.php?rest_route=\/wp\/v2\/types\/post"}],"author":[{"embeddable":true,"href":"https:\/\/diariodominicano.com\/index.php?rest_route=\/wp\/v2\/users\/3"}],"replies":[{"embeddable":true,"href":"https:\/\/diariodominicano.com\/index.php?rest_route=%2Fwp%2Fv2%2Fcomments&post=218935"}],"version-history":[{"count":0,"href":"https:\/\/diariodominicano.com\/index.php?rest_route=\/wp\/v2\/posts\/218935\/revisions"}],"wp:attachment":[{"href":"https:\/\/diariodominicano.com\/index.php?rest_route=%2Fwp%2Fv2%2Fmedia&parent=218935"}],"wp:term":[{"taxonomy":"category","embeddable":true,"href":"https:\/\/diariodominicano.com\/index.php?rest_route=%2Fwp%2Fv2%2Fcategories&post=218935"},{"taxonomy":"post_tag","embeddable":true,"href":"https:\/\/diariodominicano.com\/index.php?rest_route=%2Fwp%2Fv2%2Ftags&post=218935"}],"curies":[{"name":"wp","href":"https:\/\/api.w.org\/{rel}","templated":true}]}}