{"id":218934,"date":"2016-04-03T01:15:42","date_gmt":"2016-04-03T01:15:42","guid":{"rendered":"http:\/\/diariodominicano.ddns.net\/?p=218934"},"modified":"2016-04-03T01:15:42","modified_gmt":"2016-04-03T01:15:42","slug":"unapec-inviste-859-profesionales-en-graduacion-extraordinaria","status":"publish","type":"post","link":"https:\/\/diariodominicano.com\/?p=218934","title":{"rendered":"UNAPEC inviste 859 profesionales en graduaci\u00f3n extraordinaria"},"content":{"rendered":"<p><body><\/p>\n<p><img decoding=\"async\" src=\"img3\/Foto 2 - Vista graduandos..JPG\" \/><br \/><img decoding=\"async\" src=\"img3\/Foto 2 - Vista graduandos..JPG\" \/>  <\/p>\n<p><strong>SANTO DOMINGO, RD. 2 de Abril de 2016.- <\/strong> La Universidad APEC (UNAPEC) invisti\u00f3 859 nuevos profesionales de distintas carreras y tuvo como orador invitado a monse\u00f1or doctor Benito \u00c1ngeles Fern\u00e1ndez, p\u00e1rroco de la Iglesia San Antonio de Padua.<\/p>\n<\/p>\n<p>La ceremonia inici\u00f3 con el desfile de graduandos en la terminal I del Puerto de Sansouc\u00ed, en la avenida Espa\u00f1a, donde las palabras de bienvenida y presentaci\u00f3n del orador invitado estuvieron a cargo del rector de UNAPEC, doctor Radham\u00e9s Mej\u00eda.<\/p>\n<\/p>\n<p>El doctor Radham\u00e9s Mej\u00eda manifest\u00f3 que \u00abUNAPEC se siente muy orgullosa de ser una instituci\u00f3n universitaria inclusiva, que cree firmemente que la educaci\u00f3n es un derecho fundamental de todos los seres humanos, sin distinci\u00f3n ni discriminaci\u00f3n de ning\u00fan tipo\u00bb.<\/p>\n<\/p>\n<p>\u00abPedimos un aplauso especial para el graduando de posgrado, no vidente, Kelvin Ram\u00f3n N\u00fa\u00f1ez Zapata, que hoy, con su ejemplo, nos dice que no hay barrera que el ser humano no pueda superar para desarrollar su potencial, si existe la voluntad y la determinaci\u00f3n\u00bb.<\/p>\n<\/p>\n<p>Monse\u00f1or Benito \u00c1ngeles indic\u00f3 que \u00abel ejercicio de una profesi\u00f3n tiene caracter\u00edsticas de vocaci\u00f3n, de modo que, cuando se ejerce de verdad esta no puede menos que producir alegr\u00eda, gozo, paz, armon\u00eda, fraternidad y una sociedad m\u00e1s justa y humana\u00bb. <\/p>\n<\/p>\n<p>\u00abSi es verdad que el conocimiento es poder: \u00fasenlo para transformarse as\u00ed mismo, transformar su mundo, su entorno. \u00dasenlo siempre, solo y en todo para hacer el bien, como el Salvador del mundo, que pas\u00f3 por la vida haciendo siempre el Bien\u00bb, exhort\u00f3.<\/p>\n<\/p>\n<p>El programa del acto incluy\u00f3 la invocaci\u00f3n a un Dios Universal, por el doctor Pedro Antonio Eduardo, vicerrector de Servicios Estudiantiles; la presentaci\u00f3n de los graduandos por el licenciado Francisco D?Oleo, vicerrector acad\u00e9mico, y el juramento de los graduandos.<\/p>\n<\/p>\n<p>Tambi\u00e9n, el discurso a cargo de la estudiante de mayor indic\u00e9 acad\u00e9mico, Sarah Theany Esca\u00f1o Estrella, del Decanato de Artes y Comunicaci\u00f3n, y la entrega de t\u00edtulos, menciones honor\u00edficas y reconocimientos por decanatos.<\/p>\n<\/p>\n<p>\u00abSomos due\u00f1os de nuestro propio destino, somos j\u00f3venes, privilegiados de haber tenido la posibilidad de estar en este lugar, abri\u00e9ndonos paso a un futuro brillante\u00bb, expres\u00f3 Sarah Theany.<\/p>\n<\/p>\n<p>Los nuevos profesionales son de las carreras de t\u00e9cnico analista financiero y administraci\u00f3n tur\u00edstica y hotelera, especialidad ense\u00f1anza, en matem\u00e1tica b\u00e1sica, las licenciaturas en administraci\u00f3n de empresas y en maestr\u00edas en administraci\u00f3n financiera, licenciatura en contabilidad, licenciatura en contabilidad menci\u00f3n finanzas, y en gerencia de recursos humanos.<\/p>\n<\/p>\n<p>Adem\u00e1s, licenciaturas en administraci\u00f3n de empresas, mercadotecnia, en contabilidad, en negocios internacionales, en derecho, en publicidad y en dise\u00f1o gr\u00e1fico, tambi\u00e9n ingenier\u00eda industrial, en sistema de computaci\u00f3n, el\u00e9ctrica y electr\u00f3nica.<\/p>\n<\/p>\n<p>Asimismo, t\u00e9cnicos en analista financiero y en administraci\u00f3n tur\u00edstica y hotelera, y especialidades en ense\u00f1anza matem\u00e1tica b\u00e1sica en administraci\u00f3n financiera, en alta gesti\u00f3n empresarial, en gesti\u00f3n de negocios, en gerencia de mercadeo y en derecho penal y derecho procesal penal y en ense\u00f1anza de la matem\u00e1tica b\u00e1sica.<\/p>\n<\/p>\n<p>Tambi\u00e9n maestr\u00edas en administraci\u00f3n financiera, en gerencia y productividad, en gerencia de recursos, en auditor\u00eda integral y control de gesti\u00f3n, en gerencia de la comunicaci\u00f3n corporativa, en direcci\u00f3n comercial, en comunicaci\u00f3n multimedia, en derecho penal y derecho procesal penal en administraci\u00f3n de negocios y en gesti\u00f3n   de proyectos.<\/p>\n<\/p>\n<h6> 2016-04-03 01:15:42 <\/h6>\n<p><!--\n<link rel=\"stylesheet\" href=\"css\/bootstrap.min.css\">\n\n\n<ul class=\"pagination\">\n\t    \n\t\n\n<li >\n\t<a href='?page_no=13305'>Previous<\/a>\n\t<\/li>\n\n\n       \n    \n\n<li><a href='?page_no=1'>1<\/a><\/li>\n\n\n\n<li><a href='?page_no=2'>2<\/a><\/li>\n\n\n\n<li><a>...<\/a><\/li>\n\n\n\n<li><a href='?page_no=13304'>13304<\/a><\/li>\n\n\n\n<li><a href='?page_no=13305'>13305<\/a><\/li>\n\n\n\n<li class='active'><a>13306<\/a><\/li>\n\n\n\n<li><a href='?page_no=13307'>13307<\/a><\/li>\n\n\n\n<li><a href='?page_no=13308'>13308<\/a><\/li>\n\n\n\n<li><a>...<\/a><\/li>\n\n\n\n<li><a href='?page_no=56169'>56169<\/a><\/li>\n\n\n\n<li><a href='?page_no=56170'>56170<\/a><\/li>\n\n    \n\t\n\n<li >\n\t<a href='?page_no=13307'>Next<\/a>\n\t<\/li>\n\n\n    \n\n<li><a href='?page_no=56170'>Last &rsaquo;&rsaquo;<\/a><\/li>\n\n<\/ul>\n\n\n--><br \/>\n<\/body><\/p>\n","protected":false},"excerpt":{"rendered":"<p>SANTO DOMINGO, RD. 2 de Abril de 2016.- La Universidad APEC (UNAPEC) invisti\u00f3 859 nuevos profesionales de distintas carreras y tuvo como orador invitado a monse\u00f1or doctor Benito \u00c1ngeles Fern\u00e1ndez, p\u00e1rroco de la Iglesia San Antonio de Padua. La ceremonia inici\u00f3 con el desfile de graduandos en la terminal I del Puerto de Sansouc\u00ed, en [&hellip;]<\/p>\n","protected":false},"author":3,"featured_media":0,"comment_status":"open","ping_status":"open","sticky":false,"template":"","format":"standard","meta":{"footnotes":""},"categories":[20],"tags":[],"class_list":["post-218934","post","type-post","status-publish","format-standard","hentry","category-dominicana-hoy"],"_links":{"self":[{"href":"https:\/\/diariodominicano.com\/index.php?rest_route=\/wp\/v2\/posts\/218934","targetHints":{"allow":["GET"]}}],"collection":[{"href":"https:\/\/diariodominicano.com\/index.php?rest_route=\/wp\/v2\/posts"}],"about":[{"href":"https:\/\/diariodominicano.com\/index.php?rest_route=\/wp\/v2\/types\/post"}],"author":[{"embeddable":true,"href":"https:\/\/diariodominicano.com\/index.php?rest_route=\/wp\/v2\/users\/3"}],"replies":[{"embeddable":true,"href":"https:\/\/diariodominicano.com\/index.php?rest_route=%2Fwp%2Fv2%2Fcomments&post=218934"}],"version-history":[{"count":0,"href":"https:\/\/diariodominicano.com\/index.php?rest_route=\/wp\/v2\/posts\/218934\/revisions"}],"wp:attachment":[{"href":"https:\/\/diariodominicano.com\/index.php?rest_route=%2Fwp%2Fv2%2Fmedia&parent=218934"}],"wp:term":[{"taxonomy":"category","embeddable":true,"href":"https:\/\/diariodominicano.com\/index.php?rest_route=%2Fwp%2Fv2%2Fcategories&post=218934"},{"taxonomy":"post_tag","embeddable":true,"href":"https:\/\/diariodominicano.com\/index.php?rest_route=%2Fwp%2Fv2%2Ftags&post=218934"}],"curies":[{"name":"wp","href":"https:\/\/api.w.org\/{rel}","templated":true}]}}