{"id":218932,"date":"2016-04-03T14:05:10","date_gmt":"2016-04-03T14:05:10","guid":{"rendered":"http:\/\/diariodominicano.ddns.net\/?p=218932"},"modified":"2016-04-03T14:05:10","modified_gmt":"2016-04-03T14:05:10","slug":"ministro-cultura-jose-antonio-rodriguez-asistio-funerales-de-hache","status":"publish","type":"post","link":"https:\/\/diariodominicano.com\/?p=218932","title":{"rendered":"Ministro Cultura Jos\u00e9 Antonio Rodr\u00edguez asisti\u00f3 funerales de Hach\u00e9"},"content":{"rendered":"<p><body><\/p>\n<p><img decoding=\"async\" src=\"img3\/Hach.jpeg\" \/>  <\/p>\n<p><span class=\"text1noticias\">Santo Domingo, R. D., 3 de abril.- Decenas de artistas de las m\u00e1s variadas manifestaciones, as\u00ed como intelectuales dominicanos, acudieron el viernes y el s\u00e1bado a darle el \u00faltimo adi\u00f3s a \u00c1ngel Hach\u00e9, quien fuera un maestro de las artes pl\u00e1sticas y del teatro.<\/span><\/p>\n<p><span class=\"text1noticias\">El ministro de Cultura, Jos\u00e9 Antonio Rodr\u00edguez, encabez\u00f3 una comisi\u00f3n del Ministerio de Cultura que rindi\u00f3 guardia de honor ante los restos mortales de Hach\u00e9, quien falleci\u00f3 el pasado viernes, en la Cl\u00ednica Corazones Unido, tras ser afectado por un infarto.<\/span><\/p>\n<p><span class=\"text1noticias\"> <\/span><\/p>\n<p><span class=\"text1noticias\">Un ambiente de  tristeza  y dolor se vivi\u00f3  durante el sepelio en la funeraria Blandino, de la Avenida Abraham Lincoln, donde  acudieron decenas de personalidades del arte y el espect\u00e1culo, la pol\u00edtica, empresarial y la comunicaci\u00f3n a dar el p\u00e9same a su esposa, la tambi\u00e9n consagrada artista Elsa N\u00fa\u00f1ez.<\/span><\/p>\n<p><span class=\"text1noticias\"> <\/span><\/p>\n<p><span class=\"text1noticias\">\u00abHa sido una p\u00e9rdida muy dolorosa y sensible,  \u00c1ngel era un hombre que ten\u00eda mucho que dar, todav\u00eda estaba pintando y actuando\u00bb, expres\u00f3 el ministro de Cultura, Jos\u00e9 Antonio Rodr\u00edguez.<\/span><\/p>\n<p><span class=\"text1noticias\"> <\/span><\/p>\n<p><span class=\"text1noticias\">El funcionario consider\u00f3 que fue uno de los mejores teatristas que  ha conocido. \u00abNos ha dejado un gran legado que siempre ser\u00e1 recordado por  nosotros, un gran maestro  de la  artes pl\u00e1stica que  se no has ido\u00bb, resalt\u00f3  Rodr\u00edguez tras rendir guardia de honor.<\/span><\/p>\n<p><span class=\"text1noticias\"> <\/span><\/p>\n<p><span class=\"text1noticias\">El ministro Rodr\u00edguez,  encabez\u00f3 la primara guardia de honor a tempranas horas de la ma\u00f1ana,  junto a la comitiva de la instituci\u00f3n gubernamental.<\/span><\/p>\n<p><span class=\"text1noticias\"> <\/span><\/p>\n<p><span class=\"text1noticias\">Entre los integrantes de la comitiva estuvieron Carlos Santos, viceministro de Desarrollo Institucional; Juan Tom\u00e1s Garc\u00eda, viceministro de Creatividad y Participaci\u00f3n Popular; Cayo Claudio Espinal, viceministro de Descentralizaci\u00f3n; Diomedes N\u00fa\u00f1ez Polanco, Director de la Biblioteca Pedro Henr\u00edquez Ure\u00f1a y Raysa Astacio, directora del Museo Alc\u00e1zar  de Colon.<\/span><\/p>\n<p><span class=\"text1noticias\"> <\/span><\/p>\n<p><span class=\"text1noticias\">Tambi\u00e9n F\u00e9lix Germ\u00e1n, director general de Bellas Artes; Nin\u00ed C\u00e1ffaro; director del Teatro Nacional y Te\u00f3filo Terrero, director de la Escuela de arte dram\u00e1tico, entre otros.<\/span><\/p>\n<p><span class=\"text1noticias\"> <\/span><\/p>\n<p><span class=\"text1noticias\">\u00abEsta partida no solo afecta al teatro dominicano, sino  tambi\u00e9n al cine dominicano, la clase artista de nuestro pa\u00eds est\u00e1 de luto\u00bb, expres\u00f3 el viceministro Santos.<\/span><\/p>\n<p><span class=\"text1noticias\"> <\/span><\/p>\n<p><span class=\"text1noticias\">De su lado, Nin\u00ed C\u00e1ffaro sostuvo que: \u00abhemos perdido un gran artista, multifac\u00e9tico, un gran actor, es  incre\u00edble nosotros  nos sentimos muy triste. El 1 de junio \u00e9l iba a reinaugurar la sala Ravelo del Teatro Nacional\u00bb.<\/span><\/p>\n<p><span class=\"text1noticias\"> <\/span><\/p>\n<p><span class=\"text1noticias\">Luego de ser velados en la Funeraria Blandino de la avenida Abraham Lincoln, del Distrito Nacional, los restos del maestro de las artes pl\u00e1sticas y actor \u00c1ngel Hach\u00e9 fueron cr<\/span>emados. <\/p>\n<h6> 2016-04-03 14:05:10 <\/h6>\n<p><!--\n<link rel=\"stylesheet\" href=\"css\/bootstrap.min.css\">\n\n\n<ul class=\"pagination\">\n\t    \n\t\n\n<li >\n\t<a href='?page_no=13303'>Previous<\/a>\n\t<\/li>\n\n\n       \n    \n\n<li><a href='?page_no=1'>1<\/a><\/li>\n\n\n\n<li><a href='?page_no=2'>2<\/a><\/li>\n\n\n\n<li><a>...<\/a><\/li>\n\n\n\n<li><a href='?page_no=13302'>13302<\/a><\/li>\n\n\n\n<li><a href='?page_no=13303'>13303<\/a><\/li>\n\n\n\n<li class='active'><a>13304<\/a><\/li>\n\n\n\n<li><a href='?page_no=13305'>13305<\/a><\/li>\n\n\n\n<li><a href='?page_no=13306'>13306<\/a><\/li>\n\n\n\n<li><a>...<\/a><\/li>\n\n\n\n<li><a href='?page_no=56169'>56169<\/a><\/li>\n\n\n\n<li><a href='?page_no=56170'>56170<\/a><\/li>\n\n    \n\t\n\n<li >\n\t<a href='?page_no=13305'>Next<\/a>\n\t<\/li>\n\n\n    \n\n<li><a href='?page_no=56170'>Last &rsaquo;&rsaquo;<\/a><\/li>\n\n<\/ul>\n\n\n--><br \/>\n<\/body><\/p>\n","protected":false},"excerpt":{"rendered":"<p>Santo Domingo, R. D., 3 de abril.- Decenas de artistas de las m\u00e1s variadas manifestaciones, as\u00ed como intelectuales dominicanos, acudieron el viernes y el s\u00e1bado a darle el \u00faltimo adi\u00f3s a \u00c1ngel Hach\u00e9, quien fuera un maestro de las artes pl\u00e1sticas y del teatro. El ministro de Cultura, Jos\u00e9 Antonio Rodr\u00edguez, encabez\u00f3 una comisi\u00f3n del [&hellip;]<\/p>\n","protected":false},"author":3,"featured_media":0,"comment_status":"open","ping_status":"open","sticky":false,"template":"","format":"standard","meta":{"footnotes":""},"categories":[20],"tags":[],"class_list":["post-218932","post","type-post","status-publish","format-standard","hentry","category-dominicana-hoy"],"_links":{"self":[{"href":"https:\/\/diariodominicano.com\/index.php?rest_route=\/wp\/v2\/posts\/218932","targetHints":{"allow":["GET"]}}],"collection":[{"href":"https:\/\/diariodominicano.com\/index.php?rest_route=\/wp\/v2\/posts"}],"about":[{"href":"https:\/\/diariodominicano.com\/index.php?rest_route=\/wp\/v2\/types\/post"}],"author":[{"embeddable":true,"href":"https:\/\/diariodominicano.com\/index.php?rest_route=\/wp\/v2\/users\/3"}],"replies":[{"embeddable":true,"href":"https:\/\/diariodominicano.com\/index.php?rest_route=%2Fwp%2Fv2%2Fcomments&post=218932"}],"version-history":[{"count":0,"href":"https:\/\/diariodominicano.com\/index.php?rest_route=\/wp\/v2\/posts\/218932\/revisions"}],"wp:attachment":[{"href":"https:\/\/diariodominicano.com\/index.php?rest_route=%2Fwp%2Fv2%2Fmedia&parent=218932"}],"wp:term":[{"taxonomy":"category","embeddable":true,"href":"https:\/\/diariodominicano.com\/index.php?rest_route=%2Fwp%2Fv2%2Fcategories&post=218932"},{"taxonomy":"post_tag","embeddable":true,"href":"https:\/\/diariodominicano.com\/index.php?rest_route=%2Fwp%2Fv2%2Ftags&post=218932"}],"curies":[{"name":"wp","href":"https:\/\/api.w.org\/{rel}","templated":true}]}}