{"id":218931,"date":"2016-04-04T00:33:36","date_gmt":"2016-04-04T00:33:36","guid":{"rendered":"http:\/\/diariodominicano.ddns.net\/?p=218931"},"modified":"2016-04-04T00:33:36","modified_gmt":"2016-04-04T00:33:36","slug":"implicaciones-legales-pasarian-a-un-segundo-plano-en-caso-de-bebe-olvidada-en-interior-de-vehiculo","status":"publish","type":"post","link":"https:\/\/diariodominicano.com\/?p=218931","title":{"rendered":"Implicaciones legales pasar\u00edan a un segundo plano en caso de beb\u00e9 olvidada en interior de veh\u00edculo"},"content":{"rendered":"<p><body><\/p>\n<p><img decoding=\"async\" src=\"img3\/psicologia002.jpg\" \/>  <\/p>\n<p><strong>SANTO DOMINGO, RD, 3 de Abril de 2016.-<\/strong> En el caso de la beb\u00e9 fallecida tras ser dejada abandonada por su padre en el veh\u00edculo, las implicaciones legales pasar\u00edan a un segundo plano. Podr\u00eda ser acusado de negligencia, pero en este momento es determinante que reciba asistencia psicol\u00f3gica, seg\u00fan sostuvo  Xiomara Aquino, Coordinadora Nacional de Consejer\u00eda y Atenci\u00f3n Psicol\u00f3gica del Ministerio de Salud P\u00fablica, quien explic\u00f3 que es probable que el padre de la ni\u00f1a nunca supere lo que ha vivido, y que no se conocen todas las situaciones que se desprender\u00e1n de este lamentable caso.<\/p>\n<\/p>\n<p>Entrevistada en el programa Toque Final con Julio Mart\u00ednez Pozo, que cada domingo se transmite por Antena Latina canal 7, Aquino dijo que es imposible pensar que por s\u00ed solo este hombre va a salir de esta situaci\u00f3n, pues necesita acompa\u00f1amiento psicol\u00f3gico cercano, muy especializado y probablemente por mucho tiempo.<\/p>\n<\/p>\n<p>Dijo que este y otros hechos similares llevan a la conclusi\u00f3n de que estamos saturados de cosas, de situaciones, de problemas y de informaci\u00f3n.<\/p>\n<\/p>\n<p>\u00a8En la cotidianidad las personas vivimos distra\u00eddas y olvidando todo, computadoras, celulares, incluso hasta direcciones. Tenemos la mente muy ocupada que nos olvidamos de los detalles del d\u00eda a d\u00eda. La saturaci\u00f3n de los sentidos es demasiada, y ya ha rebosado la capacidad de manejo de procesamiento del ser humano\u00a8.<\/p>\n<\/p>\n<p>Dentro de las recomendaciones que la psic\u00f3loga plantea para evitar un hecho similar est\u00e1: poner filtros, no saturarse de todo lo que est\u00e1  pasando en el entorno, ya que eso trae consecuencias no deseadas.  <\/p>\n<\/p>\n<p>\u00a8Nosotros debemos depurar que informaciones vamos a asumir\u00a8, expres\u00f3 tras destacar que el ser humano tiene una vida personal, una vida laboral, un rol de padre, una vida de pareja, un rol social, y que son tantas situaciones que ocurren alrededor que al terminar el d\u00eda parece que acabamos de llegar de un campo de batalla.<\/p>\n<\/p>\n<p>Sostuvo adem\u00e1s, que si la gente no aprende a clasificar que cosas puede resolver y que cosas no, todo puede complicarse. <\/p>\n<\/p>\n<h6> 2016-04-04 00:33:36 <\/h6>\n<p><!--\n<link rel=\"stylesheet\" href=\"css\/bootstrap.min.css\">\n\n\n<ul class=\"pagination\">\n\t    \n\t\n\n<li >\n\t<a href='?page_no=13302'>Previous<\/a>\n\t<\/li>\n\n\n       \n    \n\n<li><a href='?page_no=1'>1<\/a><\/li>\n\n\n\n<li><a href='?page_no=2'>2<\/a><\/li>\n\n\n\n<li><a>...<\/a><\/li>\n\n\n\n<li><a href='?page_no=13301'>13301<\/a><\/li>\n\n\n\n<li><a href='?page_no=13302'>13302<\/a><\/li>\n\n\n\n<li class='active'><a>13303<\/a><\/li>\n\n\n\n<li><a href='?page_no=13304'>13304<\/a><\/li>\n\n\n\n<li><a href='?page_no=13305'>13305<\/a><\/li>\n\n\n\n<li><a>...<\/a><\/li>\n\n\n\n<li><a href='?page_no=56169'>56169<\/a><\/li>\n\n\n\n<li><a href='?page_no=56170'>56170<\/a><\/li>\n\n    \n\t\n\n<li >\n\t<a href='?page_no=13304'>Next<\/a>\n\t<\/li>\n\n\n    \n\n<li><a href='?page_no=56170'>Last &rsaquo;&rsaquo;<\/a><\/li>\n\n<\/ul>\n\n\n--><br \/>\n<\/body><\/p>\n","protected":false},"excerpt":{"rendered":"<p>SANTO DOMINGO, RD, 3 de Abril de 2016.- En el caso de la beb\u00e9 fallecida tras ser dejada abandonada por su padre en el veh\u00edculo, las implicaciones legales pasar\u00edan a un segundo plano. Podr\u00eda ser acusado de negligencia, pero en este momento es determinante que reciba asistencia psicol\u00f3gica, seg\u00fan sostuvo Xiomara Aquino, Coordinadora Nacional de [&hellip;]<\/p>\n","protected":false},"author":3,"featured_media":0,"comment_status":"open","ping_status":"open","sticky":false,"template":"","format":"standard","meta":{"footnotes":""},"categories":[20],"tags":[],"class_list":["post-218931","post","type-post","status-publish","format-standard","hentry","category-dominicana-hoy"],"_links":{"self":[{"href":"https:\/\/diariodominicano.com\/index.php?rest_route=\/wp\/v2\/posts\/218931","targetHints":{"allow":["GET"]}}],"collection":[{"href":"https:\/\/diariodominicano.com\/index.php?rest_route=\/wp\/v2\/posts"}],"about":[{"href":"https:\/\/diariodominicano.com\/index.php?rest_route=\/wp\/v2\/types\/post"}],"author":[{"embeddable":true,"href":"https:\/\/diariodominicano.com\/index.php?rest_route=\/wp\/v2\/users\/3"}],"replies":[{"embeddable":true,"href":"https:\/\/diariodominicano.com\/index.php?rest_route=%2Fwp%2Fv2%2Fcomments&post=218931"}],"version-history":[{"count":0,"href":"https:\/\/diariodominicano.com\/index.php?rest_route=\/wp\/v2\/posts\/218931\/revisions"}],"wp:attachment":[{"href":"https:\/\/diariodominicano.com\/index.php?rest_route=%2Fwp%2Fv2%2Fmedia&parent=218931"}],"wp:term":[{"taxonomy":"category","embeddable":true,"href":"https:\/\/diariodominicano.com\/index.php?rest_route=%2Fwp%2Fv2%2Fcategories&post=218931"},{"taxonomy":"post_tag","embeddable":true,"href":"https:\/\/diariodominicano.com\/index.php?rest_route=%2Fwp%2Fv2%2Ftags&post=218931"}],"curies":[{"name":"wp","href":"https:\/\/api.w.org\/{rel}","templated":true}]}}