{"id":218930,"date":"2016-04-04T13:40:25","date_gmt":"2016-04-04T13:40:25","guid":{"rendered":"http:\/\/diariodominicano.ddns.net\/?p=218930"},"modified":"2016-04-04T13:40:25","modified_gmt":"2016-04-04T13:40:25","slug":"uasd-recuerda-a-sagrario-ercira-diaz-santiago","status":"publish","type":"post","link":"https:\/\/diariodominicano.com\/?p=218930","title":{"rendered":"UASD recuerda a Sagrario Ercira D\u00edaz Santiago"},"content":{"rendered":"<p><body><\/p>\n<p><img decoding=\"async\" src=\"img3\/sagra022.jpg\" \/><br \/><img decoding=\"async\" src=\"img3\/sagra000.jpg\" \/>  <\/p>\n<\/p>\n<p><strong><span class=\"text1noticias\">SANTO DOMINGO, RD, 4 de Abril de 2016.-<\/span><\/strong><span class=\"text1noticias\"> La Universidad Aut\u00f3noma de Santo Domingo (UASD)  conmemor\u00f3 este lunes el 44 aniversario del asesinato de la estudiante Sagrario Ercira D\u00edaz Santiago, con el deposito de una ofrenda floral en el busto erigido a su memoria  en la explanada del Aula Magna de esa academia, donde cay\u00f3 abatida esa m\u00e1rtir estudiantil. <\/span><\/p>\n<\/p>\n<p><span class=\"text1noticias\">Al encabezar ese acto, el rector,  doctor Iv\u00e1n Grull\u00f3n Fern\u00e1ndez,  destac\u00f3 que la Primera Universidad del Nuevo Mundo cumple su misi\u00f3n de mantener viva la memoria hist\u00f3rica del pueblo dominicano y  por eso recuerda D\u00edaz Santiago, quien al momento de su muerte cursaba la carrera de Econom\u00eda en esa Universidad  Primada de Am\u00e9rica. <\/span><\/p>\n<\/p>\n<p><span class=\"text1noticias\">Resalt\u00f3 que la malograda estudiante luch\u00f3 junto a sus compa\u00f1eros por una universidad abierta para que los hijos de las amas de casas, de los obreros, campesinos y chiriperos que formaban la mayor parte de la poblaci\u00f3n de la Rep\u00fablica recibieran el pan de la ense\u00f1anza.<\/span><\/p>\n<\/p>\n<p><span class=\"text1noticias\">Tambi\u00e9n enfatiz\u00f3 que este hecho sangriento, ocurrido durante el gobierno del presidente  Joaqu\u00edn Balaguer, constituy\u00f3 un ataque violento a la familia universitaria y a la sociedad en general, durante una \u00e9poca caracterizada por  la sa\u00f1a  contra indefensos estudiantes, profesores y empleados,  record\u00f3 el ejecutivo.<\/span><\/p>\n<p><span class=\"text1noticias\"> <\/span><\/p>\n<p><span class=\"text1noticias\">\u00abEste tributo de recordaci\u00f3n que la Universidad Primada de Am\u00e9rica le rinde a la m\u00e1rtir Sagrario Ercira D\u00edaz Santiago es un s\u00edmbolo del reconocimiento de que son acreedores los hombres y mujeres que han seguido la pauta trazada por los padres de la patria\u00bb, precis\u00f3 el doctor Iv\u00e1n Grull\u00f3n Fern\u00e1ndez.<\/span><\/p>\n<\/p>\n<p><span class=\"text1noticias\">Por otro lado, el rector hizo un llamado a la cordura a la familia universitaria, a fin de que se mantenga la lucha por el presupuesto que le corresponde a la academia pero manteniendo la docencia.<\/span><\/p>\n<\/p>\n<p><span class=\"text1noticias\">\u00abEsta es una  lucha larga que debemos seguir con cautela y prudencia en todas las acciones para el bien de la instituci\u00f3n y as\u00ed conseguir el presupuesto que la UASD tiene asignado por Ley.<\/span><\/p>\n<\/p>\n<p><span class=\"text1noticias\">Dijo que no permitir\u00e1 que se produzcan m\u00e1s muerte ni ning\u00fan tipo de atropellos  en la academia mientras perdure su gesti\u00f3n.    <\/span><\/p>\n<\/p>\n<p><span class=\"text1noticias\">En la actividad, donde participaron los miembros del Consejo Universitario de la UASD junto a un nutrido grupo de profesores, estudiantes y empleados;  tambi\u00e9n se dirigi\u00f3 a los presentes, en representaci\u00f3n de la familia D\u00edaz Santiago, el doctor Fidias Omar (hermano de Sagrario),  quien destac\u00f3 las cualidades que adornaron a su hermana.<\/span><\/p>\n<\/p>\n<p><span class=\"text1noticias\">Mientras que por la Federaci\u00f3n de Estudiantes Dominicano, FED, su presidente Ambriorix  Rosario dijo que la muerte de Sagrario fue producto de la intolerancia del gobierno de los doce que encabezaba, Joaqu\u00edn Balaguer, quien cre\u00edan que el poder es para enriquecerse y humillar a los m\u00e1s despose\u00eddos.<\/span><\/p>\n<\/p>\n<p><span class=\"text1noticias\">La actividad concluy\u00f3 con la presentaci\u00f3n de la Rondalla Universitaria, con la canci\u00f3n sobre Sagrario, y Eddy de los Santos ley\u00f3 un poema dedicada a la extinta estudiante, escrito por el poeta Mateo Morrison.<\/span><\/p>\n<p><span class=\"text1noticias\">  <\/span><\/p>\n<p><span class=\"text1noticias\">En la actividad estuvieron adem\u00e1s,  los miembros del Consejo Universitario, profesores, estudiantes y  empleados, y la viuda del Coronel Francisco Alberto Caama\u00f1o De\u00f1o, Vicenta V\u00e9lez Catrain y el licenciado Ra\u00fal P\u00e9rez (El Bacho), entre otros.<\/span><\/p>\n<\/p>\n<h6> 2016-04-04 13:40:25 <\/h6>\n<p><!--\n<link rel=\"stylesheet\" href=\"css\/bootstrap.min.css\">\n\n\n<ul class=\"pagination\">\n\t    \n\t\n\n<li >\n\t<a href='?page_no=13301'>Previous<\/a>\n\t<\/li>\n\n\n       \n    \n\n<li><a href='?page_no=1'>1<\/a><\/li>\n\n\n\n<li><a href='?page_no=2'>2<\/a><\/li>\n\n\n\n<li><a>...<\/a><\/li>\n\n\n\n<li><a href='?page_no=13300'>13300<\/a><\/li>\n\n\n\n<li><a href='?page_no=13301'>13301<\/a><\/li>\n\n\n\n<li class='active'><a>13302<\/a><\/li>\n\n\n\n<li><a href='?page_no=13303'>13303<\/a><\/li>\n\n\n\n<li><a href='?page_no=13304'>13304<\/a><\/li>\n\n\n\n<li><a>...<\/a><\/li>\n\n\n\n<li><a href='?page_no=56169'>56169<\/a><\/li>\n\n\n\n<li><a href='?page_no=56170'>56170<\/a><\/li>\n\n    \n\t\n\n<li >\n\t<a href='?page_no=13303'>Next<\/a>\n\t<\/li>\n\n\n    \n\n<li><a href='?page_no=56170'>Last &rsaquo;&rsaquo;<\/a><\/li>\n\n<\/ul>\n\n\n--><br \/>\n<\/body><\/p>\n","protected":false},"excerpt":{"rendered":"<p>SANTO DOMINGO, RD, 4 de Abril de 2016.- La Universidad Aut\u00f3noma de Santo Domingo (UASD) conmemor\u00f3 este lunes el 44 aniversario del asesinato de la estudiante Sagrario Ercira D\u00edaz Santiago, con el deposito de una ofrenda floral en el busto erigido a su memoria en la explanada del Aula Magna de esa academia, donde cay\u00f3 [&hellip;]<\/p>\n","protected":false},"author":3,"featured_media":0,"comment_status":"open","ping_status":"open","sticky":false,"template":"","format":"standard","meta":{"footnotes":""},"categories":[20],"tags":[],"class_list":["post-218930","post","type-post","status-publish","format-standard","hentry","category-dominicana-hoy"],"_links":{"self":[{"href":"https:\/\/diariodominicano.com\/index.php?rest_route=\/wp\/v2\/posts\/218930","targetHints":{"allow":["GET"]}}],"collection":[{"href":"https:\/\/diariodominicano.com\/index.php?rest_route=\/wp\/v2\/posts"}],"about":[{"href":"https:\/\/diariodominicano.com\/index.php?rest_route=\/wp\/v2\/types\/post"}],"author":[{"embeddable":true,"href":"https:\/\/diariodominicano.com\/index.php?rest_route=\/wp\/v2\/users\/3"}],"replies":[{"embeddable":true,"href":"https:\/\/diariodominicano.com\/index.php?rest_route=%2Fwp%2Fv2%2Fcomments&post=218930"}],"version-history":[{"count":0,"href":"https:\/\/diariodominicano.com\/index.php?rest_route=\/wp\/v2\/posts\/218930\/revisions"}],"wp:attachment":[{"href":"https:\/\/diariodominicano.com\/index.php?rest_route=%2Fwp%2Fv2%2Fmedia&parent=218930"}],"wp:term":[{"taxonomy":"category","embeddable":true,"href":"https:\/\/diariodominicano.com\/index.php?rest_route=%2Fwp%2Fv2%2Fcategories&post=218930"},{"taxonomy":"post_tag","embeddable":true,"href":"https:\/\/diariodominicano.com\/index.php?rest_route=%2Fwp%2Fv2%2Ftags&post=218930"}],"curies":[{"name":"wp","href":"https:\/\/api.w.org\/{rel}","templated":true}]}}