{"id":218928,"date":"2016-04-04T16:11:17","date_gmt":"2016-04-04T16:11:17","guid":{"rendered":"http:\/\/diariodominicano.ddns.net\/?p=218928"},"modified":"2016-04-04T16:11:17","modified_gmt":"2016-04-04T16:11:17","slug":"falpo-convoca-a-paro-en-esperanza-el-proximo-jueves-7-de-abril","status":"publish","type":"post","link":"https:\/\/diariodominicano.com\/?p=218928","title":{"rendered":"FALPO convoca a paro en Esperanza el pr\u00f3ximo jueves 7 de abril"},"content":{"rendered":"<p><body><\/p>\n<p><img decoding=\"async\" src=\"img3\/falpo.jpg\" \/><br \/><img decoding=\"async\" src=\"img3\/falpo.jpg\" \/>  <\/p>\n<p><span class=\"text1noticias\">El Frente Amplio de Lucha Popular (FALPO) se declar\u00f3 en estado de movilizaci\u00f3n y protestas permanentes contra la represi\u00f3n del gobierno y anunci\u00f3 un paro de actividades en el municipio de Esperanza y otras comunidades aleda\u00f1a, a partir de las 6:00 de la ma\u00f1ana del pr\u00f3ximo jueves 7 de abril, en reclamo de que las autoridades atiendan diversas reivindicaciones y en demanda de la libertad del dirigente popular Rub\u00e9n Mercado, vocero de la entidad.<\/span><\/p>\n<\/p>\n<p><span class=\"text1noticias\">\u00abLlamamos a un paro por 24 horas en Esperanza y zonas aleda\u00f1as, por todas las reivindicaciones que por a\u00f1os han venido exigiendo los esperance\u00f1os y en repudio a la injusticia cometida contra Rub\u00e9n Mercado, vocero regional del FALPO, tras impon\u00e9rsele una medida de coerci\u00f3n de un a\u00f1o, sin pruebas o testigo cre\u00edble que lo vincule con los hechos ocurridos en el Palo de Damajagua\u00bb, anunci\u00f3 V\u00edctor Romano, coordinador nacional del FALPO.<\/span><\/p>\n<\/p>\n<p><span class=\"text1noticias\">Contra Rub\u00e9n Mercado, vocero FALPO en la regi\u00f3n Noroeste, hab\u00eda sido emitida una orden de arresto para ser investigado con relaci\u00f3n los hechos ocurridos el pasado d\u00eda 3 de marzo en medio de un frustrado intento de desalojo en la comunidad Palo de Damajagua, Distrito Municipal de Maizal, en el que muri\u00f3 de un disparo el comerciante Jos\u00e9 N\u00fa\u00f1ez (Tel\u00e9maco), de 35 a\u00f1os de edad, y result\u00f3 herido el cabo Tony De Jes\u00fas Batista Rosario, de la Unidad T\u00e1ctica (Swat) de la Polic\u00eda Nacional.<\/span><\/p>\n<\/p>\n<p><span class=\"text1noticias\">La Fiscal\u00eda de Mao y la Polic\u00eda practicaron decenas de allanamientos en el municipio de Esperanza, incluyendo la casa del vocero del FALPO, sin que lograran dar con el paradero del dirigente popular ni reportaran haber encontrado nada que lo vinculara a los incidentes de la comunidad de Damajagua.<\/span><\/p>\n<\/p>\n<p><span class=\"text1noticias\">El cabo De Jes\u00fas Batista acusa a Mercado de haberle disparado, versi\u00f3n que ha negado reiteradas veces el dirigente del FALPO, quien ha dicho que no se encontraba en Damajagua el d\u00eda que ocurrieron los hechos.<\/span><\/p>\n<\/p>\n<p><span class=\"text1noticias\">Mercado fue entregado al Ministerio P\u00fablico de Mao el pasado mi\u00e9rcoles por una comisi\u00f3n integrada por periodistas, abogados de los derechos Humanos, el secretario general nacional del FALPO, el abogado V\u00edctor Romano, y el sacerdote Santos Monci\u00f3n, p\u00e1rroco del municipio Esperanza.<\/span><\/p>\n<\/p>\n<p><span class=\"text1noticias\">El pasado viernes 1 de abril, la jueza interina Claribel Mateo Jim\u00e9nez, de la Oficina de Atenci\u00f3n Permanente de Mao, en juicio preliminar a Rub\u00e9n Mercado, acusado del homicidio del comerciante y de causarle herida de bala al cabo de la Polic\u00eda, acogi\u00f3 la solicitud de un a\u00f1o de prisi\u00f3n preventiva solicitado por el Ministerio P\u00fablico, que deber\u00e1 cumplir en la c\u00e1rcel p\u00fablica de Mao.<\/span><\/p>\n<\/p>\n<p><span class=\"text1noticias\">Las protestas no se hicieron esperar y en la noche del viernes, y en distintos sectores del municipio de Esperanza, incendiaron decenas de neum\u00e1ticos y calles  fueron obstaculizadas.<\/span><\/p>\n<\/p>\n<p><span class=\"text1noticias\">El llamado a paro hecho por el FALPO a partir de las 6:00 de la ma\u00f1ana del jueves 7 de abril, es por Luz 24 para todos los barrios, asfalto de la avenida y todos los barrios, por la construcci\u00f3n de un sistema cloacal y pluvial, servicio de agua permanente y potable para Damajagua, Jicom\u00e9 y L\u00ednea A; por tierra para los campesinos de Damajagua y contra la represi\u00f3n del gobierno y la libertad de Rub\u00e9n Mercado.<\/span><\/p>\n<\/p>\n<p><span class=\"text1noticias\">Tambi\u00e9n demandan la identificaci\u00f3n y sometimiento a la Justicia del Swat que dispar\u00f3 el arma homicida en Damajagua, que seg\u00fan la entidad, le quit\u00f3 la vida al comerciante Jos\u00e9 N\u00fa\u00f1ez, y la destituci\u00f3n del coronel De Aza, la Fiscal Socia del Carmen Espejo y del abogado del Estado, a quienes acusan de actuar de forma \u00abilegal y brutal\u00bb en el intento de desalojo en Damajagua y responder a individuos de poder econ\u00f3mico e influencia pol\u00edtica, que en el Noroeste se han adue\u00f1ado de tierra del Estado dominicano.<\/span><\/p>\n<p><span class=\"text1noticias\"> <\/span><\/p>\n<p><span class=\"text1noticias\">Reiteran llamado a huelga por 24 horas en San Francisco de Macor\u00eds<\/span><\/p>\n<\/p>\n<p><span class=\"text1noticias\">Ra\u00fal Monegro, vocero nacional del FALPO, reiter\u00f3 el llamado a paro de actividades en San Francisco de Macor\u00eds por 48 horas, a partir de las 6:00 de la ma\u00f1ana de este martes y que concluir\u00eda a las 6:00 de la ma\u00f1ana del jueves pr\u00f3ximo, contra la corrupci\u00f3n y en demanda de que el gobierno construya una serie de obras que han definido como \u00abprioritarias\u00bb para el municipio.<\/span><\/p>\n<\/p>\n<p><span class=\"text1noticias\">Expres\u00f3  que el FALPO y todos los movimientos  sociales y populares, como instituciones defensoras de los mejores intereses del pa\u00eds, solo se limitan a motivar al pueblo para que exija mejores condiciones de vida, luchar  contra el abandono del gobierno y a acompa\u00f1arlo en su defensa.<\/span><\/p>\n<\/p>\n<p><span class=\"text1noticias\">\u00abNo es posible que siendo esta regi\u00f3n una de las que m\u00e1s aporta al Producto Interno Bruto (PIB), sea una de las regiones m\u00e1s abandonadas del pa\u00eds\u00bb, manifest\u00f3 Monegro.<\/span><\/p>\n<p><span class=\"text1noticias\">Indic\u00f3 que la ciudad de San Francisco de Macor\u00eds no cuenta con espacios que fomenten la cultura y el arte, por lo que demandan una plaza de la cultura, y carece de un hospital de especialidades, por lo que se ven precisados a llevar buscar atenci\u00f3n m\u00e9dica en Santo Domingo y Santiago.<\/span><\/p>\n<\/p>\n<p><span class=\"text1noticias\">Exigen adem\u00e1s el circuito energ\u00eda el\u00e9ctrica 24 horas en los sectores populares, saneamiento  de la denominada Ca\u00f1ada Grande, que atraviesa la ciudad, y la construcci\u00f3n de una avenida circunvalaci\u00f3n, que d\u00e9 soluci\u00f3n al congestionamiento vial \u00abestresante\u00bb.<\/span><\/p>\n<\/p>\n<p><span class=\"text1noticias\">Ra\u00fal Monegro, culp\u00f3 a los funcionarios del gobierno de las huelgas y protestas que se escenifican en San Francisco de Macor\u00eds, tras se\u00f1alar s\u00f3lo responden con represi\u00f3n policial a las \u00abjustas demandas\u00bb del pueblo.<\/span><\/p>\n<\/p>\n<h6> 2016-04-04 16:11:17 <\/h6>\n<p><!--\n<link rel=\"stylesheet\" href=\"css\/bootstrap.min.css\">\n\n\n<ul class=\"pagination\">\n\t    \n\t\n\n<li >\n\t<a href='?page_no=13299'>Previous<\/a>\n\t<\/li>\n\n\n       \n    \n\n<li><a href='?page_no=1'>1<\/a><\/li>\n\n\n\n<li><a href='?page_no=2'>2<\/a><\/li>\n\n\n\n<li><a>...<\/a><\/li>\n\n\n\n<li><a href='?page_no=13298'>13298<\/a><\/li>\n\n\n\n<li><a href='?page_no=13299'>13299<\/a><\/li>\n\n\n\n<li class='active'><a>13300<\/a><\/li>\n\n\n\n<li><a href='?page_no=13301'>13301<\/a><\/li>\n\n\n\n<li><a href='?page_no=13302'>13302<\/a><\/li>\n\n\n\n<li><a>...<\/a><\/li>\n\n\n\n<li><a href='?page_no=56169'>56169<\/a><\/li>\n\n\n\n<li><a href='?page_no=56170'>56170<\/a><\/li>\n\n    \n\t\n\n<li >\n\t<a href='?page_no=13301'>Next<\/a>\n\t<\/li>\n\n\n    \n\n<li><a href='?page_no=56170'>Last &rsaquo;&rsaquo;<\/a><\/li>\n\n<\/ul>\n\n\n--><br \/>\n<\/body><\/p>\n","protected":false},"excerpt":{"rendered":"<p>El Frente Amplio de Lucha Popular (FALPO) se declar\u00f3 en estado de movilizaci\u00f3n y protestas permanentes contra la represi\u00f3n del gobierno y anunci\u00f3 un paro de actividades en el municipio de Esperanza y otras comunidades aleda\u00f1a, a partir de las 6:00 de la ma\u00f1ana del pr\u00f3ximo jueves 7 de abril, en reclamo de que las [&hellip;]<\/p>\n","protected":false},"author":3,"featured_media":0,"comment_status":"open","ping_status":"open","sticky":false,"template":"","format":"standard","meta":{"footnotes":""},"categories":[20],"tags":[],"class_list":["post-218928","post","type-post","status-publish","format-standard","hentry","category-dominicana-hoy"],"_links":{"self":[{"href":"https:\/\/diariodominicano.com\/index.php?rest_route=\/wp\/v2\/posts\/218928","targetHints":{"allow":["GET"]}}],"collection":[{"href":"https:\/\/diariodominicano.com\/index.php?rest_route=\/wp\/v2\/posts"}],"about":[{"href":"https:\/\/diariodominicano.com\/index.php?rest_route=\/wp\/v2\/types\/post"}],"author":[{"embeddable":true,"href":"https:\/\/diariodominicano.com\/index.php?rest_route=\/wp\/v2\/users\/3"}],"replies":[{"embeddable":true,"href":"https:\/\/diariodominicano.com\/index.php?rest_route=%2Fwp%2Fv2%2Fcomments&post=218928"}],"version-history":[{"count":0,"href":"https:\/\/diariodominicano.com\/index.php?rest_route=\/wp\/v2\/posts\/218928\/revisions"}],"wp:attachment":[{"href":"https:\/\/diariodominicano.com\/index.php?rest_route=%2Fwp%2Fv2%2Fmedia&parent=218928"}],"wp:term":[{"taxonomy":"category","embeddable":true,"href":"https:\/\/diariodominicano.com\/index.php?rest_route=%2Fwp%2Fv2%2Fcategories&post=218928"},{"taxonomy":"post_tag","embeddable":true,"href":"https:\/\/diariodominicano.com\/index.php?rest_route=%2Fwp%2Fv2%2Ftags&post=218928"}],"curies":[{"name":"wp","href":"https:\/\/api.w.org\/{rel}","templated":true}]}}