{"id":218924,"date":"2016-04-04T17:55:34","date_gmt":"2016-04-04T17:55:34","guid":{"rendered":"http:\/\/diariodominicano.ddns.net\/?p=218924"},"modified":"2016-04-04T17:55:34","modified_gmt":"2016-04-04T17:55:34","slug":"dice-no-permitira-que-se-quebrante-libertad-de-expresion-y-derecho-a-la-informacion","status":"publish","type":"post","link":"https:\/\/diariodominicano.com\/?p=218924","title":{"rendered":"Dice no permitir\u00e1 que se quebrante libertad de expresi\u00f3n y derecho a la informaci\u00f3n"},"content":{"rendered":"<p><body><\/p>\n<p><img decoding=\"async\" src=\"img3\/descarga (1).jpg\" \/>  <\/p>\n<p><strong><span class=\"text1noticias\">Santo Domingo, R. D., 5 de abril.-<\/span><\/strong><span class=\"text1noticias\"> El presidente Danilo Medina felicit\u00f3 a los profesionales de la informaci\u00f3n con motivo de celebrarse el 5 de Abril el D\u00eda Nacional del Periodista y ratific\u00f3 que el Gobierno que preside jam\u00e1s permitir\u00e1 que se quebranten la libertad de expresi\u00f3n ni el derecho a la informaci\u00f3n.<\/span><\/p>\n<p><span class=\"text1noticias\"> <\/span><\/p>\n<p><span class=\"text1noticias\">\u00abLa ocasi\u00f3n es propicia para reiterarles mi profundo aprecio y sincero respeto por ejercer su oficio con dignidad y visibles aportes al desarrollo de la naci\u00f3n, a trav\u00e9s de la difusi\u00f3n de informaciones objetivas y confiables\u00bb, precis\u00f3 el jefe de Estado en un mensaje dirigido a esos profesionales.<\/span><\/p>\n<p><span class=\"text1noticias\"> <\/span><\/p>\n<p><span class=\"text1noticias\">Igualmente, dijo que en cualquier parte del mundo, el ejercicio de un periodismo honesto debe estar acompa\u00f1ado de un absoluto apego a la \u00e9tica y a los principios morales fundamentales.<\/span><\/p>\n<p><span class=\"text1noticias\"> <\/span><\/p>\n<p><span class=\"text1noticias\">Danilo Medina explic\u00f3 que esto, unido a una inalterable objetividad y a un genuino deseo de contribuir al bien com\u00fan, ha de transformar a quienes ejercen as\u00ed el periodismo, en leg\u00edtimos representantes de los sectores sociales m\u00e1s vulnerables.<\/span><\/p>\n<p><span class=\"text1noticias\"> <\/span><\/p>\n<p><span class=\"text1noticias\">Es por eso que envi\u00f3 un efusivo saludo de felicitaci\u00f3n a todos los hombres y mujeres que ejercen esa profesi\u00f3n, empe\u00f1ados en ayudar al bienestar de la sociedad.<\/span><\/p>\n<p><span class=\"text1noticias\"> <\/span><\/p>\n<p><span class=\"text1noticias\">\u00abMantendremos, con igual firmeza, el respeto al di\u00e1logo y a la libre difusi\u00f3n de las ideas, normas id\u00f3neas para encontrar soluciones a los problemas, en un ambiente de paz y armon\u00eda\u00bb, enfatiz\u00f3 el presidente de la Rep\u00fablica en su mensaje a los periodistas dominic<\/span>anos.<\/p>\n<h6> 2016-04-04 17:55:34 <\/h6>\n<p><!--\n<link rel=\"stylesheet\" href=\"css\/bootstrap.min.css\">\n\n\n<ul class=\"pagination\">\n\t    \n\t\n\n<li >\n\t<a href='?page_no=13297'>Previous<\/a>\n\t<\/li>\n\n\n       \n    \n\n<li><a href='?page_no=1'>1<\/a><\/li>\n\n\n\n<li><a href='?page_no=2'>2<\/a><\/li>\n\n\n\n<li><a>...<\/a><\/li>\n\n\n\n<li><a href='?page_no=13296'>13296<\/a><\/li>\n\n\n\n<li><a href='?page_no=13297'>13297<\/a><\/li>\n\n\n\n<li class='active'><a>13298<\/a><\/li>\n\n\n\n<li><a href='?page_no=13299'>13299<\/a><\/li>\n\n\n\n<li><a href='?page_no=13300'>13300<\/a><\/li>\n\n\n\n<li><a>...<\/a><\/li>\n\n\n\n<li><a href='?page_no=56169'>56169<\/a><\/li>\n\n\n\n<li><a href='?page_no=56170'>56170<\/a><\/li>\n\n    \n\t\n\n<li >\n\t<a href='?page_no=13299'>Next<\/a>\n\t<\/li>\n\n\n    \n\n<li><a href='?page_no=56170'>Last &rsaquo;&rsaquo;<\/a><\/li>\n\n<\/ul>\n\n\n--><br \/>\n<\/body><\/p>\n","protected":false},"excerpt":{"rendered":"<p>Santo Domingo, R. D., 5 de abril.- El presidente Danilo Medina felicit\u00f3 a los profesionales de la informaci\u00f3n con motivo de celebrarse el 5 de Abril el D\u00eda Nacional del Periodista y ratific\u00f3 que el Gobierno que preside jam\u00e1s permitir\u00e1 que se quebranten la libertad de expresi\u00f3n ni el derecho a la informaci\u00f3n. \u00abLa ocasi\u00f3n [&hellip;]<\/p>\n","protected":false},"author":3,"featured_media":0,"comment_status":"open","ping_status":"open","sticky":false,"template":"","format":"standard","meta":{"footnotes":""},"categories":[20],"tags":[],"class_list":["post-218924","post","type-post","status-publish","format-standard","hentry","category-dominicana-hoy"],"_links":{"self":[{"href":"https:\/\/diariodominicano.com\/index.php?rest_route=\/wp\/v2\/posts\/218924","targetHints":{"allow":["GET"]}}],"collection":[{"href":"https:\/\/diariodominicano.com\/index.php?rest_route=\/wp\/v2\/posts"}],"about":[{"href":"https:\/\/diariodominicano.com\/index.php?rest_route=\/wp\/v2\/types\/post"}],"author":[{"embeddable":true,"href":"https:\/\/diariodominicano.com\/index.php?rest_route=\/wp\/v2\/users\/3"}],"replies":[{"embeddable":true,"href":"https:\/\/diariodominicano.com\/index.php?rest_route=%2Fwp%2Fv2%2Fcomments&post=218924"}],"version-history":[{"count":0,"href":"https:\/\/diariodominicano.com\/index.php?rest_route=\/wp\/v2\/posts\/218924\/revisions"}],"wp:attachment":[{"href":"https:\/\/diariodominicano.com\/index.php?rest_route=%2Fwp%2Fv2%2Fmedia&parent=218924"}],"wp:term":[{"taxonomy":"category","embeddable":true,"href":"https:\/\/diariodominicano.com\/index.php?rest_route=%2Fwp%2Fv2%2Fcategories&post=218924"},{"taxonomy":"post_tag","embeddable":true,"href":"https:\/\/diariodominicano.com\/index.php?rest_route=%2Fwp%2Fv2%2Ftags&post=218924"}],"curies":[{"name":"wp","href":"https:\/\/api.w.org\/{rel}","templated":true}]}}