{"id":218923,"date":"2016-04-04T18:27:16","date_gmt":"2016-04-04T18:27:16","guid":{"rendered":"http:\/\/diariodominicano.ddns.net\/?p=218923"},"modified":"2016-04-04T18:27:16","modified_gmt":"2016-04-04T18:27:16","slug":"fondo-agua-yaque-del-norte-hace-donativo-al-plan-yaque","status":"publish","type":"post","link":"https:\/\/diariodominicano.com\/?p=218923","title":{"rendered":"Fondo Agua Yaque del Norte hace donativo al Plan Yaque"},"content":{"rendered":"<p><body><\/p>\n<p><span class=\"text1noticias\"> <\/span><\/p>\n<p><span class=\"text1noticias\">SANTIAGO, RD., 4 de abril.- El Fondo Agua Yaque del Norte hizo un donativo al plan para el Desarrollo Sostenible de la Cuenca del R\u00edo Yaque del Norte (Plan Yaque), para ser destinado al dise\u00f1o y construcci\u00f3n de una planta de tratamiento de aguas residuales en Jarabacoa basada en ingenier\u00eda verde. <\/span><\/p>\n<\/p>\n<p><span class=\"text1noticias\">Le entrega del donativo se realiz\u00f3 en el marco de la Asamblea General del Plan Yaque en la cual fue reelecta la Asociaci\u00f3n para el Desarrollo (APEDI) en la presidencia de dicha entidad, y que se realiz\u00f3 en la Escuela Ambiental de Jarabacoa el pasado jueves 31 de marzo,<\/span><\/p>\n<\/p>\n<p><span class=\"text1noticias\">Al hacer la entrega del donativo, precedida de un convenio entre ambas entidades, Aquiles Berm\u00fadez, presidente del Fondo Agua en representaci\u00f3n de APEDI, expres\u00f3 que con el mismo se est\u00e1n apoyando las acciones del Plan Yaque y que es parte de los objetivos del Fondo de Agua de contribuir tanto con la cantidad como con la calidad de las aguas de la cuenca del Yaque del Norte. <\/span><\/p>\n<\/p>\n<p><span class=\"text1noticias\">EL donativo fue recibido por el Ing. Bernab\u00e9 Ma\u00f1\u00f3n, Secretario del Plan Yaque, quien agradeci\u00f3 el mismo y refirm\u00f3 el compromiso de este Plan de trabajar en favor del rescate de esta importante cuenca.<\/span><\/p>\n<\/p>\n<p><span class=\"text1noticias\">El Fondo Agua Yaque del Norte fue constituido el 23 de febrero del 2015 para promover la conservaci\u00f3n y rescate de la cuenca del r\u00edo Yaque del Norte. Tiene como socios fundadores a The Nature Conservancy, la Asociaci\u00f3n para el Desarrollo, Inc. (APEDI), la Corporaci\u00f3n del Acueducto y Alcantarillado de Santiago (CORAASAN), el Plan para el Desarrollo Sostenible de la Cuenca del R\u00edo Yaque del Norte, Inc. (Plan Yaque), la Universidad ISA, el Plan Sierra, Inc., el Ministerio de Medio Ambiente y Recursos Naturales, la Fundaci\u00f3n Propag\u00e1s, Inc., la Junta Agroempresarial Dominicana, Inc. (JAD), la Cooperativa San Jos\u00e9, Inc., y la Fundaci\u00f3n Berm\u00fadez.<\/span><\/p>\n<\/p>\n<p><span class=\"text1noticias\">Los Fondos de Agua son mecanismos financieros sostenibles para captar y gestionar recursos econ\u00f3micos destinados al financiamiento de proyectos e iniciativas que favorezcan la capacidad de la cuenca de generar agua, mejorar su calidad y promover su uso responsable. Se sustentan en contribuciones voluntarias de los usuarios del agua y los recursos obtenidos son manejados mediante un fondo fiduciario. Son auspiciados por la Alianza Latinoamericana de Fondos de Agua (LAWFP), The Nature Conservancy, el Banco Interamericano de Desarrollo (BID), la Fundaci\u00f3n FEMSA y el Fondo Mundial para el Medio Ambiente, y apoyados tambi\u00e9n por la Agencia de los Estados Unidos para el Desarrollo Internacional (USAID), BEPENSA Dominicana y The Coca Cola Company.\/\/\/\/<\/span><\/p>\n<\/p>\n<\/p>\n<h6> 2016-04-04 18:27:16 <\/h6>\n<p><!--\n<link rel=\"stylesheet\" href=\"css\/bootstrap.min.css\">\n\n\n<ul class=\"pagination\">\n\t    \n\t\n\n<li >\n\t<a href='?page_no=13296'>Previous<\/a>\n\t<\/li>\n\n\n       \n    \n\n<li><a href='?page_no=1'>1<\/a><\/li>\n\n\n\n<li><a href='?page_no=2'>2<\/a><\/li>\n\n\n\n<li><a>...<\/a><\/li>\n\n\n\n<li><a href='?page_no=13295'>13295<\/a><\/li>\n\n\n\n<li><a href='?page_no=13296'>13296<\/a><\/li>\n\n\n\n<li class='active'><a>13297<\/a><\/li>\n\n\n\n<li><a href='?page_no=13298'>13298<\/a><\/li>\n\n\n\n<li><a href='?page_no=13299'>13299<\/a><\/li>\n\n\n\n<li><a>...<\/a><\/li>\n\n\n\n<li><a href='?page_no=56169'>56169<\/a><\/li>\n\n\n\n<li><a href='?page_no=56170'>56170<\/a><\/li>\n\n    \n\t\n\n<li >\n\t<a href='?page_no=13298'>Next<\/a>\n\t<\/li>\n\n\n    \n\n<li><a href='?page_no=56170'>Last &rsaquo;&rsaquo;<\/a><\/li>\n\n<\/ul>\n\n\n--><br \/>\n<\/body><\/p>\n","protected":false},"excerpt":{"rendered":"<p>SANTIAGO, RD., 4 de abril.- El Fondo Agua Yaque del Norte hizo un donativo al plan para el Desarrollo Sostenible de la Cuenca del R\u00edo Yaque del Norte (Plan Yaque), para ser destinado al dise\u00f1o y construcci\u00f3n de una planta de tratamiento de aguas residuales en Jarabacoa basada en ingenier\u00eda verde. Le entrega del donativo [&hellip;]<\/p>\n","protected":false},"author":3,"featured_media":0,"comment_status":"open","ping_status":"open","sticky":false,"template":"","format":"standard","meta":{"footnotes":""},"categories":[20],"tags":[],"class_list":["post-218923","post","type-post","status-publish","format-standard","hentry","category-dominicana-hoy"],"_links":{"self":[{"href":"https:\/\/diariodominicano.com\/index.php?rest_route=\/wp\/v2\/posts\/218923","targetHints":{"allow":["GET"]}}],"collection":[{"href":"https:\/\/diariodominicano.com\/index.php?rest_route=\/wp\/v2\/posts"}],"about":[{"href":"https:\/\/diariodominicano.com\/index.php?rest_route=\/wp\/v2\/types\/post"}],"author":[{"embeddable":true,"href":"https:\/\/diariodominicano.com\/index.php?rest_route=\/wp\/v2\/users\/3"}],"replies":[{"embeddable":true,"href":"https:\/\/diariodominicano.com\/index.php?rest_route=%2Fwp%2Fv2%2Fcomments&post=218923"}],"version-history":[{"count":0,"href":"https:\/\/diariodominicano.com\/index.php?rest_route=\/wp\/v2\/posts\/218923\/revisions"}],"wp:attachment":[{"href":"https:\/\/diariodominicano.com\/index.php?rest_route=%2Fwp%2Fv2%2Fmedia&parent=218923"}],"wp:term":[{"taxonomy":"category","embeddable":true,"href":"https:\/\/diariodominicano.com\/index.php?rest_route=%2Fwp%2Fv2%2Fcategories&post=218923"},{"taxonomy":"post_tag","embeddable":true,"href":"https:\/\/diariodominicano.com\/index.php?rest_route=%2Fwp%2Fv2%2Ftags&post=218923"}],"curies":[{"name":"wp","href":"https:\/\/api.w.org\/{rel}","templated":true}]}}