{"id":218922,"date":"2016-04-04T23:45:15","date_gmt":"2016-04-04T23:45:15","guid":{"rendered":"http:\/\/diariodominicano.ddns.net\/?p=218922"},"modified":"2016-04-04T23:45:15","modified_gmt":"2016-04-04T23:45:15","slug":"sip-analiza-comportamiento-de-la-prensa-en-america","status":"publish","type":"post","link":"https:\/\/diariodominicano.com\/?p=218922","title":{"rendered":"SIP analiza comportamiento de la prensa en Am\u00e9rica"},"content":{"rendered":"<p><body><\/p>\n<p><img decoding=\"async\" src=\"img3\/Sippg.jpg\" \/>  <\/p>\n<p>Santo Domingo, R. D., 5 de abril.- El escenario en Punta Cana est\u00e1 preparado para recibir desde el pr\u00f3ximo viernes la Reuni\u00f3n de Medio A\u00f1o de la Sociedad Interamericana de Prensa (SIP), evento que constar\u00e1 con la participaci\u00f3n del presidente Danilo Medina y del secretario general de la Organizaci\u00f3n de Estados Americanos (OEA), Luis Almagro.<\/p>\n<\/p>\n<p>El encuentro tendr\u00e1 lugar en el hotel Westin Puntacana Resort &amp; Club, desde el pr\u00f3ximo d\u00eda 8 y hasta el lunes 11 del presente mes. En ese espacio de tiempo se analizar\u00e1 en primer plano el comportamiento de la libertad de prensa en las naciones de Am\u00e9rica.<\/p>\n<\/p>\n<p>Se abordar\u00e1n adem\u00e1s los temas del periodismo vinculados a la tecnolog\u00eda, las audiencias, el contenido digital, las redes sociales y los \u00abmillennials\u00bb. Igualmente se estudiar\u00e1n la alianza empresarial y medios de prensa, las estrategias de Facebook y Google en Am\u00e9rica Latina, as\u00ed como la econom\u00eda, crecimiento y futuro de la regi\u00f3n, entre otros.<\/p>\n<\/p>\n<p>Aunque la reuni\u00f3n inicia el pr\u00f3ximo vienes, la ceremonia de apertura ser\u00e1 el domingo, d\u00eda en que asistir\u00e1 el jefe de Estado y candidato a la reelecci\u00f3n por el Partido de la Liberaci\u00f3n Dominicana (PLD), Danilo Medina, como orador especial e invitado a firmar la Declaraci\u00f3n de Chapultepec.<\/p>\n<\/p>\n<p>Los dem\u00e1s candidatos a la presidencia del pa\u00eds tambi\u00e9n asistir\u00e1n al evento y a ellos se les pedir\u00e1 de igual manera que firmen la Declaraci\u00f3n de Chapultepec, dec\u00e1logo de principios de libertad de expresi\u00f3n y de prensa que deben regir en una sociedad democr\u00e1tica.<\/p>\n<\/p>\n<p>En la reuni\u00f3n de cuatro d\u00edas tambi\u00e9n tendr\u00e1 una participaci\u00f3n especial el canciller Andr\u00e9s Navarro.<\/p>\n<\/p>\n<p>La agenda para este encuentro semestral de la SIP incluye seminarios, conferencias, paneles de discusi\u00f3n y presentaci\u00f3n de informes de libertad de prensa por pa\u00eds.<\/p>\n<\/p>\n<p>Seg\u00fan el programa, se tiene previsto entregar a Alberto Ibarg\u00fcen, presidente de la Fundaci\u00f3n John S. y James L. Knight, el Gran Premio Chapultepec, m\u00e1xima distinci\u00f3n de la SIP que se otorga anualmente a quienes se destaquen por su defensa y promoci\u00f3n de las libertades de expresi\u00f3n y de prensa.<\/p>\n<\/p>\n<p>En el evento que re\u00fane a todos los ejecutivos de medios escritos de Am\u00e9rica, el secretario general de la OEA, Luis Almagro, tratar\u00e1 en una conferencia el tema: \u00abLos nuevos desaf\u00edos de la democracia hemisf\u00e9rica en un espacio diverso y plural\u00bb.<\/p>\n<\/p>\n<p>La conferencia de Almagro incluye una mirada al escenario de Argentina, Venezuela, Bolivia tras procesos electorales; la campa\u00f1a hacia las votaciones presidenciales en Estados Unidos y el deshielo de relaciones con Cuba, entre otros temas fundamentales para la regi\u00f3n.<\/p>\n<h6> 2016-04-04 23:45:15 <\/h6>\n<p><!--\n<link rel=\"stylesheet\" href=\"css\/bootstrap.min.css\">\n\n\n<ul class=\"pagination\">\n\t    \n\t\n\n<li >\n\t<a href='?page_no=13295'>Previous<\/a>\n\t<\/li>\n\n\n       \n    \n\n<li><a href='?page_no=1'>1<\/a><\/li>\n\n\n\n<li><a href='?page_no=2'>2<\/a><\/li>\n\n\n\n<li><a>...<\/a><\/li>\n\n\n\n<li><a href='?page_no=13294'>13294<\/a><\/li>\n\n\n\n<li><a href='?page_no=13295'>13295<\/a><\/li>\n\n\n\n<li class='active'><a>13296<\/a><\/li>\n\n\n\n<li><a href='?page_no=13297'>13297<\/a><\/li>\n\n\n\n<li><a href='?page_no=13298'>13298<\/a><\/li>\n\n\n\n<li><a>...<\/a><\/li>\n\n\n\n<li><a href='?page_no=56169'>56169<\/a><\/li>\n\n\n\n<li><a href='?page_no=56170'>56170<\/a><\/li>\n\n    \n\t\n\n<li >\n\t<a href='?page_no=13297'>Next<\/a>\n\t<\/li>\n\n\n    \n\n<li><a href='?page_no=56170'>Last &rsaquo;&rsaquo;<\/a><\/li>\n\n<\/ul>\n\n\n--><br \/>\n<\/body><\/p>\n","protected":false},"excerpt":{"rendered":"<p>Santo Domingo, R. D., 5 de abril.- El escenario en Punta Cana est\u00e1 preparado para recibir desde el pr\u00f3ximo viernes la Reuni\u00f3n de Medio A\u00f1o de la Sociedad Interamericana de Prensa (SIP), evento que constar\u00e1 con la participaci\u00f3n del presidente Danilo Medina y del secretario general de la Organizaci\u00f3n de Estados Americanos (OEA), Luis Almagro. [&hellip;]<\/p>\n","protected":false},"author":3,"featured_media":0,"comment_status":"open","ping_status":"open","sticky":false,"template":"","format":"standard","meta":{"footnotes":""},"categories":[20],"tags":[],"class_list":["post-218922","post","type-post","status-publish","format-standard","hentry","category-dominicana-hoy"],"_links":{"self":[{"href":"https:\/\/diariodominicano.com\/index.php?rest_route=\/wp\/v2\/posts\/218922","targetHints":{"allow":["GET"]}}],"collection":[{"href":"https:\/\/diariodominicano.com\/index.php?rest_route=\/wp\/v2\/posts"}],"about":[{"href":"https:\/\/diariodominicano.com\/index.php?rest_route=\/wp\/v2\/types\/post"}],"author":[{"embeddable":true,"href":"https:\/\/diariodominicano.com\/index.php?rest_route=\/wp\/v2\/users\/3"}],"replies":[{"embeddable":true,"href":"https:\/\/diariodominicano.com\/index.php?rest_route=%2Fwp%2Fv2%2Fcomments&post=218922"}],"version-history":[{"count":0,"href":"https:\/\/diariodominicano.com\/index.php?rest_route=\/wp\/v2\/posts\/218922\/revisions"}],"wp:attachment":[{"href":"https:\/\/diariodominicano.com\/index.php?rest_route=%2Fwp%2Fv2%2Fmedia&parent=218922"}],"wp:term":[{"taxonomy":"category","embeddable":true,"href":"https:\/\/diariodominicano.com\/index.php?rest_route=%2Fwp%2Fv2%2Fcategories&post=218922"},{"taxonomy":"post_tag","embeddable":true,"href":"https:\/\/diariodominicano.com\/index.php?rest_route=%2Fwp%2Fv2%2Ftags&post=218922"}],"curies":[{"name":"wp","href":"https:\/\/api.w.org\/{rel}","templated":true}]}}