{"id":218919,"date":"2016-04-05T15:51:33","date_gmt":"2016-04-05T15:51:33","guid":{"rendered":"http:\/\/diariodominicano.ddns.net\/?p=218919"},"modified":"2016-04-05T15:51:33","modified_gmt":"2016-04-05T15:51:33","slug":"ministro-de-la-presidencia-valora-labor-de-los-periodistas","status":"publish","type":"post","link":"https:\/\/diariodominicano.com\/?p=218919","title":{"rendered":"Ministro de la Presidencia valora labor de los periodistas"},"content":{"rendered":"<p><body><\/p>\n<p><img decoding=\"async\" src=\"img3\/Ministro foto.jpg\" \/>  <\/p>\n<p><span class=\"text1noticias\"> <\/span><\/p>\n<p><span class=\"text1noticias\">SANTO DOMINGO.RD., 5 de abril- El ministro administrativo de la Presidencia, Jos\u00e9 Ram\u00f3n Peralta, valor\u00f3 el trabajo de los periodistas dominicanos en la defensa de los mejores valores del pueblo dominicano.<\/span><\/p>\n<\/p>\n<p><span class=\"text1noticias\">El funcionario dijo que esa labor ha sido clave para que el pa\u00eds conozca la obra de gobierno que ha realizado el presidente Danilo Medina en favor del desarrollo del pa\u00eds.<\/span><\/p>\n<\/p>\n<p><span class=\"text1noticias\">Peralta emiti\u00f3 el mensaje en ocasi\u00f3n del D\u00eda del Periodista durante un encuentro con los comunicadores que cubren el Palacio de la Presidencia.<\/span><\/p>\n<\/p>\n<p><span class=\"text1noticias\">\u00abEse trabajo tan abnegado y arduo que realizan los periodistas es lo que nos ha ayudado a comunicar a todo el pueblo la gesti\u00f3n de gobierno del presidente Danilo Medina\u00bb, expres\u00f3 el ministro Administrativo.<\/span><\/p>\n<\/p>\n<p><span class=\"text1noticias\">Peralta comparti\u00f3 con los periodistas en su despacho de la Casa de Gobierno.<\/span><\/p>\n<\/p>\n<h6> 2016-04-05 15:51:33 <\/h6>\n<p><!--\n<link rel=\"stylesheet\" href=\"css\/bootstrap.min.css\">\n\n\n<ul class=\"pagination\">\n\t    \n\t\n\n<li >\n\t<a href='?page_no=13292'>Previous<\/a>\n\t<\/li>\n\n\n       \n    \n\n<li><a href='?page_no=1'>1<\/a><\/li>\n\n\n\n<li><a href='?page_no=2'>2<\/a><\/li>\n\n\n\n<li><a>...<\/a><\/li>\n\n\n\n<li><a href='?page_no=13291'>13291<\/a><\/li>\n\n\n\n<li><a href='?page_no=13292'>13292<\/a><\/li>\n\n\n\n<li class='active'><a>13293<\/a><\/li>\n\n\n\n<li><a href='?page_no=13294'>13294<\/a><\/li>\n\n\n\n<li><a href='?page_no=13295'>13295<\/a><\/li>\n\n\n\n<li><a>...<\/a><\/li>\n\n\n\n<li><a href='?page_no=56169'>56169<\/a><\/li>\n\n\n\n<li><a href='?page_no=56170'>56170<\/a><\/li>\n\n    \n\t\n\n<li >\n\t<a href='?page_no=13294'>Next<\/a>\n\t<\/li>\n\n\n    \n\n<li><a href='?page_no=56170'>Last &rsaquo;&rsaquo;<\/a><\/li>\n\n<\/ul>\n\n\n--><br \/>\n<\/body><\/p>\n","protected":false},"excerpt":{"rendered":"<p>SANTO DOMINGO.RD., 5 de abril- El ministro administrativo de la Presidencia, Jos\u00e9 Ram\u00f3n Peralta, valor\u00f3 el trabajo de los periodistas dominicanos en la defensa de los mejores valores del pueblo dominicano. El funcionario dijo que esa labor ha sido clave para que el pa\u00eds conozca la obra de gobierno que ha realizado el presidente Danilo [&hellip;]<\/p>\n","protected":false},"author":3,"featured_media":0,"comment_status":"open","ping_status":"open","sticky":false,"template":"","format":"standard","meta":{"footnotes":""},"categories":[20],"tags":[],"class_list":["post-218919","post","type-post","status-publish","format-standard","hentry","category-dominicana-hoy"],"_links":{"self":[{"href":"https:\/\/diariodominicano.com\/index.php?rest_route=\/wp\/v2\/posts\/218919","targetHints":{"allow":["GET"]}}],"collection":[{"href":"https:\/\/diariodominicano.com\/index.php?rest_route=\/wp\/v2\/posts"}],"about":[{"href":"https:\/\/diariodominicano.com\/index.php?rest_route=\/wp\/v2\/types\/post"}],"author":[{"embeddable":true,"href":"https:\/\/diariodominicano.com\/index.php?rest_route=\/wp\/v2\/users\/3"}],"replies":[{"embeddable":true,"href":"https:\/\/diariodominicano.com\/index.php?rest_route=%2Fwp%2Fv2%2Fcomments&post=218919"}],"version-history":[{"count":0,"href":"https:\/\/diariodominicano.com\/index.php?rest_route=\/wp\/v2\/posts\/218919\/revisions"}],"wp:attachment":[{"href":"https:\/\/diariodominicano.com\/index.php?rest_route=%2Fwp%2Fv2%2Fmedia&parent=218919"}],"wp:term":[{"taxonomy":"category","embeddable":true,"href":"https:\/\/diariodominicano.com\/index.php?rest_route=%2Fwp%2Fv2%2Fcategories&post=218919"},{"taxonomy":"post_tag","embeddable":true,"href":"https:\/\/diariodominicano.com\/index.php?rest_route=%2Fwp%2Fv2%2Ftags&post=218919"}],"curies":[{"name":"wp","href":"https:\/\/api.w.org\/{rel}","templated":true}]}}