{"id":218918,"date":"2016-04-05T16:18:18","date_gmt":"2016-04-05T16:18:18","guid":{"rendered":"http:\/\/diariodominicano.ddns.net\/?p=218918"},"modified":"2016-04-05T16:18:18","modified_gmt":"2016-04-05T16:18:18","slug":"primera-dama-propone-responsabilidad-multisectorial-sobre-sexualidad-en-ninos-con-discapacidad","status":"publish","type":"post","link":"https:\/\/diariodominicano.com\/?p=218918","title":{"rendered":"Primera Dama propone responsabilidad multisectorial sobre sexualidad en ni\u00f1os con discapacidad"},"content":{"rendered":"<p><body><\/p>\n<p><img decoding=\"async\" src=\"img3\/Conferencia 03.jpg\" \/>  <\/p>\n<p><span class=\"text1noticias\">Santo Domingo. RD., 5 de abril- La Primera Dama de la Rep\u00fablica consider\u00f3 que la sexualidad de las personas con discapacidad es un tema muy sensible, que debe ser encarado de manera responsable por los padres, el sistema m\u00e9dico y la sociedad, en su conjunto.<\/span><\/p>\n<p><span class=\"text1noticias\">Conferencia Magistral<\/span><\/p>\n<\/p>\n<p><span class=\"text1noticias\">C\u00e1ndida Montilla de Medina emiti\u00f3 su consideraci\u00f3n al presentar a la doctora Teresa Aguilasocho Montoya, especialista mexicana en Ginecolog\u00eda y Obstetricia, as\u00ed como licenciada en Psicolog\u00eda, quien dict\u00f3 una conferencia Magistral, en el Centro de Atenci\u00f3n Integral para la Discapacidad (CAID), en Santo Domingo Oeste.<\/span><\/p>\n<\/p>\n<p><span class=\"text1noticias\">Fechas significativas para el CAID<\/span><\/p>\n<\/p>\n<p><span class=\"text1noticias\">La conferencia titulada \u00abLa Sexualidad en ni\u00f1os y Ni\u00f1as con Habilidades Diferentes\u00bb, fue ofrecida en ocasi\u00f3n de los D\u00edas Mundial de S\u00edndrome de Down y sobre Concienciaci\u00f3n del Autismo, el 21 de marzo y 2 de abril pasados, respectivamente.<\/span><\/p>\n<\/p>\n<p><span class=\"text1noticias\">\u00abAmbas fechas tienen un significado muy especial para el Centro de Atenci\u00f3n Integral para la Discapacidad, donde ambas condiciones reciben tratamiento del m\u00e1s alto nivel\u00bb, expuso Montilla de Medina.<\/span><\/p>\n<p><span class=\"text1noticias\">Madre de ni\u00f1a con S\u00edndrome de Down<\/span><\/p>\n<p><span class=\"text1noticias\">Montilla de Medina resalt\u00f3 los conocimientos de la doctora Teresa Aguilasocho Montoya.<\/span><\/p>\n<p><span class=\"text1noticias\"> Dijo que la invitada posee una especialidad que \u00abaunque no se incorpora a sus t\u00edtulos, ha sido para ella una fuente infinita de sabidur\u00eda: ser madre de una ni\u00f1a con s\u00edndrome de Down\u00bb.<\/span><\/p>\n<p><span class=\"text1noticias\">Actos \u00abque gu\u00edan, forman y transforman\u00bb<\/span><\/p>\n<\/p>\n<p><span class=\"text1noticias\">De su lado, la especialista mexicana felicit\u00f3 a la Primera Dama Montilla de Medina por concebir entre sus principales proyectos a favor de la poblaci\u00f3n, los Centros de Atenci\u00f3n Integral para la Discapacidad (CAID).<\/span><\/p>\n<\/p>\n<p><span class=\"text1noticias\">\u00abPensar en las personas con discapacidad y hacer acciones concretas para que puedan alcanzar metas factibles en su vida, es muy loable y habla claramente de su compromiso para con este segmento de la poblaci\u00f3n\u00bb, dijo la conferencista.<\/span><\/p>\n<\/p>\n<p><span class=\"text1noticias\">Aguilasocho Montoya expuso que dignificar las actuaciones de las personas con discapacidad y proporcionarles un estilo de vida en el que puedan desarrollarse y realizarse, es un objetivo que se ha estado logrando poco a poco en el mundo con actividades como las que desarrolla el Despacho de la Primera Dama, \u00abque gu\u00edan, forman y transforman\u00bb.<\/span><\/p>\n<p><span class=\"text1noticias\">Visitante Distinguida<\/span><\/p>\n<\/p>\n<p><span class=\"text1noticias\">La conferencista internacional sostuvo una reuni\u00f3n con la Primera Dama Montilla de Medina, en su despacho del CAID, por cuyas modernas instalaciones realiz\u00f3 un recorrido y posteriormente firm\u00f3 el libro de visitantes distinguidos, en el que plasm\u00f3 su impresi\u00f3n sobre el centro.<\/span><\/p>\n<\/p>\n<p><span class=\"text1noticias\">Asegur\u00f3 que la dedicaci\u00f3n y calidez humana que se vive en el CAID constituye una fuerte expresi\u00f3n de servicio, conocimiento y cari\u00f1o de parte de la Primera Dama de la Rep\u00fablica, cuya experiencia define como \u00abuna vida con sentido\u00bb.<\/span><\/p>\n<p><span class=\"text1noticias\">La conferencia<\/span><\/p>\n<\/p>\n<p><span class=\"text1noticias\">\u00abLa Sexualidad en Ni\u00f1os y Ni\u00f1as con Habilidades Diferentes\u00bb estuvo dirigida a terapeutas, padres y otros familiares de los usuarios del CAID, as\u00ed como a t\u00e9cnicos, especialistas y otras personalidades que trabajan a favor de personas con discapacidades, en uni\u00f3n a los CAID.<\/span><\/p>\n<\/p>\n<p><span class=\"text1noticias\">\u00abLas personas con discapacidad tienen la capacidad de aprender y desarrollar su vida con sentido si se les ense\u00f1a, por lo que el beneficio de saberse con herramientas que les proporcionen un mejor actuar, es algo invaluable\u00bb, dijo la doctora Aguilasocho Montoya.<\/span><\/p>\n<p><span class=\"text1noticias\">Dos ni\u00f1os, usuarios del CAID, cautivaron con cari\u00f1o y ternura a Aguilasocho y a la Primera Dama Montilla de Medina, a quienes prodigaron besos y abrazos, as\u00ed como sendos arreglos de flores.<\/span><\/p>\n<p><span class=\"text1noticias\">Asistentes<\/span><\/p>\n<\/p>\n<p><span class=\"text1noticias\">A la actividad asistieron cientos de personas ligadas al CAID y distinguidas personalidades invitadas, entre ellas, el embajador de la Rep\u00fablica de China Taiw\u00e1n, Valentino Ji-Zen-Tang, cuyo gobierno ha cofinanciado la obra que ya funciona en Santiago y en San Juan; adem\u00e1s de Santo Domingo Oeste, donde se llev\u00f3 a cabo la conferencia.<\/span><\/p>\n<\/p>\n<h6> 2016-04-05 16:18:18 <\/h6>\n<p><!--\n<link rel=\"stylesheet\" href=\"css\/bootstrap.min.css\">\n\n\n<ul class=\"pagination\">\n\t    \n\t\n\n<li >\n\t<a href='?page_no=13291'>Previous<\/a>\n\t<\/li>\n\n\n       \n    \n\n<li><a href='?page_no=1'>1<\/a><\/li>\n\n\n\n<li><a href='?page_no=2'>2<\/a><\/li>\n\n\n\n<li><a>...<\/a><\/li>\n\n\n\n<li><a href='?page_no=13290'>13290<\/a><\/li>\n\n\n\n<li><a href='?page_no=13291'>13291<\/a><\/li>\n\n\n\n<li class='active'><a>13292<\/a><\/li>\n\n\n\n<li><a href='?page_no=13293'>13293<\/a><\/li>\n\n\n\n<li><a href='?page_no=13294'>13294<\/a><\/li>\n\n\n\n<li><a>...<\/a><\/li>\n\n\n\n<li><a href='?page_no=56169'>56169<\/a><\/li>\n\n\n\n<li><a href='?page_no=56170'>56170<\/a><\/li>\n\n    \n\t\n\n<li >\n\t<a href='?page_no=13293'>Next<\/a>\n\t<\/li>\n\n\n    \n\n<li><a href='?page_no=56170'>Last &rsaquo;&rsaquo;<\/a><\/li>\n\n<\/ul>\n\n\n--><br \/>\n<\/body><\/p>\n","protected":false},"excerpt":{"rendered":"<p>Santo Domingo. RD., 5 de abril- La Primera Dama de la Rep\u00fablica consider\u00f3 que la sexualidad de las personas con discapacidad es un tema muy sensible, que debe ser encarado de manera responsable por los padres, el sistema m\u00e9dico y la sociedad, en su conjunto. Conferencia Magistral C\u00e1ndida Montilla de Medina emiti\u00f3 su consideraci\u00f3n al [&hellip;]<\/p>\n","protected":false},"author":3,"featured_media":0,"comment_status":"open","ping_status":"open","sticky":false,"template":"","format":"standard","meta":{"footnotes":""},"categories":[20],"tags":[],"class_list":["post-218918","post","type-post","status-publish","format-standard","hentry","category-dominicana-hoy"],"_links":{"self":[{"href":"https:\/\/diariodominicano.com\/index.php?rest_route=\/wp\/v2\/posts\/218918","targetHints":{"allow":["GET"]}}],"collection":[{"href":"https:\/\/diariodominicano.com\/index.php?rest_route=\/wp\/v2\/posts"}],"about":[{"href":"https:\/\/diariodominicano.com\/index.php?rest_route=\/wp\/v2\/types\/post"}],"author":[{"embeddable":true,"href":"https:\/\/diariodominicano.com\/index.php?rest_route=\/wp\/v2\/users\/3"}],"replies":[{"embeddable":true,"href":"https:\/\/diariodominicano.com\/index.php?rest_route=%2Fwp%2Fv2%2Fcomments&post=218918"}],"version-history":[{"count":0,"href":"https:\/\/diariodominicano.com\/index.php?rest_route=\/wp\/v2\/posts\/218918\/revisions"}],"wp:attachment":[{"href":"https:\/\/diariodominicano.com\/index.php?rest_route=%2Fwp%2Fv2%2Fmedia&parent=218918"}],"wp:term":[{"taxonomy":"category","embeddable":true,"href":"https:\/\/diariodominicano.com\/index.php?rest_route=%2Fwp%2Fv2%2Fcategories&post=218918"},{"taxonomy":"post_tag","embeddable":true,"href":"https:\/\/diariodominicano.com\/index.php?rest_route=%2Fwp%2Fv2%2Ftags&post=218918"}],"curies":[{"name":"wp","href":"https:\/\/api.w.org\/{rel}","templated":true}]}}