{"id":218917,"date":"2016-04-05T23:24:34","date_gmt":"2016-04-05T23:24:34","guid":{"rendered":"http:\/\/diariodominicano.ddns.net\/?p=218917"},"modified":"2016-04-05T23:24:34","modified_gmt":"2016-04-05T23:24:34","slug":"danilo-medina-afirma-republica-digital-sera-la-revolucion-tecnologica-en-rd","status":"publish","type":"post","link":"https:\/\/diariodominicano.com\/?p=218917","title":{"rendered":"Danilo Medina afirma Rep\u00fablica Digital ser\u00e1 la Revoluci\u00f3n Tecnol\u00f3gica en RD"},"content":{"rendered":"<p><body><\/p>\n<p><img decoding=\"async\" src=\"img3\/Danilo001.jpg\" \/><br \/><img decoding=\"async\" src=\"img3\/danilo003.jpg\" \/><br \/><img decoding=\"async\" src=\"img3\/danilo002.jpg\" \/>  <\/p>\n<p><strong><span class=\"text1noticias\">El candidato presidencial del Partido de la Liberaci\u00f3n Dominicana y partidos aliados hizo la presentaci\u00f3n de Rep\u00fablica Digital en un acto en  la Arena del Cibao en Santiago, ante miles de j\u00f3venes de la  f\u00e9rtil regi\u00f3n, as\u00ed como de delegados de las diferentes provincias del pa\u00eds, quienes recibieron con entusiasmo y algarab\u00eda la propuesta de Danilo Medina, quien la detall\u00f3 en un discurso que pronunci\u00f3, apoyado con pantallas gigantes y facilidades digitales.<\/span><\/strong><\/p>\n<\/p>\n<\/p>\n<p><strong><span class=\"text1noticias\">SANTO DOMINGO, RD, 5 de Abril de 2016.-<\/span><\/strong><span class=\"text1noticias\"> El presidente Danilo Medina present\u00f3 su propuesta tecnol\u00f3gica  para los pr\u00f3ximos cuatro a\u00f1os de gobierno denominada \u00abRep\u00fablica Digital\u00bb.  Afirm\u00f3 que el proyecto ser\u00e1 una revoluci\u00f3n tecnol\u00f3gica en la Rep\u00fablica Dominicana, tal y como  se ha hecho con la educaci\u00f3n.<\/span><\/p>\n<\/p>\n<p><span class=\"text1noticias\">El candidato presidencial del Partido de la Liberaci\u00f3n Dominicana y partidos aliados hizo la presentaci\u00f3n de Rep\u00fablica Digital en un acto en  la Arena del Cibao en Santiago, ante miles de j\u00f3venes de la  f\u00e9rtil regi\u00f3n, as\u00ed como de delegados de las diferentes provincias del pa\u00eds, quienes recibieron con entusiasmo y algarab\u00eda la propuesta de Danilo Medina, quien la detall\u00f3 en un discurso que pronunci\u00f3, apoyado con pantallas gigantes y facilidades digitales.<\/span><\/p>\n<\/p>\n<p><span class=\"text1noticias\"> Le acompa\u00f1\u00f3 la vicepresidenta Margarita Cede\u00f1o de Fern\u00e1ndez, candidata de nuevo a esa posici\u00f3n; Francisco Javier Garc\u00eda, director general de la campa\u00f1a; Ram\u00f3n Ventura Camejo, coordinador de la campa\u00f1a en la provincia; Julio C\u00e9sar Valent\u00edn, senador  de Santiago y candidato de nuevo; Abel Mart\u00ednez, candidato a la alcald\u00eda de Santiago de los Caballeros y Jean Alain Rodr\u00edguez, miembro del Comit\u00e9 Central del PLD, coordinador del proyecto Rep\u00fablica Digital.<\/span><\/p>\n<\/p>\n<p><span class=\"text1noticias\">Tambi\u00e9n de la direcci\u00f3n del PLD estuvo presente Mochy Fadul,  Carlos Amarante Baret, Carlos Pared P\u00e9rez del Comit\u00e9 Pol\u00edtico y dirigentes locales del partido morado.<\/span><\/p>\n<\/p>\n<p><span class=\"text1noticias\"> Al dirigirse a los presentes en el discurso central del acto, el presidente Danilo Medina pronunci\u00f3 una pieza cargada de emoci\u00f3n y optimismo ante los cientos de j\u00f3venes  que abarrotaron el lugar.<\/span><\/p>\n<\/p>\n<p><span class=\"text1noticias\"> \u00abUstedes son y ser\u00e1n la generaci\u00f3n m\u00e1s preparada, la m\u00e1s educada y la m\u00e1s capaz para transformar la historia de nuestra patria.  El mejor ejemplo del poder que tienen ustedes es este evento y todo lo que est\u00e1 pasando con Rep\u00fablica Digital\u00bb.<\/span><\/p>\n<\/p>\n<p><span class=\"text1noticias\">Dijo que los j\u00f3venes se han involucrado de manera entusiasta en el proyecto y en menos de un mes han hecho de Rep\u00fablica Digital su bandera y que la est\u00e1n llevando por todo el pa\u00eds.<\/span><\/p>\n<\/p>\n<p><span class=\"text1noticias\">\u00abUstedes han hecho posible que estemos marcando tendencias en redes, con esta iniciativa.  Se han involucrado y, en menos de un mes, han hecho de nuestra Rep\u00fablica Digital su bandera y la est\u00e1n llevando por todo el pa\u00eds.<\/span><\/p>\n<\/p>\n<p><span class=\"text1noticias\">\u00abUstedes est\u00e1n impuls\u00e1ndonos a hacer este proyecto cada vez m\u00e1s grande y completo. Y al hacerlo, est\u00e1n transformando nuestro pa\u00eds, para mejor y para siempre\u00bb, manifest\u00f3 Medina y resalt\u00f3 que tendr\u00e1n Rep\u00fablica Digital  para el empleo, para el desarrollo y para la democracia y la transparencia.<\/span><\/p>\n<\/p>\n<p><span class=\"text1noticias\">Explic\u00f3 que Rep\u00fablica Digital es una propuesta bien meditada, con miras al futuro, pero con los pies en la tierra y muy enraizada en la realidad dominicana y que en su dise\u00f1o han participado expertos en cada \u00e1rea y un conjunto de instituciones p\u00fablica que la implementar\u00e1n.<\/span><\/p>\n<\/p>\n<p><span class=\"text1noticias\">Adelant\u00f3 que el programa Rep\u00fablica Digital estar\u00e1 sustentado sobre cuatro pilares s\u00f3lidos. \u00abPor eso, el primer pilar de nuestro proyecto se llama un estudiante ? Una Computadora \/ Un maestro ? Una Computadora. Y digo \u00abse llama\u00bb porque incluye adem\u00e1s de esa iniciativa muchas m\u00e1s\u00bb.<\/span><\/p>\n<\/p>\n<p><span class=\"text1noticias\">Indic\u00f3 que a partir del 2017 y de manera escalonada, el Gobierno les entregar\u00e1 totalmente gratis una computadora a 950,000 estudiantes y 79,500 profesores de la red de educaci\u00f3n p\u00fablica.<\/span><\/p>\n<\/p>\n<p><span class=\"text1noticias\">Dijo que para alimentar de contenidos a todas estas computadoras, construir\u00e1n una Biblioteca Virtual con materiales para todos los niveles educativos, as\u00ed como un portal dominicano de informaci\u00f3n cient\u00edfica, tecnol\u00f3gica y human\u00edstica.<\/span><\/p>\n<\/p>\n<p><span class=\"text1noticias\">Apunt\u00f3 que el segundo pilar del proyecto es \u00abBanda Ancha para todos\u00bb, con el que se pretende acelerar y ampliar el acceso a Internet en todo el pa\u00eds.<\/span><\/p>\n<\/p>\n<p><span class=\"text1noticias\">\u00abEn este pilar tenemos dos metas muy concretas. La primera, pasar del actual 23.6% de poblaci\u00f3n con acceso a internet a un 70% en los pr\u00f3ximos 4 a\u00f1os. La segunda, reducir en m\u00e1s de un 30% el costo de los servicio de banda ancha\u00bb. <\/span><\/p>\n<\/p>\n<p><span class=\"text1noticias\">Expuso que el tercer pilar ser\u00eda Rep\u00fablica Digital Productiva con la que buscar\u00eda aliados en el sector privado para que, entre todos, puedan promover nuevos modelos de negocios y emprendimientos, que les abran las puertas a los j\u00f3venes empresarios del siglo XX.<\/span><\/p>\n<\/p>\n<p><span class=\"text1noticias\">El \u00faltimo pilar de su iniciativa ser\u00e1 \u00abEl Gobierno Abierto\u00bb en el que buscar\u00e1n utilizar todas las herramientas a su alcance para que el ciudadano tenga un gobierno transparente, eficiente y que sea una ayuda en su vida diaria.<\/span><\/p>\n<\/p>\n<p><span class=\"text1noticias\">El presidente Danilo Medina agradeci\u00f3 la presencia de los miles de j\u00f3venes, hombres y mujeres que se congregaron en la Arena del Cibao y los exhort\u00f3 para dejar atr\u00e1s el pesimismo y marchar cargado de energ\u00eda positiva y alegr\u00eda como se iba \u00e9l del lugar.<\/span><\/p>\n<\/p>\n<p><span class=\"text1noticias\">Previo a las palabras de Danilo Medina, se present\u00f3 Jason Silva, creador del programa de televisi\u00f3n Juegos Mentales, quien ponder\u00f3 la importancia del programa Rep\u00fablica Digital y habl\u00f3 de la importancia de la tecnolog\u00eda y sus herramientas en esta \u00e9poca.<\/span><\/p>\n<\/p>\n<p><span class=\"text1noticias\">Fue presentado tambi\u00e9n mediante la tecnolog\u00eda del video una breve historia de j\u00f3venes de diferentes puntos del pa\u00eds quienes dieron explicaciones de algunas aplicaciones creadas y la importancia que estas tendr\u00edan con la propuesta digital.<\/span><\/p>\n<\/p>\n<p><span class=\"text1noticias\">La actividad cont\u00f3 con una parte art\u00edstica que recay\u00f3 sobre Vladimir Dotel y Mozar la Para. La conducci\u00f3n del acto estuvo a cargo de Pamela Sued y Lechuga.<\/span><\/p>\n<\/p>\n<h6> 2016-04-05 23:24:34 <\/h6>\n<p><!--\n<link rel=\"stylesheet\" href=\"css\/bootstrap.min.css\">\n\n\n<ul class=\"pagination\">\n\t    \n\t\n\n<li >\n\t<a href='?page_no=13290'>Previous<\/a>\n\t<\/li>\n\n\n       \n    \n\n<li><a href='?page_no=1'>1<\/a><\/li>\n\n\n\n<li><a href='?page_no=2'>2<\/a><\/li>\n\n\n\n<li><a>...<\/a><\/li>\n\n\n\n<li><a href='?page_no=13289'>13289<\/a><\/li>\n\n\n\n<li><a href='?page_no=13290'>13290<\/a><\/li>\n\n\n\n<li class='active'><a>13291<\/a><\/li>\n\n\n\n<li><a href='?page_no=13292'>13292<\/a><\/li>\n\n\n\n<li><a href='?page_no=13293'>13293<\/a><\/li>\n\n\n\n<li><a>...<\/a><\/li>\n\n\n\n<li><a href='?page_no=56169'>56169<\/a><\/li>\n\n\n\n<li><a href='?page_no=56170'>56170<\/a><\/li>\n\n    \n\t\n\n<li >\n\t<a href='?page_no=13292'>Next<\/a>\n\t<\/li>\n\n\n    \n\n<li><a href='?page_no=56170'>Last &rsaquo;&rsaquo;<\/a><\/li>\n\n<\/ul>\n\n\n--><br \/>\n<\/body><\/p>\n","protected":false},"excerpt":{"rendered":"<p>El candidato presidencial del Partido de la Liberaci\u00f3n Dominicana y partidos aliados hizo la presentaci\u00f3n de Rep\u00fablica Digital en un acto en la Arena del Cibao en Santiago, ante miles de j\u00f3venes de la f\u00e9rtil regi\u00f3n, as\u00ed como de delegados de las diferentes provincias del pa\u00eds, quienes recibieron con entusiasmo y algarab\u00eda la propuesta de [&hellip;]<\/p>\n","protected":false},"author":3,"featured_media":0,"comment_status":"open","ping_status":"open","sticky":false,"template":"","format":"standard","meta":{"footnotes":""},"categories":[20],"tags":[],"class_list":["post-218917","post","type-post","status-publish","format-standard","hentry","category-dominicana-hoy"],"_links":{"self":[{"href":"https:\/\/diariodominicano.com\/index.php?rest_route=\/wp\/v2\/posts\/218917","targetHints":{"allow":["GET"]}}],"collection":[{"href":"https:\/\/diariodominicano.com\/index.php?rest_route=\/wp\/v2\/posts"}],"about":[{"href":"https:\/\/diariodominicano.com\/index.php?rest_route=\/wp\/v2\/types\/post"}],"author":[{"embeddable":true,"href":"https:\/\/diariodominicano.com\/index.php?rest_route=\/wp\/v2\/users\/3"}],"replies":[{"embeddable":true,"href":"https:\/\/diariodominicano.com\/index.php?rest_route=%2Fwp%2Fv2%2Fcomments&post=218917"}],"version-history":[{"count":0,"href":"https:\/\/diariodominicano.com\/index.php?rest_route=\/wp\/v2\/posts\/218917\/revisions"}],"wp:attachment":[{"href":"https:\/\/diariodominicano.com\/index.php?rest_route=%2Fwp%2Fv2%2Fmedia&parent=218917"}],"wp:term":[{"taxonomy":"category","embeddable":true,"href":"https:\/\/diariodominicano.com\/index.php?rest_route=%2Fwp%2Fv2%2Fcategories&post=218917"},{"taxonomy":"post_tag","embeddable":true,"href":"https:\/\/diariodominicano.com\/index.php?rest_route=%2Fwp%2Fv2%2Ftags&post=218917"}],"curies":[{"name":"wp","href":"https:\/\/api.w.org\/{rel}","templated":true}]}}