{"id":218913,"date":"2016-04-06T13:59:20","date_gmt":"2016-04-06T13:59:20","guid":{"rendered":"http:\/\/diariodominicano.ddns.net\/?p=218913"},"modified":"2016-04-06T13:59:20","modified_gmt":"2016-04-06T13:59:20","slug":"educacion-celebrara-el-dia-nacional-de-la-descentralizacion-educativa","status":"publish","type":"post","link":"https:\/\/diariodominicano.com\/?p=218913","title":{"rendered":"Educaci\u00f3n celebrar\u00e1 el D\u00eda Nacional de la Descentralizaci\u00f3n Educativa"},"content":{"rendered":"<p><body><\/p>\n<p><span class=\"text1noticias\">Santo Domingo, R. D., 6 de abril.- El Ministerio de Educaci\u00f3n (MINERD) celebrar\u00e1 este jueves, con varios actos, el D\u00eda Nacional de la Descentralizaci\u00f3n Educativa, instituido el 9 de abril de cada a\u00f1o, y que tiene como prop\u00f3sito principal fortalecer el proceso de gesti\u00f3n.<\/span><\/p>\n<p><span class=\"text1noticias\"> <\/span><\/p>\n<p><span class=\"text1noticias\">Desde el d\u00eda 11 hasta el 31 de abril ser\u00e1n celebradas oficialmente las festividades del aniversario del D\u00eda Nacional de la Descentralizaci\u00f3n Educativa en las regionales, distritos y centros educativos a nivel nacional, en el marco de su mes aniversario. <\/span><\/p>\n<p><span class=\"text1noticias\"> <\/span><\/p>\n<p><span class=\"text1noticias\">El director general de Gesti\u00f3n y Descentralizaci\u00f3n Educativa, Silverio Gonz\u00e1lez Camacho, inform\u00f3 que este jueves 7 de abril habr\u00e1 un izamiento especial de Bandera, a las 8:00 de la ma\u00f1ana, en la explanada frontal del Ministerio de Educaci\u00f3n; a las 10:00, una misa en la Catedral Primada de Am\u00e9rica, oficiada por el sacerdote Carlos Pe\u00f1a, y a las 11:00 de la ma\u00f1ana una ofrenda floral en el Altar de la Patria.<\/span><\/p>\n<p><span class=\"text1noticias\"> <\/span><\/p>\n<p><span class=\"text1noticias\">Adem\u00e1s, en el transcurso de las actividades, ser\u00e1n reconocidas diversas personalidades de la descentralizaci\u00f3n, juntas descentralizadas (regionales, distritales y de centros educativos) que hayan realizado una buena labor en materia de descentralizaci\u00f3n educativa. <\/span><\/p>\n<p><span class=\"text1noticias\"> <\/span><\/p>\n<p><span class=\"text1noticias\">La Ley de Educaci\u00f3n No. 66-97 establece que el Ministerio \u00abdescentralizar\u00e1 la ejecuci\u00f3n de funciones, servicios, programas y proyectos\u00bb, con el objetivo de \u00abgarantizar una mayor democratizaci\u00f3n del sistema educativo, la participaci\u00f3n y el consenso, una mayor equidad en la prestaci\u00f3n de los servicios y garantizar\u00e1 una mayor eficiencia y calidad de la educaci\u00f3n\u00bb (Art\u00edculo. 103).<\/span><\/p>\n<p><span class=\"text1noticias\"> <\/span><\/p>\n<p><span class=\"text1noticias\">Adem\u00e1s, en su Art\u00edculo 105 establece q<\/span>ue \u00abse crean las Juntas Regionales, Distritales y de Centro Educativo como \u00f3rganos descentralizados de gesti\u00f3n educativa\u00bb. <\/p>\n<h6> 2016-04-06 13:59:20 <\/h6>\n<p><!--\n<link rel=\"stylesheet\" href=\"css\/bootstrap.min.css\">\n\n\n<ul class=\"pagination\">\n\t    \n\t\n\n<li >\n\t<a href='?page_no=13287'>Previous<\/a>\n\t<\/li>\n\n\n       \n    \n\n<li><a href='?page_no=1'>1<\/a><\/li>\n\n\n\n<li><a href='?page_no=2'>2<\/a><\/li>\n\n\n\n<li><a>...<\/a><\/li>\n\n\n\n<li><a href='?page_no=13286'>13286<\/a><\/li>\n\n\n\n<li><a href='?page_no=13287'>13287<\/a><\/li>\n\n\n\n<li class='active'><a>13288<\/a><\/li>\n\n\n\n<li><a href='?page_no=13289'>13289<\/a><\/li>\n\n\n\n<li><a href='?page_no=13290'>13290<\/a><\/li>\n\n\n\n<li><a>...<\/a><\/li>\n\n\n\n<li><a href='?page_no=56169'>56169<\/a><\/li>\n\n\n\n<li><a href='?page_no=56170'>56170<\/a><\/li>\n\n    \n\t\n\n<li >\n\t<a href='?page_no=13289'>Next<\/a>\n\t<\/li>\n\n\n    \n\n<li><a href='?page_no=56170'>Last &rsaquo;&rsaquo;<\/a><\/li>\n\n<\/ul>\n\n\n--><br \/>\n<\/body><\/p>\n","protected":false},"excerpt":{"rendered":"<p>Santo Domingo, R. D., 6 de abril.- El Ministerio de Educaci\u00f3n (MINERD) celebrar\u00e1 este jueves, con varios actos, el D\u00eda Nacional de la Descentralizaci\u00f3n Educativa, instituido el 9 de abril de cada a\u00f1o, y que tiene como prop\u00f3sito principal fortalecer el proceso de gesti\u00f3n. Desde el d\u00eda 11 hasta el 31 de abril ser\u00e1n celebradas [&hellip;]<\/p>\n","protected":false},"author":3,"featured_media":0,"comment_status":"open","ping_status":"open","sticky":false,"template":"","format":"standard","meta":{"footnotes":""},"categories":[20],"tags":[],"class_list":["post-218913","post","type-post","status-publish","format-standard","hentry","category-dominicana-hoy"],"_links":{"self":[{"href":"https:\/\/diariodominicano.com\/index.php?rest_route=\/wp\/v2\/posts\/218913","targetHints":{"allow":["GET"]}}],"collection":[{"href":"https:\/\/diariodominicano.com\/index.php?rest_route=\/wp\/v2\/posts"}],"about":[{"href":"https:\/\/diariodominicano.com\/index.php?rest_route=\/wp\/v2\/types\/post"}],"author":[{"embeddable":true,"href":"https:\/\/diariodominicano.com\/index.php?rest_route=\/wp\/v2\/users\/3"}],"replies":[{"embeddable":true,"href":"https:\/\/diariodominicano.com\/index.php?rest_route=%2Fwp%2Fv2%2Fcomments&post=218913"}],"version-history":[{"count":0,"href":"https:\/\/diariodominicano.com\/index.php?rest_route=\/wp\/v2\/posts\/218913\/revisions"}],"wp:attachment":[{"href":"https:\/\/diariodominicano.com\/index.php?rest_route=%2Fwp%2Fv2%2Fmedia&parent=218913"}],"wp:term":[{"taxonomy":"category","embeddable":true,"href":"https:\/\/diariodominicano.com\/index.php?rest_route=%2Fwp%2Fv2%2Fcategories&post=218913"},{"taxonomy":"post_tag","embeddable":true,"href":"https:\/\/diariodominicano.com\/index.php?rest_route=%2Fwp%2Fv2%2Ftags&post=218913"}],"curies":[{"name":"wp","href":"https:\/\/api.w.org\/{rel}","templated":true}]}}