{"id":218912,"date":"2016-04-06T15:18:45","date_gmt":"2016-04-06T15:18:45","guid":{"rendered":"http:\/\/diariodominicano.ddns.net\/?p=218912"},"modified":"2016-04-06T15:18:45","modified_gmt":"2016-04-06T15:18:45","slug":"primera-dama-inclusion-social-siempre-sera-nuestro-norte","status":"publish","type":"post","link":"https:\/\/diariodominicano.com\/?p=218912","title":{"rendered":"Primera Dama: \u00abInclusi\u00f3n social siempre ser\u00e1 nuestro norte\u00bb"},"content":{"rendered":"<p><body><\/p>\n<p><img decoding=\"async\" src=\"img3\/Primeradama.jpg\" \/><br \/><img decoding=\"async\" src=\"img3\/Primeradama2.jpg\" \/>  <\/p>\n<p><span class=\"text1noticias\">Santo Domingo, R. D., 6 de abril.- La primera dama C\u00e1ndida Montilla de Medina dijo que siempre enfocar\u00e1 su trabajo en la inclusi\u00f3n social, esencialmente, en lo que tiene que ver con las personas con discapacidad, uno de los grupos m\u00e1s necesitados de la poblaci\u00f3n.<\/span><\/p>\n<p><span class=\"text1noticias\"> <\/span><\/p>\n<p><span class=\"text1noticias\">Sostuvo que su aporte a la sociedad dominicana lo enfoca en la poblacion m\u00e1s necesitada, no solamente en lo econ\u00f3mico, sino tambien en lo humano, la atenci\u00f3n espiritual, la acogida y el amor.<\/span><\/p>\n<p><span class=\"text1noticias\"> <\/span><\/p>\n<p><span class=\"text1noticias\">Abrir brechas a las oportunidades<\/span><\/p>\n<p><span class=\"text1noticias\">C\u00e1ndida Montilla de Medina manifest\u00f3 que no desmayar\u00e1 en su prop\u00f3sito de abrir la brecha de las oportunidades, para que ninguna discapacidad constituya obst\u00e1culos para la inclusi\u00f3n social de las personas.<\/span><\/p>\n<p><span class=\"text1noticias\"> <\/span><\/p>\n<p><span class=\"text1noticias\">\u00abSiempre he pensado aportar a la sociedad, sobretodo en la causa que tienen que ver con discapacidad. Para eso estamos, para trabajar con la inclusi\u00f3n social, con esa poblaci\u00f3n olvidada. Siempre le daremos el apoyo, no solamente econ\u00f3mico, sino el apoyo humano, la acogida y el del amor\u00bb, dijo.<\/span><\/p>\n<p><span class=\"text1noticias\"> <\/span><\/p>\n<p><span class=\"text1noticias\">Tarde de Primavera<\/span><\/p>\n<p><span class=\"text1noticias\">La Primera Dama se expres\u00f3 en esos t\u00e9rminos, al participar como invitada distinguida en la \u00abTarde de Primavera\u00bb, una actividad que tradicionalmente organiza el  Patronato Nacional de Ciegos, con el prop\u00f3sito de recaudar fondos para la instituci\u00f3n.<\/span><\/p>\n<p><span class=\"text1noticias\"> <\/span><\/p>\n<p><span class=\"text1noticias\">Al llegar al acto, Montilla de Medina fue recibida por la presidenta del Patronato, Alexandra Ventura de G\u00f3mez, y las dem\u00e1s integrantes de la directiva, Rita Espaillat, Mirka Morales, Leonor Gautier de Garc\u00eda, Jenny Podest\u00e1 de V\u00e1squez y Nadia Rond\u00f3n.<\/span><\/p>\n<p><span class=\"text1noticias\"> <\/span><\/p>\n<p><span class=\"text1noticias\">La presidenta del Patronato de Ciegos, al pronunciar las palabras del acto, agradeci\u00f3 la presencia de la Primera Dama y resalt\u00f3 el trabajo que desarrolla  a favor de los sectores m\u00e1s vulnerables de la poblaci\u00f3n, a trav\u00e9s de los distintos programas de su Despacho.<\/span><\/p>\n<p><span class=\"text1noticias\"> <\/span><\/p>\n<p><span class=\"text1noticias\">La Primera Dama recorri\u00f3 todas las mesas colocadas en el sal\u00f3n, para saludar con besos y abrazos,  a las damas de diferentes sectores presentes en el acto, con las que Montilla de Medina departi\u00f3 en un ambiente de cordialidad.<\/span><\/p>\n<p><span class=\"text1noticias\"> <\/span><\/p>\n<p><span class=\"text1noticias\">Con la \u00abTarde de Primavera\u00bb, el Patronato Nacional de Ciegos recauda fondos a favor de esta entidad, que ofrece a los no videntes apoyo educativo, asistencia m\u00e9dica y social, rehabilitaci\u00f3n e integraci\u00f3n laboral.<\/span><\/p>\n<p><span class=\"text1noticias\"> <\/span><\/p>\n<p><span class=\"text1noticias\">Este a\u00f1o, adem\u00e1s de las presentaciones art\u00edsticas,  hubo un desfile de modas, entre cuyos modelos hubo personas no videntes y de la tercera edad.<\/span><\/p>\n<p><span class=\"text1noticias\"> <\/span><\/p>\n<p><span class=\"text1noticias\">Mensaje a Psic\u00f3logos<\/span><\/p>\n<p><span class=\"text1noticias\">Con ocasi\u00f3n de celebrarse el D\u00eda Nacional del Psic\u00f3logo, este 6 de abril, la Primera Dama de la Rep\u00fablica, profesional de esa \u00e1rea, felicit\u00f3 a sus colegas y resalt\u00f3 la importancia de esa ciencia:<\/span><\/p>\n<p><span class=\"text1noticias\"> <\/span><\/p>\n<p><span class=\"text1noticias\">\u00abEn nombre del Despacho de la Primera Dama y del m\u00edo propio, felicito efusivamente a los profesionales del ramo y brindo reconocimiento a la importante labor social y humana que realizan.<\/span><\/p>\n<p><span class=\"text1noticias\"> <\/span><\/p>\n<p><span class=\"text1noticias\">La ciencia de la Psicolog\u00eda cobra cada d\u00eda mayor relevancia en una sociedad acuciada por m\u00faltiples problemas. En las manos de sus profesionales est\u00e1n los instrumentos para mejorar la vida no solo de las personas individuales sino tambi\u00e9n la vida colectiva.<\/span><\/p>\n<p><span class=\"text1noticias\"> <\/span><\/p>\n<p><span class=\"text1noticias\">En mi condici\u00f3n de psic\u00f3loga, de la cual me enorgullezco, celebro este d\u00eda junto a todos mis colegas, hombres y mujeres, a quienes exhorto a continuar rindiendo con entusiasmo la labor que realizan a favor del bienestar integral de l<\/span>a poblaci\u00f3n\u00bb.<\/p>\n<h6> 2016-04-06 15:18:45 <\/h6>\n<p><!--\n<link rel=\"stylesheet\" href=\"css\/bootstrap.min.css\">\n\n\n<ul class=\"pagination\">\n\t    \n\t\n\n<li >\n\t<a href='?page_no=13286'>Previous<\/a>\n\t<\/li>\n\n\n       \n    \n\n<li><a href='?page_no=1'>1<\/a><\/li>\n\n\n\n<li><a href='?page_no=2'>2<\/a><\/li>\n\n\n\n<li><a>...<\/a><\/li>\n\n\n\n<li><a href='?page_no=13285'>13285<\/a><\/li>\n\n\n\n<li><a href='?page_no=13286'>13286<\/a><\/li>\n\n\n\n<li class='active'><a>13287<\/a><\/li>\n\n\n\n<li><a href='?page_no=13288'>13288<\/a><\/li>\n\n\n\n<li><a href='?page_no=13289'>13289<\/a><\/li>\n\n\n\n<li><a>...<\/a><\/li>\n\n\n\n<li><a href='?page_no=56169'>56169<\/a><\/li>\n\n\n\n<li><a href='?page_no=56170'>56170<\/a><\/li>\n\n    \n\t\n\n<li >\n\t<a href='?page_no=13288'>Next<\/a>\n\t<\/li>\n\n\n    \n\n<li><a href='?page_no=56170'>Last &rsaquo;&rsaquo;<\/a><\/li>\n\n<\/ul>\n\n\n--><br \/>\n<\/body><\/p>\n","protected":false},"excerpt":{"rendered":"<p>Santo Domingo, R. D., 6 de abril.- La primera dama C\u00e1ndida Montilla de Medina dijo que siempre enfocar\u00e1 su trabajo en la inclusi\u00f3n social, esencialmente, en lo que tiene que ver con las personas con discapacidad, uno de los grupos m\u00e1s necesitados de la poblaci\u00f3n. Sostuvo que su aporte a la sociedad dominicana lo enfoca [&hellip;]<\/p>\n","protected":false},"author":3,"featured_media":0,"comment_status":"open","ping_status":"open","sticky":false,"template":"","format":"standard","meta":{"footnotes":""},"categories":[20],"tags":[],"class_list":["post-218912","post","type-post","status-publish","format-standard","hentry","category-dominicana-hoy"],"_links":{"self":[{"href":"https:\/\/diariodominicano.com\/index.php?rest_route=\/wp\/v2\/posts\/218912","targetHints":{"allow":["GET"]}}],"collection":[{"href":"https:\/\/diariodominicano.com\/index.php?rest_route=\/wp\/v2\/posts"}],"about":[{"href":"https:\/\/diariodominicano.com\/index.php?rest_route=\/wp\/v2\/types\/post"}],"author":[{"embeddable":true,"href":"https:\/\/diariodominicano.com\/index.php?rest_route=\/wp\/v2\/users\/3"}],"replies":[{"embeddable":true,"href":"https:\/\/diariodominicano.com\/index.php?rest_route=%2Fwp%2Fv2%2Fcomments&post=218912"}],"version-history":[{"count":0,"href":"https:\/\/diariodominicano.com\/index.php?rest_route=\/wp\/v2\/posts\/218912\/revisions"}],"wp:attachment":[{"href":"https:\/\/diariodominicano.com\/index.php?rest_route=%2Fwp%2Fv2%2Fmedia&parent=218912"}],"wp:term":[{"taxonomy":"category","embeddable":true,"href":"https:\/\/diariodominicano.com\/index.php?rest_route=%2Fwp%2Fv2%2Fcategories&post=218912"},{"taxonomy":"post_tag","embeddable":true,"href":"https:\/\/diariodominicano.com\/index.php?rest_route=%2Fwp%2Fv2%2Ftags&post=218912"}],"curies":[{"name":"wp","href":"https:\/\/api.w.org\/{rel}","templated":true}]}}