{"id":218911,"date":"2016-04-06T15:29:28","date_gmt":"2016-04-06T15:29:28","guid":{"rendered":"http:\/\/diariodominicano.ddns.net\/?p=218911"},"modified":"2016-04-06T15:29:28","modified_gmt":"2016-04-06T15:29:28","slug":"denuncian-inmobiliaria-quiere-aduenarse-de-terrenos-asentado-por-iad","status":"publish","type":"post","link":"https:\/\/diariodominicano.com\/?p=218911","title":{"rendered":"Denuncian inmobiliaria quiere adue\u00f1arse de terrenos asentado por IAD."},"content":{"rendered":"<p><body><\/p>\n<p><img decoding=\"async\" src=\"img3\/IMG-20160403-WA0027.jpg\" \/>  <\/p>\n<p> <span class=\"text1noticias\">Santo Domingo Norte, RD., 6 de abril-  El Bloque Regional Norte de Asociaciones Agrarias, Campesinas y Comunitarias, denunci\u00f3 que la inmobiliaria Gerardino, ampar\u00e1ndose en una supuesta orden del abogado del Estado,  ejecut\u00f3 un desalojo ilegal en terrenos entregado a la entidad por el Instituto Agrario Dominicano (IAD), en el a\u00f1o 2001, ubicado en Villa Mella.<\/span><\/p>\n<\/p>\n<p><span class=\"text1noticias\">La denuncia la hizo el doctor Mauricio M\u00e9ndez Ram\u00edrez, en representaci\u00f3n de la entidad, quien inform\u00f3 que el IAD entrego 146 tareas en la parcela 50, para ser distribuida a los miembros del Bloque en solares de 200 metros cuadrados y que ahora, 15 a\u00f1os despu\u00e9s, la inmobiliaria Gerardino quiere adue\u00f1arse de los terrenos utilizando la fuerza y el poder econ\u00f3mico.<\/span><\/p>\n<\/p>\n<p><span class=\"text1noticias\">\u00a8Los Gerardinos han utilizado el poder, a un fiscal del Sabana Perdida, que no es competencia para manejar estos terrenos, porque no es competente, porque aqu\u00ed no hay un t\u00edtulo definitivo, ni lo tenemos nosotros, pero tampoco lo tienen ellos, ahora nosotros tenemos un t\u00edtulo mejor, porque no lo entreg\u00f3 el propietario, que si lo tiene el definitivo, que es el IAD\u00a8, expres\u00f3 el representante del Bloque.<\/span><\/p>\n<\/p>\n<p><span class=\"text1noticias\">Informo que en los terrenos se presentaron un grupo de hombres armados junto a un abogado de la inmobiliaria Gerardino acompa\u00f1ado del fiscal de Sabana Perdida, destruyeron decenas de viviendas y amenazaron a sus due\u00f1os para que abandonen la parcela.    <\/span><\/p>\n<p><span class=\"text1noticias\"> <\/span><\/p>\n<p><span class=\"text1noticias\">\u00a8Si aqu\u00ed aparece una persona muerta, es culpable el abogado Rivas, el Fiscal de Sabana Perdida, (el aguacil Alc\u00e1ntara), que no es competente, el hecho es que este es un proceso que debe manejarse por el abogado del Estado y el IAD \u00a8, M\u00e9ndez aclar\u00f3, que la fiscal\u00eda de Sabana Perdida no tiene jurisdicci\u00f3n territorial para intervenir en el conflicto.  <\/span><\/p>\n<\/p>\n<p><span class=\"text1noticias\">Responsabilizan a Santiago Ramos Gerardino, presidente de la inmobiliaria Gerardino, de los da\u00f1os causados en el desalojo, indicando que reciben amenaza de muerte por hombres armados que se presentan en el lugar para intimidar a los miembros del Bloque.<\/span><\/p>\n<\/p>\n<p><span class=\"text1noticias\">\u00a8Si los Gerardinos tuvieran un tipo de raz\u00f3n, ellos mutilaron el debido proceso y eso es penal, eso es penado, lo mutilaron, hicieron la cosa de noche aqu\u00ed, un s\u00e1bado a las cuatro de la ma\u00f1ana, con un grupo de delincuentes y hasta preso cayeron\u00a8, indicando que estos se hicieron acompa\u00f1ar por militares de puesto en Sabana Perdida, sin contar con la anuencia de la comandancia de Villa Mella.<\/span><\/p>\n<\/p>\n<p><span class=\"text1noticias\">La parcela en conflicto es la No. 50 del Distrito Catastral  No. 26 del Distrito Nacional, secci\u00f3n Dajao. Santo Domingo Norte, la cual es propiedad del Instituto Agrario Dominicano (IAD), bajo Certificado de Titulo No. 71-4382, expedido por el Registrador de T\u00edtulos del Distrito Nacional a favor del IAD.<\/span><\/p>\n<\/p>\n<p><span class=\"text1noticias\">De acuerdo a la comunicaci\u00f3n 385 de fecha 22 de Enero del 2004 del Instituto Agrario Dominicano, esta autoriza al Bloque Regional Norte de Asociaciones Agrarias, Campesinas y Comunitarias a trav\u00e9s del Plan Social de Solares del IAD, a distribuir la parcela en solares de 200 metros cuadrados, el reparto est\u00e1 fundamentado en la falta de vocaci\u00f3n agr\u00edcolas de los terrenos.<\/span><\/p>\n<\/p>\n<p><span class=\"text1noticias\">Los terrenos est\u00e1n ubicado en la carretera Villa Mella La Victoria, en el residencial Sagrario D\u00edaz, en el desalojo fueron destruidas por completo decenas de viviendas por lo que sus due\u00f1os se constituir\u00e1n en parte civil para demandar a los culpables. <\/span><\/p>\n<\/p>\n<h6> 2016-04-06 15:29:28 <\/h6>\n<p><!--\n<link rel=\"stylesheet\" href=\"css\/bootstrap.min.css\">\n\n\n<ul class=\"pagination\">\n\t    \n\t\n\n<li >\n\t<a href='?page_no=13285'>Previous<\/a>\n\t<\/li>\n\n\n       \n    \n\n<li><a href='?page_no=1'>1<\/a><\/li>\n\n\n\n<li><a href='?page_no=2'>2<\/a><\/li>\n\n\n\n<li><a>...<\/a><\/li>\n\n\n\n<li><a href='?page_no=13284'>13284<\/a><\/li>\n\n\n\n<li><a href='?page_no=13285'>13285<\/a><\/li>\n\n\n\n<li class='active'><a>13286<\/a><\/li>\n\n\n\n<li><a href='?page_no=13287'>13287<\/a><\/li>\n\n\n\n<li><a href='?page_no=13288'>13288<\/a><\/li>\n\n\n\n<li><a>...<\/a><\/li>\n\n\n\n<li><a href='?page_no=56169'>56169<\/a><\/li>\n\n\n\n<li><a href='?page_no=56170'>56170<\/a><\/li>\n\n    \n\t\n\n<li >\n\t<a href='?page_no=13287'>Next<\/a>\n\t<\/li>\n\n\n    \n\n<li><a href='?page_no=56170'>Last &rsaquo;&rsaquo;<\/a><\/li>\n\n<\/ul>\n\n\n--><br \/>\n<\/body><\/p>\n","protected":false},"excerpt":{"rendered":"<p>Santo Domingo Norte, RD., 6 de abril- El Bloque Regional Norte de Asociaciones Agrarias, Campesinas y Comunitarias, denunci\u00f3 que la inmobiliaria Gerardino, ampar\u00e1ndose en una supuesta orden del abogado del Estado, ejecut\u00f3 un desalojo ilegal en terrenos entregado a la entidad por el Instituto Agrario Dominicano (IAD), en el a\u00f1o 2001, ubicado en Villa Mella. [&hellip;]<\/p>\n","protected":false},"author":3,"featured_media":0,"comment_status":"open","ping_status":"open","sticky":false,"template":"","format":"standard","meta":{"footnotes":""},"categories":[20],"tags":[],"class_list":["post-218911","post","type-post","status-publish","format-standard","hentry","category-dominicana-hoy"],"_links":{"self":[{"href":"https:\/\/diariodominicano.com\/index.php?rest_route=\/wp\/v2\/posts\/218911","targetHints":{"allow":["GET"]}}],"collection":[{"href":"https:\/\/diariodominicano.com\/index.php?rest_route=\/wp\/v2\/posts"}],"about":[{"href":"https:\/\/diariodominicano.com\/index.php?rest_route=\/wp\/v2\/types\/post"}],"author":[{"embeddable":true,"href":"https:\/\/diariodominicano.com\/index.php?rest_route=\/wp\/v2\/users\/3"}],"replies":[{"embeddable":true,"href":"https:\/\/diariodominicano.com\/index.php?rest_route=%2Fwp%2Fv2%2Fcomments&post=218911"}],"version-history":[{"count":0,"href":"https:\/\/diariodominicano.com\/index.php?rest_route=\/wp\/v2\/posts\/218911\/revisions"}],"wp:attachment":[{"href":"https:\/\/diariodominicano.com\/index.php?rest_route=%2Fwp%2Fv2%2Fmedia&parent=218911"}],"wp:term":[{"taxonomy":"category","embeddable":true,"href":"https:\/\/diariodominicano.com\/index.php?rest_route=%2Fwp%2Fv2%2Fcategories&post=218911"},{"taxonomy":"post_tag","embeddable":true,"href":"https:\/\/diariodominicano.com\/index.php?rest_route=%2Fwp%2Fv2%2Ftags&post=218911"}],"curies":[{"name":"wp","href":"https:\/\/api.w.org\/{rel}","templated":true}]}}