{"id":218910,"date":"2016-04-06T17:07:41","date_gmt":"2016-04-06T17:07:41","guid":{"rendered":"http:\/\/diariodominicano.ddns.net\/?p=218910"},"modified":"2016-04-06T17:07:41","modified_gmt":"2016-04-06T17:07:41","slug":"pro-consumidor-impacta-militares-sobre-derecho-de-consumo","status":"publish","type":"post","link":"https:\/\/diariodominicano.com\/?p=218910","title":{"rendered":"Pro Consumidor impacta militares sobre Derecho de Consumo"},"content":{"rendered":"<p><body><\/p>\n<p><img decoding=\"async\" src=\"img3\/BRIGADA 2.jpg\" \/>  <\/p>\n<p><span class=\"text1noticias\">Santo Domingo. RD.,6 de abril.-Militares de la Primera Brigada de Infanter\u00eda del Ej\u00e9rcito Nacional<\/span><\/p>\n<p><span class=\"text1noticias\">(ERD), fueron impactados este mi\u00e9rcoles por Pro Consumidor, a trav\u00e9s de la charla \u00abDerechos y Deberes de los Consumidores y Usuarios\u00bb.<\/span><\/p>\n<p><span class=\"text1noticias\"> <\/span><\/p>\n<p><span class=\"text1noticias\">Una centena de militares, pertenecientes al Campamento Militar 16 de agosto, de la Primera Brigada, ubicada en el Kil\u00f3metro 25 de la autopista Duarte, fueron capacitados sobre la importancia de conocer sobre los derechos de los consumidores y la Ley 358-05, de Protecci\u00f3n al Consumidor o Usuario.<\/span><\/p>\n<p><span class=\"text1noticias\"> <\/span><\/p>\n<p><span class=\"text1noticias\">En representaci\u00f3n del general del Ej\u00e9rcito Vicente Mota Medina, jefe de la primera brigada;  el coronel Melvin Guzm\u00e1n Polanco, encargado de Operaciones y Entrenamiento de este Cuerpo Castrense, sirvi\u00f3 de enlace para la materializaci\u00f3n del encuentro educativo y agradeci\u00f3 a  la entidad, que dirige la doctora Anina Del Castillo.<\/span><\/p>\n<p><span class=\"text1noticias\"> <\/span><\/p>\n<p><span class=\"text1noticias\">Dijo que los conocimientos recibidos son muy valiosos para los militares, sosteniendo que se convertir\u00e1n en entes multiplicadores de estos derechos.<\/span><\/p>\n<p><span class=\"text1noticias\"> <\/span><\/p>\n<p><span class=\"text1noticias\">Estas orientaciones fueron impartidas por el Departamento de Educaci\u00f3n de la entidad estatal.<\/span><\/p>\n<p><span class=\"text1noticias\"> <\/span><\/p>\n<p><span class=\"text1noticias\">Durante la capacitaci\u00f3n, los militares recibieron adem\u00e1s orientaciones de c\u00f3mo realizar denuncias y reclamaciones, presentando varios casos donde la entidad defensora de los consumidores tiene competencia y las v\u00edas donde pueden reclamar, contratos de adhesi\u00f3n, etiquetas.<\/span><\/p>\n<p><span class=\"text1noticias\"> <\/span><\/p>\n<p><span class=\"text1noticias\">Tambi\u00e9n de la importancia que tiene los Libros de Reclamaciones en los establecimientos comerciales y el deber de los consumidores de exigirlo, as\u00ed como el documento de garant\u00eda al momento de hacer una transacci\u00f3n comercial.<\/span><\/p>\n<\/p>\n<\/p>\n<h6> 2016-04-06 17:07:41 <\/h6>\n<p><!--\n<link rel=\"stylesheet\" href=\"css\/bootstrap.min.css\">\n\n\n<ul class=\"pagination\">\n\t    \n\t\n\n<li >\n\t<a href='?page_no=13284'>Previous<\/a>\n\t<\/li>\n\n\n       \n    \n\n<li><a href='?page_no=1'>1<\/a><\/li>\n\n\n\n<li><a href='?page_no=2'>2<\/a><\/li>\n\n\n\n<li><a>...<\/a><\/li>\n\n\n\n<li><a href='?page_no=13283'>13283<\/a><\/li>\n\n\n\n<li><a href='?page_no=13284'>13284<\/a><\/li>\n\n\n\n<li class='active'><a>13285<\/a><\/li>\n\n\n\n<li><a href='?page_no=13286'>13286<\/a><\/li>\n\n\n\n<li><a href='?page_no=13287'>13287<\/a><\/li>\n\n\n\n<li><a>...<\/a><\/li>\n\n\n\n<li><a href='?page_no=56169'>56169<\/a><\/li>\n\n\n\n<li><a href='?page_no=56170'>56170<\/a><\/li>\n\n    \n\t\n\n<li >\n\t<a href='?page_no=13286'>Next<\/a>\n\t<\/li>\n\n\n    \n\n<li><a href='?page_no=56170'>Last &rsaquo;&rsaquo;<\/a><\/li>\n\n<\/ul>\n\n\n--><br \/>\n<\/body><\/p>\n","protected":false},"excerpt":{"rendered":"<p>Santo Domingo. RD.,6 de abril.-Militares de la Primera Brigada de Infanter\u00eda del Ej\u00e9rcito Nacional (ERD), fueron impactados este mi\u00e9rcoles por Pro Consumidor, a trav\u00e9s de la charla \u00abDerechos y Deberes de los Consumidores y Usuarios\u00bb. Una centena de militares, pertenecientes al Campamento Militar 16 de agosto, de la Primera Brigada, ubicada en el Kil\u00f3metro 25 [&hellip;]<\/p>\n","protected":false},"author":3,"featured_media":0,"comment_status":"open","ping_status":"open","sticky":false,"template":"","format":"standard","meta":{"footnotes":""},"categories":[20],"tags":[],"class_list":["post-218910","post","type-post","status-publish","format-standard","hentry","category-dominicana-hoy"],"_links":{"self":[{"href":"https:\/\/diariodominicano.com\/index.php?rest_route=\/wp\/v2\/posts\/218910","targetHints":{"allow":["GET"]}}],"collection":[{"href":"https:\/\/diariodominicano.com\/index.php?rest_route=\/wp\/v2\/posts"}],"about":[{"href":"https:\/\/diariodominicano.com\/index.php?rest_route=\/wp\/v2\/types\/post"}],"author":[{"embeddable":true,"href":"https:\/\/diariodominicano.com\/index.php?rest_route=\/wp\/v2\/users\/3"}],"replies":[{"embeddable":true,"href":"https:\/\/diariodominicano.com\/index.php?rest_route=%2Fwp%2Fv2%2Fcomments&post=218910"}],"version-history":[{"count":0,"href":"https:\/\/diariodominicano.com\/index.php?rest_route=\/wp\/v2\/posts\/218910\/revisions"}],"wp:attachment":[{"href":"https:\/\/diariodominicano.com\/index.php?rest_route=%2Fwp%2Fv2%2Fmedia&parent=218910"}],"wp:term":[{"taxonomy":"category","embeddable":true,"href":"https:\/\/diariodominicano.com\/index.php?rest_route=%2Fwp%2Fv2%2Fcategories&post=218910"},{"taxonomy":"post_tag","embeddable":true,"href":"https:\/\/diariodominicano.com\/index.php?rest_route=%2Fwp%2Fv2%2Ftags&post=218910"}],"curies":[{"name":"wp","href":"https:\/\/api.w.org\/{rel}","templated":true}]}}