{"id":218907,"date":"2016-04-07T17:25:18","date_gmt":"2016-04-07T17:25:18","guid":{"rendered":"http:\/\/diariodominicano.ddns.net\/?p=218907"},"modified":"2016-04-07T17:25:18","modified_gmt":"2016-04-07T17:25:18","slug":"establecen-bases-para-dialogo-entre-gobierno-y-el-colegio-medico","status":"publish","type":"post","link":"https:\/\/diariodominicano.com\/?p=218907","title":{"rendered":"Establecen bases para di\u00e1logo entre Gobierno y el Colegio M\u00e9dico"},"content":{"rendered":"<p><body><\/p>\n<p><img decoding=\"async\" src=\"img3\/Presidencia.jpg\" \/>  <\/p>\n<p><span class=\"text1noticias\">Santo Domingo, R. D., 7 de abril.- El ministro de la Presidencia, Gustavo Montalvo, inform\u00f3 que tanto el Gobierno como los representares del Colegio M\u00e9dico Dominicano acordaron hoy realizar el pr\u00f3ximo jueves 14, la reuni\u00f3n que da inicio al di\u00e1logo entre este gremio y el Ejecutivo.<\/span><\/p>\n<p><span class=\"text1noticias\"> <\/span><\/p>\n<p><span class=\"text1noticias\">Montalvo anunci\u00f3 que el encuentro, que contar\u00e1 con la mediaci\u00f3n del padre Jes\u00fas Castro, rector de la Universidad Cat\u00f3lica de Santo Domingo,se realizar\u00e1 en horas de la tarde en el recinto de esa casa de estudios.<\/span><\/p>\n<p><span class=\"text1noticias\"> <\/span><\/p>\n<p><span class=\"text1noticias\">Di\u00e1logo abierto y sincero<\/span><\/p>\n<p><span class=\"text1noticias\"> <\/span><\/p>\n<p><span class=\"text1noticias\">\u00abComo Gobierno vamos a este encuentro con un esp\u00edritu de di\u00e1logo abierto y sincero. Con la misma disposici\u00f3n que hemos tenido durante todo el gobierno con las diferentes organizaciones y sectores del pa\u00eds\u00bb, dijo Montalvo.<\/span><\/p>\n<p><span class=\"text1noticias\"> <\/span><\/p>\n<p><span class=\"text1noticias\">Protocolo de negociaci\u00f3n aprobado por ambas partes<\/span><\/p>\n<p><span class=\"text1noticias\"> <\/span><\/p>\n<p><span class=\"text1noticias\">El ministro de la Presidencia agreg\u00f3 que se ha dise\u00f1ado, con la aprobaci\u00f3n de ambas partes, un protocolo de negociaci\u00f3n en el que se establece que las comisiones de discusi\u00f3n tendr\u00e1n un m\u00e1ximo de 10 representantes.<\/span><\/p>\n<p><span class=\"text1noticias\"> <\/span><\/p>\n<p><span class=\"text1noticias\">Este documento propone, adem\u00e1s, la participaci\u00f3n en estas reuniones, de los doctores Jos\u00e9 Joaqu\u00edn Puello, C\u00e9sar Mella y Julio C\u00e9sar Casta\u00f1os, en calidad de mediadores y testigos. El Ministerio clarific\u00f3 que este punto est\u00e1 sujeto a que los mismos acepten la propuesta.<\/span><\/p>\n<p><span class=\"text1noticias\"> <\/span><\/p>\n<p><span class=\"text1noticias\">Asimismo, de acuerdo al protocolo, ambas partes deber\u00e1n comprometerse a no ofrecer declaraciones p\u00fablicas ni detalles sobre el contenido del di\u00e1logo que puedan entorpecer el mismo.<\/span><\/p>\n<p><span class=\"text1noticias\"> <\/span><\/p>\n<p><span class=\"text1noticias\">Adem\u00e1s, los gremios se comprometen a no adoptar medidas que puedan entenderse como presi\u00f3n durante las conversaciones, tales como paros o movilizaciones.<\/span><\/p>\n<p><span class=\"text1noticias\"> <\/span><\/p>\n<p><span class=\"text1noticias\">El documento tambi\u00e9n dice que se establecer\u00e1n plazos para la implementaci\u00f3n de acuerdos o medidas que decidan adoptar las partes.<\/span><\/p>\n<p><span class=\"text1noticias\"> <\/span><\/p>\n<p><span class=\"text1noticias\">El ministro Montalvo inform\u00f3 que todas estas disposiciones aprobadas por ambas partes han sido tramitadas a trav\u00e9s del mediador oficial, el padre Jes\u00fas Castro, quien en lo adelante ser\u00e1 la persona designada para dar declaraciones, en caso de ser necesario, sobre estas negoc<\/span>iaciones. <\/p>\n<h6> 2016-04-07 17:25:18 <\/h6>\n<p><!--\n<link rel=\"stylesheet\" href=\"css\/bootstrap.min.css\">\n\n\n<ul class=\"pagination\">\n\t    \n\t\n\n<li >\n\t<a href='?page_no=13281'>Previous<\/a>\n\t<\/li>\n\n\n       \n    \n\n<li><a href='?page_no=1'>1<\/a><\/li>\n\n\n\n<li><a href='?page_no=2'>2<\/a><\/li>\n\n\n\n<li><a>...<\/a><\/li>\n\n\n\n<li><a href='?page_no=13280'>13280<\/a><\/li>\n\n\n\n<li><a href='?page_no=13281'>13281<\/a><\/li>\n\n\n\n<li class='active'><a>13282<\/a><\/li>\n\n\n\n<li><a href='?page_no=13283'>13283<\/a><\/li>\n\n\n\n<li><a href='?page_no=13284'>13284<\/a><\/li>\n\n\n\n<li><a>...<\/a><\/li>\n\n\n\n<li><a href='?page_no=56169'>56169<\/a><\/li>\n\n\n\n<li><a href='?page_no=56170'>56170<\/a><\/li>\n\n    \n\t\n\n<li >\n\t<a href='?page_no=13283'>Next<\/a>\n\t<\/li>\n\n\n    \n\n<li><a href='?page_no=56170'>Last &rsaquo;&rsaquo;<\/a><\/li>\n\n<\/ul>\n\n\n--><br \/>\n<\/body><\/p>\n","protected":false},"excerpt":{"rendered":"<p>Santo Domingo, R. D., 7 de abril.- El ministro de la Presidencia, Gustavo Montalvo, inform\u00f3 que tanto el Gobierno como los representares del Colegio M\u00e9dico Dominicano acordaron hoy realizar el pr\u00f3ximo jueves 14, la reuni\u00f3n que da inicio al di\u00e1logo entre este gremio y el Ejecutivo. Montalvo anunci\u00f3 que el encuentro, que contar\u00e1 con la [&hellip;]<\/p>\n","protected":false},"author":3,"featured_media":0,"comment_status":"open","ping_status":"open","sticky":false,"template":"","format":"standard","meta":{"footnotes":""},"categories":[20],"tags":[],"class_list":["post-218907","post","type-post","status-publish","format-standard","hentry","category-dominicana-hoy"],"_links":{"self":[{"href":"https:\/\/diariodominicano.com\/index.php?rest_route=\/wp\/v2\/posts\/218907","targetHints":{"allow":["GET"]}}],"collection":[{"href":"https:\/\/diariodominicano.com\/index.php?rest_route=\/wp\/v2\/posts"}],"about":[{"href":"https:\/\/diariodominicano.com\/index.php?rest_route=\/wp\/v2\/types\/post"}],"author":[{"embeddable":true,"href":"https:\/\/diariodominicano.com\/index.php?rest_route=\/wp\/v2\/users\/3"}],"replies":[{"embeddable":true,"href":"https:\/\/diariodominicano.com\/index.php?rest_route=%2Fwp%2Fv2%2Fcomments&post=218907"}],"version-history":[{"count":0,"href":"https:\/\/diariodominicano.com\/index.php?rest_route=\/wp\/v2\/posts\/218907\/revisions"}],"wp:attachment":[{"href":"https:\/\/diariodominicano.com\/index.php?rest_route=%2Fwp%2Fv2%2Fmedia&parent=218907"}],"wp:term":[{"taxonomy":"category","embeddable":true,"href":"https:\/\/diariodominicano.com\/index.php?rest_route=%2Fwp%2Fv2%2Fcategories&post=218907"},{"taxonomy":"post_tag","embeddable":true,"href":"https:\/\/diariodominicano.com\/index.php?rest_route=%2Fwp%2Fv2%2Ftags&post=218907"}],"curies":[{"name":"wp","href":"https:\/\/api.w.org\/{rel}","templated":true}]}}