{"id":218906,"date":"2016-04-07T17:36:54","date_gmt":"2016-04-07T17:36:54","guid":{"rendered":"http:\/\/diariodominicano.ddns.net\/?p=218906"},"modified":"2016-04-07T17:36:54","modified_gmt":"2016-04-07T17:36:54","slug":"destinan-mas-de-10-mil-500-millones-de-pesos-a-juntas-descentralizadas","status":"publish","type":"post","link":"https:\/\/diariodominicano.com\/?p=218906","title":{"rendered":"Destinan m\u00e1s de 10 mil 500 millones de pesos a Juntas Descentralizadas"},"content":{"rendered":"<p><body><\/p>\n<p><img decoding=\"async\" src=\"img3\/ACM_9519.JPG\" \/><br \/><img decoding=\"async\" src=\"img3\/ACM_9769.JPG\" \/>  <\/p>\n<p><span class=\"text1noticias\">Santo Domingo, R. D., 7 de abril.- El Ministerio de Educaci\u00f3n (MINERD) inform\u00f3 que en lo que va de gesti\u00f3n de gobierno del Presidente Danilo Medina, han sido destinados m\u00e1s de 10 mil 500 millones de pesos a las Juntas Descentralizadas en los centros educativos del pa\u00eds.<\/span><\/p>\n<p><span class=\"text1noticias\"> <\/span><\/p>\n<p><span class=\"text1noticias\">Luis  de Le\u00f3n, viceministro de Descentralizaci\u00f3n Educativa, Explic\u00f3  que  6 mil, 930 centros educativos, de 7 mil 264 registrados hasta el momento, poseen Juntas de Centros Descentralizadas.<\/span><\/p>\n<p><span class=\"text1noticias\"> <\/span><\/p>\n<p><span class=\"text1noticias\">Al  participar en la celebraci\u00f3n  del \u00abD\u00eda Nacional de la  de Descentralizaci\u00f3n Educativa\u00bb,  De Le\u00f3n dijo que 4 mil 776 juntas ya han sido debidamente legalizadas, y que de esas, 772 reciben recursos econ\u00f3micos de manera directa, proceso que ha tenido gran impacto en la Jornada  Escolar de Tanda Extendida (JEE).<\/span><\/p>\n<p><span class=\"text1noticias\"> <\/span><\/p>\n<p><span class=\"text1noticias\">De Le\u00f3n destac\u00f3 que la descentralizaci\u00f3n es un proceso de empoderamiento democr\u00e1tico y que permite resolver necesidades y problemas menores en los planteles escolares.  Las Juntas Descentralizadas fueron instituidas  mediante la Ley 66-97.<\/span><\/p>\n<p><span class=\"text1noticias\"> <\/span><\/p>\n<p><span class=\"text1noticias\">\u00abLa Revoluci\u00f3n Educativa que impulsa el Presidente de la Rep\u00fablica, licenciado Danilo Medina S\u00e1nchez, y que ejecuta el ministro de Educaci\u00f3n, licenciado Carlos Amarante Baret, se constituye en un acto de fe y amor para los ni\u00f1os, ni\u00f1as y adolescentes\u00bb, enfatiz\u00f3.<\/span><\/p>\n<p><span class=\"text1noticias\"> <\/span><\/p>\n<p><span class=\"text1noticias\">En tanto, el director general de la Direcci\u00f3n de Descentralizaci\u00f3n Educativa, Silverio Gonz\u00e1lez Camacho, dijo que \u00ablas celebraciones para esta fecha tan importante no s\u00f3lo  se realizan en la capital, sino en  los distritos y en las  escuelas del pa\u00eds\u00bb.<\/span><\/p>\n<p><span class=\"text1noticias\"> <\/span><\/p>\n<p><span class=\"text1noticias\">Sostuvo que con la realizaci\u00f3n de esas  actividades el MINERD inicia  \u00ablas fiestas de la Descentralizaci\u00f3n Educativa en la Rep\u00fablica Dominicana\u00bb por lo que enfatiz\u00f3 que existen muchos motivos para celebrar.   <\/span><\/p>\n<p><span class=\"text1noticias\"> <\/span><\/p>\n<p><span class=\"text1noticias\">Para celebrar esta fecha el Ministerio de Educaci\u00f3n realiz\u00f3 un izamiento especial de la Bandera Nacional,  a las 8:00 de la ma\u00f1ana, en la explanada frontal del Ministerio de Educaci\u00f3n; a las 10:00, una misa en la Catedral Primada de Am\u00e9rica, oficiada por el sacerdote Carlos Pe\u00f1a, y a las 11:00 de la ma\u00f1ana una ofrenda floral en el Altar de la Patria.<\/span><\/p>\n<p><span class=\"text1noticias\"> <\/span><\/p>\n<p><span class=\"text1noticias\">En el acto estuvieron presentes el asesor en asuntos de descentralizaci\u00f3n, licenciado Alexis Fradera, la subdirectora de Descentralizaci\u00f3n Educativa, licenciada Dorotea  Guerrero, el director de la C\u00e1tedra Extracurricular en la Universidad Aut\u00f3noma de Santo Domingo (UASD), profesor Jorge Santana, adem\u00e1s de directores y subdirectores de las Juntas Descentralizadas, y estudiantes del Instituto Salom<\/span>\u00e9 Ure\u00f1a.<\/p>\n<h6> 2016-04-07 17:36:54 <\/h6>\n<p><!--\n<link rel=\"stylesheet\" href=\"css\/bootstrap.min.css\">\n\n\n<ul class=\"pagination\">\n\t    \n\t\n\n<li >\n\t<a href='?page_no=13280'>Previous<\/a>\n\t<\/li>\n\n\n       \n    \n\n<li><a href='?page_no=1'>1<\/a><\/li>\n\n\n\n<li><a href='?page_no=2'>2<\/a><\/li>\n\n\n\n<li><a>...<\/a><\/li>\n\n\n\n<li><a href='?page_no=13279'>13279<\/a><\/li>\n\n\n\n<li><a href='?page_no=13280'>13280<\/a><\/li>\n\n\n\n<li class='active'><a>13281<\/a><\/li>\n\n\n\n<li><a href='?page_no=13282'>13282<\/a><\/li>\n\n\n\n<li><a href='?page_no=13283'>13283<\/a><\/li>\n\n\n\n<li><a>...<\/a><\/li>\n\n\n\n<li><a href='?page_no=56169'>56169<\/a><\/li>\n\n\n\n<li><a href='?page_no=56170'>56170<\/a><\/li>\n\n    \n\t\n\n<li >\n\t<a href='?page_no=13282'>Next<\/a>\n\t<\/li>\n\n\n    \n\n<li><a href='?page_no=56170'>Last &rsaquo;&rsaquo;<\/a><\/li>\n\n<\/ul>\n\n\n--><br \/>\n<\/body><\/p>\n","protected":false},"excerpt":{"rendered":"<p>Santo Domingo, R. D., 7 de abril.- El Ministerio de Educaci\u00f3n (MINERD) inform\u00f3 que en lo que va de gesti\u00f3n de gobierno del Presidente Danilo Medina, han sido destinados m\u00e1s de 10 mil 500 millones de pesos a las Juntas Descentralizadas en los centros educativos del pa\u00eds. Luis de Le\u00f3n, viceministro de Descentralizaci\u00f3n Educativa, Explic\u00f3 [&hellip;]<\/p>\n","protected":false},"author":3,"featured_media":0,"comment_status":"open","ping_status":"open","sticky":false,"template":"","format":"standard","meta":{"footnotes":""},"categories":[20],"tags":[],"class_list":["post-218906","post","type-post","status-publish","format-standard","hentry","category-dominicana-hoy"],"_links":{"self":[{"href":"https:\/\/diariodominicano.com\/index.php?rest_route=\/wp\/v2\/posts\/218906","targetHints":{"allow":["GET"]}}],"collection":[{"href":"https:\/\/diariodominicano.com\/index.php?rest_route=\/wp\/v2\/posts"}],"about":[{"href":"https:\/\/diariodominicano.com\/index.php?rest_route=\/wp\/v2\/types\/post"}],"author":[{"embeddable":true,"href":"https:\/\/diariodominicano.com\/index.php?rest_route=\/wp\/v2\/users\/3"}],"replies":[{"embeddable":true,"href":"https:\/\/diariodominicano.com\/index.php?rest_route=%2Fwp%2Fv2%2Fcomments&post=218906"}],"version-history":[{"count":0,"href":"https:\/\/diariodominicano.com\/index.php?rest_route=\/wp\/v2\/posts\/218906\/revisions"}],"wp:attachment":[{"href":"https:\/\/diariodominicano.com\/index.php?rest_route=%2Fwp%2Fv2%2Fmedia&parent=218906"}],"wp:term":[{"taxonomy":"category","embeddable":true,"href":"https:\/\/diariodominicano.com\/index.php?rest_route=%2Fwp%2Fv2%2Fcategories&post=218906"},{"taxonomy":"post_tag","embeddable":true,"href":"https:\/\/diariodominicano.com\/index.php?rest_route=%2Fwp%2Fv2%2Ftags&post=218906"}],"curies":[{"name":"wp","href":"https:\/\/api.w.org\/{rel}","templated":true}]}}