{"id":218905,"date":"2016-04-07T17:56:06","date_gmt":"2016-04-07T17:56:06","guid":{"rendered":"http:\/\/diariodominicano.ddns.net\/?p=218905"},"modified":"2016-04-07T17:56:06","modified_gmt":"2016-04-07T17:56:06","slug":"mas-de-dos-mil-500-familias-de-azua-reciben-titulos-definitivos","status":"publish","type":"post","link":"https:\/\/diariodominicano.com\/?p=218905","title":{"rendered":"M\u00e1s de dos mil 500 familias de Azua reciben t\u00edtulos definitivos"},"content":{"rendered":"<p><body><\/p>\n<p><img decoding=\"async\" src=\"img3\/IAD.jpg\" \/><br \/><img decoding=\"async\" src=\"img3\/IAD1.jpg\" \/>  <\/p>\n<p><span class=\"text1noticias\">Sabana Yegua, Azua, R. D., 7 de abril.- El Presidente Danilo Medina entreg\u00f3 un total de 2 mil 559 t\u00edtulos definitivos de parcelas y solares a familias de las comunidades D-1 Ganadero, Proyecto 4, El Rosario y La Ci\u00e9naga.<\/span><\/p>\n<p><span class=\"text1noticias\"> <\/span><\/p>\n<p><span class=\"text1noticias\">Los t\u00edtulos de parcelas y solares que fueron entregados a trav\u00e9s del Instituto Agrario Dominicano (IAD) y la Comisi\u00f3n Permanente de Titulaci\u00f3n de Terrenos del Estado abarcan una extensi\u00f3n de 2 millones 719 mil 872.85 metros cuadrados, beneficiando alrededor de 14 mil personas. <\/span><\/p>\n<p><span class=\"text1noticias\"> <\/span><\/p>\n<p><span class=\"text1noticias\">M\u00e1s de 10 mil t\u00edtulos entregados<\/span><\/p>\n<p><span class=\"text1noticias\">Emilio Toribio Olivo, director del IAD dijo que con esta entrega el gobierno cumple con la meta propuesta en el Plan Nacional de Titulaci\u00f3n de entregar m\u00e1s de 10 mil t\u00edtulos definitivos en una primera etapa.<\/span><\/p>\n<p><span class=\"text1noticias\"> <\/span><\/p>\n<p><span class=\"text1noticias\">\u00abRecientemente entregamos 7 mil 434 t\u00edtulos definitivos en las provincias Peravia, Duarte y Mar\u00eda Trinidad S\u00e1nchez y hoy completamos aqu\u00ed  la meta que nos propusimos\u00bb, indic\u00f3 el funcionario.<\/span><\/p>\n<p><span class=\"text1noticias\"> <\/span><\/p>\n<p><span class=\"text1noticias\">Revoluci\u00f3n en el campo<\/span><\/p>\n<p><span class=\"text1noticias\">Agreg\u00f3 Toribio Olivo que s\u00f3lo la firme voluntad del presidente Medina ha permitido poner en marcha una verdadera revoluci\u00f3n agraria, sustentada en pilares fundamentales como la seguridad jur\u00eddica, el aumento del valor de las tierras, el acceso al cr\u00e9dito, aumento en la producci\u00f3n y mayor nivel de competitividad.<\/span><\/p>\n<p><span class=\"text1noticias\"> <\/span><\/p>\n<p><span class=\"text1noticias\">Dijo que el Gobierno ha ido avanzando en la ejecuci\u00f3n de un plan de titulaci\u00f3n definitiva acorde con las aspiraciones de los productores, un formidable programa de desarrollo agropecuario, obras de infraestructura social, vial y de apoyo a la producci\u00f3n.<\/span><\/p>\n<p><span class=\"text1noticias\">Puntualiz\u00f3 que a esto se agrega el financiamiento para maquinarias y equipos, insumos agr\u00edcolas, reales y visibles que no se pueden ocultar, y que queda mucho por crecer y mucho por conquistar.<\/span><\/p>\n<p><span class=\"text1noticias\"> <\/span><\/p>\n<p><span class=\"text1noticias\">Llama a no vender los terrenos <\/span><\/p>\n<p><span class=\"text1noticias\">Exhort\u00f3 a los beneficiarios a que no vendan sus terrenos, porque, si lo hacen, en poco tiempo se quedar\u00e1n sin dinero y sin terrenos; hoy tienen mucho m\u00e1s valor con la decisi\u00f3n del se\u00f1or presidente de la Rep\u00fablica, quien trabaja sin descanso para liberarlos del atraso, la miseria y la desigualdad social.<\/span><\/p>\n<p><span class=\"text1noticias\"> <\/span><\/p>\n<p><span class=\"text1noticias\">El Instituto Agrario Dominicano en coordinaci\u00f3n con la Comisi\u00f3n Permanente de Titulaci\u00f3n de Terrenos del Estado contin\u00faa trabajando con el objetivo de cumplir con la meta de titulaci\u00f3n que se ha propuesto el Presidente Danilo Medina.<\/span><\/p>\n<p><span class=\"text1noticias\"> <\/span><\/p>\n<p><span class=\"text1noticias\">Productores agradecidos<\/span><\/p>\n<p><span class=\"text1noticias\">Enrique Ram\u00edrez de la Asociaci\u00f3n San Isidro de Finca I agradeci\u00f3 al Presidente Danilo Medina por la entrega del t\u00edtulo definitivo que tanto esperaba.<\/span><\/p>\n<p><span class=\"text1noticias\"> <\/span><\/p>\n<p><span class=\"text1noticias\">\u00abGracias se\u00f1or Presidente, por fin se cumplieron los deseos de mucha gente que los estaban esperando\u00bb dijo Enrique Ram\u00edrez.<\/span><\/p>\n<p><span class=\"text1noticias\"> <\/span><\/p>\n<p><span class=\"text1noticias\">Mientras que Yakaira Gonz\u00e1lez  quien habl\u00f3 en nombre de los beneficiarios de solares del proyecto habitacional D-1 Ganadero dijo que el Presidente Medina \u00abha sido instrumento divino para que los padres de familias que ten\u00edamos ocupado terrenos del Estado por m\u00e1s de 50, 40, 30 a\u00f1os obtuvieran sus t\u00edtulos\u00bb.<\/span><\/p>\n<p><span class=\"text1noticias\"> <\/span><\/p>\n<p><span class=\"text1noticias\">Entre los asistentes al acto estuvieron los ministros Administrativo de la Presidencia, Jos\u00e9 Ram\u00f3n Peralta; de Agricultura, \u00c1ngel Est\u00e9vez; el gobernador provincial, Luis Vargas; el senador, Rafael Calder\u00f3n; el Alcalde de Azua, Rafael Hidalgo; el vicepresidente ejecutivo de la Junta Agroempresarial Dominicana, Osmar Ben\u00edtez.<\/span><\/p>\n<p><span class=\"text1noticias\"> <\/span><\/p>\n<p><span class=\"text1noticias\">Tambi\u00e9n el diputado Ruddy Gonz\u00e1lez y los asistentes del presidente Danilo Medina, Carlos Pared P\u00e9rez y Robert De <\/span>la Cruz.<\/p>\n<h6> 2016-04-07 17:56:06 <\/h6>\n<p><!--\n<link rel=\"stylesheet\" href=\"css\/bootstrap.min.css\">\n\n\n<ul class=\"pagination\">\n\t    \n\t\n\n<li >\n\t<a href='?page_no=13279'>Previous<\/a>\n\t<\/li>\n\n\n       \n    \n\n<li><a href='?page_no=1'>1<\/a><\/li>\n\n\n\n<li><a href='?page_no=2'>2<\/a><\/li>\n\n\n\n<li><a>...<\/a><\/li>\n\n\n\n<li><a href='?page_no=13278'>13278<\/a><\/li>\n\n\n\n<li><a href='?page_no=13279'>13279<\/a><\/li>\n\n\n\n<li class='active'><a>13280<\/a><\/li>\n\n\n\n<li><a href='?page_no=13281'>13281<\/a><\/li>\n\n\n\n<li><a href='?page_no=13282'>13282<\/a><\/li>\n\n\n\n<li><a>...<\/a><\/li>\n\n\n\n<li><a href='?page_no=56169'>56169<\/a><\/li>\n\n\n\n<li><a href='?page_no=56170'>56170<\/a><\/li>\n\n    \n\t\n\n<li >\n\t<a href='?page_no=13281'>Next<\/a>\n\t<\/li>\n\n\n    \n\n<li><a href='?page_no=56170'>Last &rsaquo;&rsaquo;<\/a><\/li>\n\n<\/ul>\n\n\n--><br \/>\n<\/body><\/p>\n","protected":false},"excerpt":{"rendered":"<p>Sabana Yegua, Azua, R. D., 7 de abril.- El Presidente Danilo Medina entreg\u00f3 un total de 2 mil 559 t\u00edtulos definitivos de parcelas y solares a familias de las comunidades D-1 Ganadero, Proyecto 4, El Rosario y La Ci\u00e9naga. Los t\u00edtulos de parcelas y solares que fueron entregados a trav\u00e9s del Instituto Agrario Dominicano (IAD) [&hellip;]<\/p>\n","protected":false},"author":3,"featured_media":0,"comment_status":"open","ping_status":"open","sticky":false,"template":"","format":"standard","meta":{"footnotes":""},"categories":[20],"tags":[],"class_list":["post-218905","post","type-post","status-publish","format-standard","hentry","category-dominicana-hoy"],"_links":{"self":[{"href":"https:\/\/diariodominicano.com\/index.php?rest_route=\/wp\/v2\/posts\/218905","targetHints":{"allow":["GET"]}}],"collection":[{"href":"https:\/\/diariodominicano.com\/index.php?rest_route=\/wp\/v2\/posts"}],"about":[{"href":"https:\/\/diariodominicano.com\/index.php?rest_route=\/wp\/v2\/types\/post"}],"author":[{"embeddable":true,"href":"https:\/\/diariodominicano.com\/index.php?rest_route=\/wp\/v2\/users\/3"}],"replies":[{"embeddable":true,"href":"https:\/\/diariodominicano.com\/index.php?rest_route=%2Fwp%2Fv2%2Fcomments&post=218905"}],"version-history":[{"count":0,"href":"https:\/\/diariodominicano.com\/index.php?rest_route=\/wp\/v2\/posts\/218905\/revisions"}],"wp:attachment":[{"href":"https:\/\/diariodominicano.com\/index.php?rest_route=%2Fwp%2Fv2%2Fmedia&parent=218905"}],"wp:term":[{"taxonomy":"category","embeddable":true,"href":"https:\/\/diariodominicano.com\/index.php?rest_route=%2Fwp%2Fv2%2Fcategories&post=218905"},{"taxonomy":"post_tag","embeddable":true,"href":"https:\/\/diariodominicano.com\/index.php?rest_route=%2Fwp%2Fv2%2Ftags&post=218905"}],"curies":[{"name":"wp","href":"https:\/\/api.w.org\/{rel}","templated":true}]}}