{"id":218903,"date":"2016-04-07T21:18:02","date_gmt":"2016-04-07T21:18:02","guid":{"rendered":"http:\/\/diariodominicano.ddns.net\/?p=218903"},"modified":"2016-04-07T21:18:02","modified_gmt":"2016-04-07T21:18:02","slug":"asumen-compromiso-conjunto-para-elevar-la-eficiencia-en-la-ensenanza","status":"publish","type":"post","link":"https:\/\/diariodominicano.com\/?p=218903","title":{"rendered":"&#13;Asumen compromiso conjunto para elevar la eficiencia en la ense\u00f1anza"},"content":{"rendered":"<p><body><\/p>\n<p><img decoding=\"async\" src=\"img3\/003 (3).jpg\" \/>  <\/p>\n<p><strong><span class=\"text1noticias\"> <\/span><\/strong><\/p>\n<p><strong><span class=\"text1noticias\">SANTO DOMINGO, RD, 7 de Abril de 2016.-<\/span><\/strong><span class=\"text1noticias\"> Ante cientos de maestros y maestras que abarrotaron un sal\u00f3n del Hotel Crown Plaza, el Presidente Danilo Medina, en su calidad de candidato presidencial del Partido de la Liberaci\u00f3n Dominicana (PLD)  y aliados,  reflexion\u00f3 con ellos para luego de las conquistas de la gesti\u00f3n en curso en el sistema educativo,  trabajar de manera conjunta con el profesorado  para elevar la eficiencia en la ense\u00f1anza.<\/span><\/p>\n<p><span class=\"text1noticias\"> <\/span><\/p>\n<p><span class=\"text1noticias\">En las palabras centrales del acto del  Frente de Profesores y Trabajadores de la Educaci\u00f3n de apoyo a su candidatura,  Danilo Medina inform\u00f3 de los avances del programa de gobierno que se presentar\u00e1 al electorado en el que se incluyen nuevas conquistas para el magisterio nacional<\/span><\/p>\n<p><span class=\"text1noticias\"> <\/span><\/p>\n<p><span class=\"text1noticias\">\u00abSin ustedes no es posible tener educaci\u00f3n de calidad\u00bb declar\u00f3 Danilo Medina adelantando los objetivos para el sistema educativo en el pr\u00f3ximo periodo de gobierno.<\/span><\/p>\n<p><span class=\"text1noticias\"> <\/span><\/p>\n<p><span class=\"text1noticias\">Refiri\u00f3 a los maestros y maestras presentes,  que en un encuentro similar en la campa\u00f1a pasada hizo una serie de compromisos, que cumpli\u00f3 cabalmente: \u00abRecuerdo cuando nos juntamos. Todo lo que dijimos que \u00edbamos a hacer, lo hice. Me pas\u00e9.\u00bb<\/span><\/p>\n<\/p>\n<p><span class=\"text1noticias\">Al citar el programa Rep\u00fablica Digital, que present\u00f3 el martes  en un acto masivo con j\u00f3venes en la Arena del Cibao en Santiago de los Caballeros,  invit\u00f3 a maestros y maestras a \u00abponerse las pilas,  porque los estudiantes son de la Era Digital, y nosotros no\u00bb.<\/span><\/p>\n<p><span class=\"text1noticias\"> <\/span><\/p>\n<p><span class=\"text1noticias\">En ese orden inform\u00f3 que este  a\u00f1o se entregar\u00e1n diez mil computadoras m\u00e1s. A partir del a\u00f1o que viene, \u00abvamos por 80 mil. Que no haya un profesor que no tenga su computadora\u00bb apunt\u00f3 Danilo Medina al precisar al auditorio del gran paso que se dar\u00e1 con la Republica Digital.<\/span><\/p>\n<p><span class=\"text1noticias\"> <\/span><\/p>\n<p><span class=\"text1noticias\">Luego de abordar el tema educativo Danilo Medina hizo un aparte para invitar a los profesores y profesoras  a arreciar el trabajo  en el tiempo que falta de campa\u00f1a   con la finalidad de que el pueblo dominicano pueda  disfrutar de cuatro a\u00f1os m\u00e1s de felicidad.<\/span><\/p>\n<p><span class=\"text1noticias\"> <\/span><\/p>\n<p><span class=\"text1noticias\">\u00abQuisiera que este equipo aplique en la campa\u00f1a lo que hace en la labor magisterial\u00bb apunt\u00f3 el candidato presidencial del PLD y agrupaciones aliadas invitando a sumarse al Plan Electoral que ejecuta el partido morado v\u00eda la Direcci\u00f3n Electoral del Comit\u00e9 Nacional de Campa\u00f1a<\/span><\/p>\n<p><span class=\"text1noticias\"> <\/span><\/p>\n<p><span class=\"text1noticias\">\u00abLo que necesitamos es la entrega en el trabajo electoral para el 15 de mayo\u00bb argument\u00f3 Danilo Medina repitiendo las motivaciones que hiciera en el acto del movimiento Amigos de Temo con Danilo, realizado minutos antes <\/span><\/p>\n<p><span class=\"text1noticias\"> <\/span><\/p>\n<p><span class=\"text1noticias\">Repiti\u00f3 que est\u00e1 en una posici\u00f3n c\u00f3moda que tiene con m\u00e1s de 35 puntos porcentuales por encima de su competidor, pero, agreg\u00f3 esas simpat\u00edas tienen llevarse a las urnas.<\/span><\/p>\n<p><span class=\"text1noticias\"> <\/span><\/p>\n<p><span class=\"text1noticias\">Al destacar  que las  elecciones se dividen en las  fases de campa\u00f1a y la  de votaci\u00f3n, signific\u00f3  que las elecciones se ganan el d\u00eda de las votaciones y que para ello se debe trabajar.<\/span><\/p>\n<p><span class=\"text1noticias\"> <\/span><\/p>\n<p><span class=\"text1noticias\"> Dijo que el prop\u00f3sito radica en obtener una victoria hist\u00f3rica, en t\u00e9rminos de votos alcanzados por una candidatura presidencial  el mismo 15 de mayo.<\/span><\/p>\n<p><span class=\"text1noticias\"> <\/span><\/p>\n<p><span class=\"text1noticias\">Antes del Presidente Danilo Medina hizo uso de la palabra Radham\u00e9s Camacho, legislador al igual que Eduardo Hidalgo, presidente de la ADP, presente en el acto.<\/span><\/p>\n<p><span class=\"text1noticias\"> <\/span><\/p>\n<p><span class=\"text1noticias\"><strong>El juramento a los integrantes del frente magisterial lo hizo el propio Danilo Medina.<\/strong><\/span><\/p>\n<p><span class=\"text1noticias\"> <\/span><\/p>\n<p><span class=\"text1noticias\">Radham\u00e9s Camacho al hablar en la actividad  indic\u00f3 que los educadores juramentados  intensificar\u00e1n su trabajo para que la victoria electoral sea de alrededor del 70 por ciento.<\/span><\/p>\n<p><span class=\"text1noticias\"> <\/span><\/p>\n<p><span class=\"text1noticias\">Indic\u00f3 que la revoluci\u00f3n educativa desarrollada por el presidente Danilo Medina ser\u00e1 profundizada en los pr\u00f3ximos cuatro a\u00f1os,  raz\u00f3n por la cual estos miles de profesores de todo el pa\u00eds  buscar\u00e1n los votos \u00abhasta por debajo de las piedras\u00bb, usando as\u00ed la expresi\u00f3n que viene usando el candidato presidencial Danilo Medina. <\/span><\/p>\n<\/p>\n<h6> 2016-04-07 21:18:02 <\/h6>\n<p><!--\n<link rel=\"stylesheet\" href=\"css\/bootstrap.min.css\">\n\n\n<ul class=\"pagination\">\n\t    \n\t\n\n<li >\n\t<a href='?page_no=13278'>Previous<\/a>\n\t<\/li>\n\n\n       \n    \n\n<li><a href='?page_no=1'>1<\/a><\/li>\n\n\n\n<li><a href='?page_no=2'>2<\/a><\/li>\n\n\n\n<li><a>...<\/a><\/li>\n\n\n\n<li><a href='?page_no=13277'>13277<\/a><\/li>\n\n\n\n<li><a href='?page_no=13278'>13278<\/a><\/li>\n\n\n\n<li class='active'><a>13279<\/a><\/li>\n\n\n\n<li><a href='?page_no=13280'>13280<\/a><\/li>\n\n\n\n<li><a href='?page_no=13281'>13281<\/a><\/li>\n\n\n\n<li><a>...<\/a><\/li>\n\n\n\n<li><a href='?page_no=56169'>56169<\/a><\/li>\n\n\n\n<li><a href='?page_no=56170'>56170<\/a><\/li>\n\n    \n\t\n\n<li >\n\t<a href='?page_no=13280'>Next<\/a>\n\t<\/li>\n\n\n    \n\n<li><a href='?page_no=56170'>Last &rsaquo;&rsaquo;<\/a><\/li>\n\n<\/ul>\n\n\n--><br \/>\n<\/body><\/p>\n","protected":false},"excerpt":{"rendered":"<p>SANTO DOMINGO, RD, 7 de Abril de 2016.- Ante cientos de maestros y maestras que abarrotaron un sal\u00f3n del Hotel Crown Plaza, el Presidente Danilo Medina, en su calidad de candidato presidencial del Partido de la Liberaci\u00f3n Dominicana (PLD) y aliados, reflexion\u00f3 con ellos para luego de las conquistas de la gesti\u00f3n en curso en [&hellip;]<\/p>\n","protected":false},"author":3,"featured_media":0,"comment_status":"open","ping_status":"open","sticky":false,"template":"","format":"standard","meta":{"footnotes":""},"categories":[20],"tags":[],"class_list":["post-218903","post","type-post","status-publish","format-standard","hentry","category-dominicana-hoy"],"_links":{"self":[{"href":"https:\/\/diariodominicano.com\/index.php?rest_route=\/wp\/v2\/posts\/218903","targetHints":{"allow":["GET"]}}],"collection":[{"href":"https:\/\/diariodominicano.com\/index.php?rest_route=\/wp\/v2\/posts"}],"about":[{"href":"https:\/\/diariodominicano.com\/index.php?rest_route=\/wp\/v2\/types\/post"}],"author":[{"embeddable":true,"href":"https:\/\/diariodominicano.com\/index.php?rest_route=\/wp\/v2\/users\/3"}],"replies":[{"embeddable":true,"href":"https:\/\/diariodominicano.com\/index.php?rest_route=%2Fwp%2Fv2%2Fcomments&post=218903"}],"version-history":[{"count":0,"href":"https:\/\/diariodominicano.com\/index.php?rest_route=\/wp\/v2\/posts\/218903\/revisions"}],"wp:attachment":[{"href":"https:\/\/diariodominicano.com\/index.php?rest_route=%2Fwp%2Fv2%2Fmedia&parent=218903"}],"wp:term":[{"taxonomy":"category","embeddable":true,"href":"https:\/\/diariodominicano.com\/index.php?rest_route=%2Fwp%2Fv2%2Fcategories&post=218903"},{"taxonomy":"post_tag","embeddable":true,"href":"https:\/\/diariodominicano.com\/index.php?rest_route=%2Fwp%2Fv2%2Ftags&post=218903"}],"curies":[{"name":"wp","href":"https:\/\/api.w.org\/{rel}","templated":true}]}}