{"id":218901,"date":"2016-04-08T11:03:50","date_gmt":"2016-04-08T11:03:50","guid":{"rendered":"http:\/\/diariodominicano.ddns.net\/?p=218901"},"modified":"2016-04-08T11:03:50","modified_gmt":"2016-04-08T11:03:50","slug":"principales-problemas-de-salud-en-rd-son-menos-investigados","status":"publish","type":"post","link":"https:\/\/diariodominicano.com\/?p=218901","title":{"rendered":"Principales problemas de salud en RD son menos investigados"},"content":{"rendered":"<p><body><\/p>\n<p><img decoding=\"async\" src=\"img3\/Intec02.jpg\" \/>  <\/p>\n<\/p>\n<\/p>\n<p>Un estudio del INTEC revela que las farmac\u00e9uticas internacionales lideran esa actividad en el pa\u00eds y plantea la necesidad de elaborar una agenda nacional de investigaci\u00f3n, con asignaci\u00f3n de recursos<\/p>\n<\/p>\n<p><strong>SANTO DOMINGO, 8 de Abril de 2016.-<\/strong> Los temas m\u00e1s investigados del sector Salud en Rep\u00fablica Dominicana en a\u00f1os recientes no se corresponden con los principales problemas de salud que afectan a la poblaci\u00f3n, revela una investigaci\u00f3n del Centro de Bio\u00e9tica del \u00c1rea de Ciencias de la Salud del Instituto Tecnol\u00f3gico de Santo Domingo (INTEC).<\/p>\n<p>El informe \u00abBrechas de Investigaci\u00f3n en Salud en la Rep\u00fablica Dominicana: un an\u00e1lisis de los estudios implementados durante el periodo 2009-2013\u00bb de los investigadores Julio Canario, Jefrey Lizardo, Roberto Espinal y Manuel Colom\u00e9, sostiene que durante esos cinco a\u00f1os menos del 2% de los proyectos trataron sobre las primeras cuatro causas de A\u00f1os de Vida Ajustados en funci\u00f3n de la Discapacidad (AVAD) en el pa\u00eds, que son: las complicaciones del nacimiento, la enfermedad isqu\u00e9mica de coraz\u00f3n, los accidentes de tr\u00e1nsito, y los accidentes cerebro-vasculares.<\/p>\n<p>\u00abEstos quedan relegados en materia de investigaci\u00f3n\u00bb, seg\u00fan explica Canario, profesor de la maestr\u00eda de Bio\u00e9tica del INTEC y miembro del Centro de Bio\u00e9tica del INTEC.<\/p>\n<p>AVAD es una medida compuesta que calcula cu\u00e1ntos a\u00f1os de vida pierde una persona que muere de forma prematura debido a enfermedad y cu\u00e1ntos a\u00f1os de vida pierde por vivir con una calidad de vida inferior a la \u00f3ptima.<\/p>\n<p>La investigaci\u00f3n detalla que el VIH\/SIDA, que causa el 0.83% de AVAD en mujeres y 1.29% en los hombres, es el tema m\u00e1s investigado en el pa\u00eds representando al 22% de las \u00e1reas investigadas, en tanto que las infecciones de v\u00edas respiratorias causantes del 3% de AVAD en mujeres y hombres se ubican como el segundo tema m\u00e1s investigado (4%).<\/p>\n<p>\u00abEl aspecto m\u00e1s importante mostrado en este estudio es que los proyectos llevados a cabo en el pa\u00eds en los \u00faltimos a\u00f1os no representan el inter\u00e9s nacional directo en t\u00e9rminos de control y prevenci\u00f3n de enfermedades\u00bb, puntualiza el informe de investigaci\u00f3n.<\/p>\n<p>Los hallazgos indican adem\u00e1s que de 313 investigaciones identificadas en Rep\u00fablica Dominicana durante el per\u00edodo 2009-2013 se encontr\u00f3 que un 56% fueron financiadas por empresas farmac\u00e9uticas internacionales (198 ensayos cl\u00ednicos y 113 estudios observacionales).<\/p>\n<p>A juicio de los investigadores, el aumento en la implementaci\u00f3n de ensayos cl\u00ednicos en el pa\u00eds es una buena noticia pero de especial preocupaci\u00f3n, debido a que en Rep\u00fablica Dominicana no existe una ley que regule los ensayos cl\u00ednicos, y la capacidad de las autoridades locales para el monitoreo de estos estudios es limitada y poco coordinada con una estrategia nacional.<\/p>\n<p>\u00abAlgunas investigaciones han sido vetadas en pa\u00edses desarrollados pero aprobadas en pa\u00edses pobres en los cuales no existen pol\u00edticas claras y las leyes son laxas al respecto\u00bb, advirti\u00f3 Canario, quien represent\u00f3 al pa\u00eds ante cientos de especialistas durante el XI Congreso Brasileiro de Bio\u00e9tica, el III Congreso Brasileiro de Bio\u00e9tica Cl\u00ednica, y la III Conferencia Internacional sobre Ense\u00f1anza de la \u00c9tica de la Asociaci\u00f3n Internacional de Ense\u00f1anza en Bio\u00e9tica (IAEE, por sus siglas en ingl\u00e9s), celebrados en Curitibia, Brasil, y en el Global Forum on Bioethics in Research, que se realiz\u00f3 en Francia, a finales del a\u00f1o pasado.<\/p>\n<p>La investigaci\u00f3n utiliz\u00f3 como fuentes el registro de investigaciones sometidas al Consejo Nacional de Bio\u00e9tica en Salud (CONABIOS), las financiadas por el Ministerio de Educaci\u00f3n Superior, Ciencia y Tecnolog\u00eda (MESCyT), el Registro Internacional de Ensayos Cl\u00ednicos, as\u00ed como el levantamiento de informaci\u00f3n en centros de investigaci\u00f3n, universidades y la consulta directa a investigadores.<\/p>\n<p>Canario cita que pa\u00edses como Costa Rica, M\u00e9xico, Brasil, Colombia, Argentina, entre otros de la regi\u00f3n cuentan con Sistemas Nacionales de Investigaci\u00f3n y de Regulaci\u00f3n \u00e9tica que protegen la participaci\u00f3n social de sus poblaciones vulnerables, incluyendo a las ind\u00edgenas, com\u00fanmente afectadas por su participaci\u00f3n en proyectos de investigaci\u00f3n.<\/p>\n<p>\u00abEstos hallazgos apuntan a la necesidad de elaborar una agenda nacional y asignaci\u00f3n de recursos para la salud como sector y espec\u00edficamente para la investigaci\u00f3n en salud que ha sido vista como un accesorio, m\u00e1s que como una necesidad de desarrollo y como mecanismo de aseguramiento de la gesti\u00f3n de la calidad de los servicios de salud\u00bb, enfatiz\u00f3 Canario.<\/p>\n<\/p>\n<h6> 2016-04-08 11:03:50 <\/h6>\n<p><!--\n<link rel=\"stylesheet\" href=\"css\/bootstrap.min.css\">\n\n\n<ul class=\"pagination\">\n\t    \n\t\n\n<li >\n\t<a href='?page_no=13276'>Previous<\/a>\n\t<\/li>\n\n\n       \n    \n\n<li><a href='?page_no=1'>1<\/a><\/li>\n\n\n\n<li><a href='?page_no=2'>2<\/a><\/li>\n\n\n\n<li><a>...<\/a><\/li>\n\n\n\n<li><a href='?page_no=13275'>13275<\/a><\/li>\n\n\n\n<li><a href='?page_no=13276'>13276<\/a><\/li>\n\n\n\n<li class='active'><a>13277<\/a><\/li>\n\n\n\n<li><a href='?page_no=13278'>13278<\/a><\/li>\n\n\n\n<li><a href='?page_no=13279'>13279<\/a><\/li>\n\n\n\n<li><a>...<\/a><\/li>\n\n\n\n<li><a href='?page_no=56169'>56169<\/a><\/li>\n\n\n\n<li><a href='?page_no=56170'>56170<\/a><\/li>\n\n    \n\t\n\n<li >\n\t<a href='?page_no=13278'>Next<\/a>\n\t<\/li>\n\n\n    \n\n<li><a href='?page_no=56170'>Last &rsaquo;&rsaquo;<\/a><\/li>\n\n<\/ul>\n\n\n--><br \/>\n<\/body><\/p>\n","protected":false},"excerpt":{"rendered":"<p>Un estudio del INTEC revela que las farmac\u00e9uticas internacionales lideran esa actividad en el pa\u00eds y plantea la necesidad de elaborar una agenda nacional de investigaci\u00f3n, con asignaci\u00f3n de recursos SANTO DOMINGO, 8 de Abril de 2016.- Los temas m\u00e1s investigados del sector Salud en Rep\u00fablica Dominicana en a\u00f1os recientes no se corresponden con los [&hellip;]<\/p>\n","protected":false},"author":3,"featured_media":0,"comment_status":"open","ping_status":"open","sticky":false,"template":"","format":"standard","meta":{"footnotes":""},"categories":[20],"tags":[],"class_list":["post-218901","post","type-post","status-publish","format-standard","hentry","category-dominicana-hoy"],"_links":{"self":[{"href":"https:\/\/diariodominicano.com\/index.php?rest_route=\/wp\/v2\/posts\/218901","targetHints":{"allow":["GET"]}}],"collection":[{"href":"https:\/\/diariodominicano.com\/index.php?rest_route=\/wp\/v2\/posts"}],"about":[{"href":"https:\/\/diariodominicano.com\/index.php?rest_route=\/wp\/v2\/types\/post"}],"author":[{"embeddable":true,"href":"https:\/\/diariodominicano.com\/index.php?rest_route=\/wp\/v2\/users\/3"}],"replies":[{"embeddable":true,"href":"https:\/\/diariodominicano.com\/index.php?rest_route=%2Fwp%2Fv2%2Fcomments&post=218901"}],"version-history":[{"count":0,"href":"https:\/\/diariodominicano.com\/index.php?rest_route=\/wp\/v2\/posts\/218901\/revisions"}],"wp:attachment":[{"href":"https:\/\/diariodominicano.com\/index.php?rest_route=%2Fwp%2Fv2%2Fmedia&parent=218901"}],"wp:term":[{"taxonomy":"category","embeddable":true,"href":"https:\/\/diariodominicano.com\/index.php?rest_route=%2Fwp%2Fv2%2Fcategories&post=218901"},{"taxonomy":"post_tag","embeddable":true,"href":"https:\/\/diariodominicano.com\/index.php?rest_route=%2Fwp%2Fv2%2Ftags&post=218901"}],"curies":[{"name":"wp","href":"https:\/\/api.w.org\/{rel}","templated":true}]}}